{"id":572332,"date":"2023-03-03T16:07:15","date_gmt":"2023-03-03T13:07:15","guid":{"rendered":"https:\/\/arantv.az\/?p=572332"},"modified":"2023-03-03T16:07:15","modified_gmt":"2023-03-03T13:07:15","slug":"ombudsman-%c9%99lilliyin-qiym%c9%99tl%c9%99ndirilm%c9%99si-il%c9%99-bagli-surundurm%c9%99ciliyin-qarsisi-alinmalidir","status":"publish","type":"post","link":"https:\/\/arantv.az\/?p=572332","title":{"rendered":"Ombudsman: \u201c\u018flilliyin qiym\u0259tl\u0259ndirilm\u0259si il\u0259 ba\u011fl\u0131 s\u00fcr\u00fcnd\u00fcrm\u0259\u00e7iliyin qar\u015f\u0131s\u0131 al\u0131nmal\u0131d\u0131r\u201d"},"content":{"rendered":"<p>Az\u0259rbaycanda \u0259lillik v\u0259ziyy\u0259tinin qiym\u0259tl\u0259ndirilm\u0259si il\u0259 ba\u011fl\u0131 r\u0259smil\u0259\u015fdirilmi\u015f g\u00f6nd\u0259ri\u015fl\u0259r\u0259 dair q\u0259rarlar\u0131n q\u0259bul edilm\u0259si zaman\u0131 yol veril\u0259n s\u00fcr\u00fcnd\u00fcrm\u0259\u00e7iliyin qar\u015f\u0131s\u0131 al\u0131nmal\u0131d\u0131r.<\/p>\n<p>\u201cReport\u201d x\u0259b\u0259r verir ki,\u00a0bu, Az\u0259rbaycan\u0131n \u0130nsan H\u00fcquqlar\u0131 \u00fczr\u0259 M\u00fcv\u0259kkili (Ombudsman) S\u0259bin\u0259 \u018fliyevan\u0131n 2022-ci il \u00fczr\u0259 illik m\u0259ruz\u0259sind\u0259 \u0259ksini tap\u0131b.<\/p>\n<p>M\u0259ruz\u0259d\u0259 \u0259lillik v\u0259ziyy\u0259tinin qiym\u0259tl\u0259ndirilm\u0259si il\u0259 ba\u011fl\u0131 r\u0259smil\u0259\u015fdirilmi\u015f g\u00f6nd\u0259ri\u015fl\u0259r\u0259 dair q\u0259rarlar\u0131n q\u0259bul edilm\u0259si zaman\u0131 s\u00fcr\u00fcnd\u00fcrm\u0259\u00e7iliyin qar\u015f\u0131s\u0131n\u0131n al\u0131nmas\u0131 v\u0259 obyektivliyin t\u0259min edilm\u0259si m\u0259qs\u0259dil\u0259 tibbi-sosial ekspert komissiyalar\u0131 il\u0259 h\u0259kim m\u0259sl\u0259h\u0259t komissiyalar\u0131 aras\u0131nda funksional \u0259laq\u0259l\u0259ndirm\u0259nin t\u0259min edilm\u0259si t\u0259klif olunur.<\/p>\n","protected":false},"excerpt":{"rendered":"<p>Az\u0259rbaycanda \u0259lillik v\u0259ziyy\u0259tinin qiym\u0259tl\u0259ndirilm\u0259si il\u0259 ba\u011fl\u0131 r\u0259smil\u0259\u015fdirilmi\u015f g\u00f6nd\u0259ri\u015fl\u0259r\u0259 dair q\u0259rarlar\u0131n q\u0259bul edilm\u0259si zaman\u0131 yol veril\u0259n s\u00fcr\u00fcnd\u00fcrm\u0259\u00e7iliyin qar\u015f\u0131s\u0131 al\u0131nmal\u0131d\u0131r. \u201cReport\u201d x\u0259b\u0259r verir ki,\u00a0bu, Az\u0259rbaycan\u0131n \u0130nsan H\u00fcquqlar\u0131 \u00fczr\u0259 M\u00fcv\u0259kkili (Ombudsman) S\u0259bin\u0259 \u018fliyevan\u0131n 2022-ci il \u00fczr\u0259 illik m\u0259ruz\u0259sind\u0259 \u0259ksini tap\u0131b. M\u0259ruz\u0259d\u0259 \u0259lillik v\u0259ziyy\u0259tinin qiym\u0259tl\u0259ndirilm\u0259si il\u0259 ba\u011fl\u0131 r\u0259smil\u0259\u015fdirilmi\u015f g\u00f6nd\u0259ri\u015fl\u0259r\u0259 dair q\u0259rarlar\u0131n q\u0259bul edilm\u0259si zaman\u0131 s\u00fcr\u00fcnd\u00fcrm\u0259\u00e7iliyin qar\u015f\u0131s\u0131n\u0131n al\u0131nmas\u0131 v\u0259 obyektivliyin t\u0259min edilm\u0259si m\u0259qs\u0259dil\u0259 tibbi-sosial ekspert komissiyalar\u0131 il\u0259 h\u0259kim m\u0259sl\u0259h\u0259t komissiyalar\u0131 aras\u0131nda funksional \u0259laq\u0259l\u0259ndirm\u0259nin t\u0259min edilm\u0259si t\u0259klif olunur.<\/p>\n","protected":false},"author":2,"featured_media":572333,"comment_status":"closed","ping_status":"closed","sticky":false,"template":"","format":"standard","meta":{"om_disable_all_campaigns":false,"_monsterinsights_skip_tracking":false,"_monsterinsights_sitenote_active":false,"_monsterinsights_sitenote_note":"","_monsterinsights_sitenote_category":0},"categories":[19],"tags":[],"aioseo_notices":[],"gutentor_comment":0,"rttpg_featured_image_url":{"full":["https:\/\/arantv.az\/wp-content\/uploads\/2023\/03\/8ec4cae5-1b29-3d91-8e34-c3db44eb5dd5_850.jpg",620,413,false],"landscape":["https:\/\/arantv.az\/wp-content\/uploads\/2023\/03\/8ec4cae5-1b29-3d91-8e34-c3db44eb5dd5_850.jpg",620,413,false],"portraits":["https:\/\/arantv.az\/wp-content\/uploads\/2023\/03\/8ec4cae5-1b29-3d91-8e34-c3db44eb5dd5_850.jpg",620,413,false],"thumbnail":["https:\/\/arantv.az\/wp-content\/uploads\/2023\/03\/8ec4cae5-1b29-3d91-8e34-c3db44eb5dd5_850-500x280.jpg",500,280,true],"medium":["https:\/\/arantv.az\/wp-content\/uploads\/2023\/03\/8ec4cae5-1b29-3d91-8e34-c3db44eb5dd5_850-548x365.jpg",548,365,true],"large":["https:\/\/arantv.az\/wp-content\/uploads\/2023\/03\/8ec4cae5-1b29-3d91-8e34-c3db44eb5dd5_850.jpg",620,413,false],"1536x1536":["https:\/\/arantv.az\/wp-content\/uploads\/2023\/03\/8ec4cae5-1b29-3d91-8e34-c3db44eb5dd5_850.jpg",620,413,false],"2048x2048":["https:\/\/arantv.az\/wp-content\/uploads\/2023\/03\/8ec4cae5-1b29-3d91-8e34-c3db44eb5dd5_850.jpg",620,413,false],"post-thumbnail":["https:\/\/arantv.az\/wp-content\/uploads\/2023\/03\/8ec4cae5-1b29-3d91-8e34-c3db44eb5dd5_850-240x172.jpg",240,172,true],"advps-thumb-one":["https:\/\/arantv.az\/wp-content\/uploads\/2023\/03\/8ec4cae5-1b29-3d91-8e34-c3db44eb5dd5_850.jpg",620,413,false]},"rttpg_author":{"display_name":"V\u00fcsal Rafiqo\u011flu","author_link":"https:\/\/arantv.az\/?author=2"},"rttpg_comment":0,"rttpg_category":"<a href=\"https:\/\/arantv.az\/?cat=19\" rel=\"category\">G\u00fcnd\u0259m<\/a>","rttpg_excerpt":"Az\u0259rbaycanda \u0259lillik v\u0259ziyy\u0259tinin qiym\u0259tl\u0259ndirilm\u0259si il\u0259 ba\u011fl\u0131 r\u0259smil\u0259\u015fdirilmi\u015f g\u00f6nd\u0259ri\u015fl\u0259r\u0259 dair q\u0259rarlar\u0131n q\u0259bul edilm\u0259si zaman\u0131 yol veril\u0259n s\u00fcr\u00fcnd\u00fcrm\u0259\u00e7iliyin qar\u015f\u0131s\u0131 al\u0131nmal\u0131d\u0131r. \u201cReport\u201d x\u0259b\u0259r verir ki,\u00a0bu, Az\u0259rbaycan\u0131n \u0130nsan H\u00fcquqlar\u0131 \u00fczr\u0259 M\u00fcv\u0259kkili (Ombudsman) S\u0259bin\u0259 \u018fliyevan\u0131n 2022-ci il \u00fczr\u0259 illik m\u0259ruz\u0259sind\u0259 \u0259ksini tap\u0131b. M\u0259ruz\u0259d\u0259 \u0259lillik v\u0259ziyy\u0259tinin qiym\u0259tl\u0259ndirilm\u0259si il\u0259 ba\u011fl\u0131 r\u0259smil\u0259\u015fdirilmi\u015f g\u00f6nd\u0259ri\u015fl\u0259r\u0259 dair q\u0259rarlar\u0131n q\u0259bul edilm\u0259si zaman\u0131 s\u00fcr\u00fcnd\u00fcrm\u0259\u00e7iliyin qar\u015f\u0131s\u0131n\u0131n al\u0131nmas\u0131 v\u0259 obyektivliyin&hellip;","_links":{"self":[{"href":"https:\/\/arantv.az\/index.php?rest_route=\/wp\/v2\/posts\/572332"}],"collection":[{"href":"https:\/\/arantv.az\/index.php?rest_route=\/wp\/v2\/posts"}],"about":[{"href":"https:\/\/arantv.az\/index.php?rest_route=\/wp\/v2\/types\/post"}],"author":[{"embeddable":true,"href":"https:\/\/arantv.az\/index.php?rest_route=\/wp\/v2\/users\/2"}],"replies":[{"embeddable":true,"href":"https:\/\/arantv.az\/index.php?rest_route=%2Fwp%2Fv2%2Fcomments&post=572332"}],"version-history":[{"count":0,"href":"https:\/\/arantv.az\/index.php?rest_route=\/wp\/v2\/posts\/572332\/revisions"}],"wp:featuredmedia":[{"embeddable":true,"href":"https:\/\/arantv.az\/index.php?rest_route=\/wp\/v2\/media\/572333"}],"wp:attachment":[{"href":"https:\/\/arantv.az\/index.php?rest_route=%2Fwp%2Fv2%2Fmedia&parent=572332"}],"wp:term":[{"taxonomy":"category","embeddable":true,"href":"https:\/\/arantv.az\/index.php?rest_route=%2Fwp%2Fv2%2Fcategories&post=572332"},{"taxonomy":"post_tag","embeddable":true,"href":"https:\/\/arantv.az\/index.php?rest_route=%2Fwp%2Fv2%2Ftags&post=572332"}],"curies":[{"name":"wp","href":"https:\/\/api.w.org\/{rel}","templated":true}]}}