{"id":572335,"date":"2023-03-03T16:07:53","date_gmt":"2023-03-03T13:07:53","guid":{"rendered":"https:\/\/arantv.az\/?p=572335"},"modified":"2023-03-03T16:07:53","modified_gmt":"2023-03-03T13:07:53","slug":"az%c9%99rbaycanda-polis-r%c9%99isi-s%c9%99n%c9%99di-m%c9%99hk%c9%99m%c9%99y%c9%99-gond%c9%99rm%c9%99diyi-ucun-bar%c9%99sind%c9%99-din-%c9%99-t%c9%99qdimat-verildi","status":"publish","type":"post","link":"https:\/\/arantv.az\/?p=572335","title":{"rendered":"Az\u0259rbaycanda polis r\u0259isi s\u0259n\u0259di m\u0259hk\u0259m\u0259y\u0259 g\u00f6nd\u0259rm\u0259diyi \u00fc\u00e7\u00fcn bar\u0259sind\u0259 D\u0130N-\u0259 t\u0259qdimat verildi"},"content":{"rendered":"<p>A\u011fcab\u0259di Rayon Polis \u015e\u00f6b\u0259sinin r\u0259isi c\u0259zaland\u0131r\u0131la bil\u0259r.<\/p>\n<div class=\"AdviadNativeVideo\"><\/div>\n<p>\u201cTrend\u201din m\u0259lumat\u0131na g\u00f6r\u0259, bu bar\u0259d\u0259 \u0130nsan Haqlar\u0131 \u00fczr\u0259 M\u00fcv\u0259kkilin (Ombudsman) \u00f6t\u0259n ilin yekunlar\u0131na dair hesabat\u0131nda bildirilib.<\/p>\n<p>Hesabatda qeyd edilir ki, \u0259riz\u0259\u00e7i Ombudsmana m\u00fcraci\u0259t ed\u0259r\u0259k, \u00f6vlad\u0131n\u0131n A\u011fcab\u0259di Rayon Polis \u015e\u00f6b\u0259sinin \u0259m\u0259kda\u015flar\u0131 t\u0259r\u0259find\u0259n \u00fc\u00e7 g\u00fcn h\u0259min \u015f\u00f6b\u0259d\u0259 qanunsuz olaraq saxlan\u0131ld\u0131\u011f\u0131n\u0131 v\u0259 bu m\u00fcdd\u0259t \u0259rzind\u0259 pis r\u0259ftara m\u0259ruz qald\u0131\u011f\u0131n\u0131 bildirib, m\u0259s\u0259l\u0259nin obyektiv ara\u015fd\u0131r\u0131lmas\u0131nda v\u0259 h\u0259min polis \u0259m\u0259kda\u015flar\u0131 bar\u0259sind\u0259 qanuni t\u0259dbirl\u0259rin g\u00f6r\u00fclm\u0259sind\u0259 k\u00f6m\u0259klik g\u00f6st\u0259rilm\u0259sini xahi\u015f edib.<\/p>\n<p>\u015eikay\u0259tl\u0259 ba\u011fl\u0131 Az\u0259rbaycan Respublikas\u0131n\u0131n Ba\u015f Prokurorlu\u011funa \u00fcnvanlanm\u0131\u015f m\u00fcraci\u0259t\u0259 verilmi\u015f cavabda inzibati h\u0259bs n\u0259z\u0259rd\u0259 tutan inzibati x\u0259ta haqq\u0131nda protokol t\u0259rtib edildikd\u0259n d\u0259rhal sonra m\u0259hk\u0259m\u0259y\u0259 g\u00f6nd\u0259rm\u0259diyi \u00fc\u00e7\u00fcn A\u011fcab\u0259di Rayon Polis \u015e\u00f6b\u0259sinin r\u0259isi bar\u0259sind\u0259 \u0130nzibati X\u0259talar M\u0259c\u0259ll\u0259sinin 596.2-ci madd\u0259si il\u0259 inzibati icraat ba\u015flanaraq v\u0259zif\u0259li \u015f\u0259xsin intizam m\u0259suliyy\u0259tin\u0259 c\u0259lb edilm\u0259si \u00fc\u00e7\u00fcn aidiyy\u0259ti \u00fczr\u0259 Az\u0259rbaycan Daxili \u0130\u015fl\u0259r Nazirliyin\u0259 t\u0259qdimat g\u00f6nd\u0259rildiyi bildirilib.<\/p>\n","protected":false},"excerpt":{"rendered":"<p>A\u011fcab\u0259di Rayon Polis \u015e\u00f6b\u0259sinin r\u0259isi c\u0259zaland\u0131r\u0131la bil\u0259r. \u201cTrend\u201din m\u0259lumat\u0131na g\u00f6r\u0259, bu bar\u0259d\u0259 \u0130nsan Haqlar\u0131 \u00fczr\u0259 M\u00fcv\u0259kkilin (Ombudsman) \u00f6t\u0259n ilin yekunlar\u0131na dair hesabat\u0131nda bildirilib. Hesabatda qeyd edilir ki, \u0259riz\u0259\u00e7i Ombudsmana m\u00fcraci\u0259t ed\u0259r\u0259k, \u00f6vlad\u0131n\u0131n A\u011fcab\u0259di Rayon Polis \u015e\u00f6b\u0259sinin \u0259m\u0259kda\u015flar\u0131 t\u0259r\u0259find\u0259n \u00fc\u00e7 g\u00fcn h\u0259min \u015f\u00f6b\u0259d\u0259 qanunsuz olaraq saxlan\u0131ld\u0131\u011f\u0131n\u0131 v\u0259 bu m\u00fcdd\u0259t \u0259rzind\u0259 pis r\u0259ftara m\u0259ruz qald\u0131\u011f\u0131n\u0131 bildirib, m\u0259s\u0259l\u0259nin obyektiv ara\u015fd\u0131r\u0131lmas\u0131nda v\u0259 h\u0259min polis \u0259m\u0259kda\u015flar\u0131 bar\u0259sind\u0259 qanuni t\u0259dbirl\u0259rin g\u00f6r\u00fclm\u0259sind\u0259 k\u00f6m\u0259klik g\u00f6st\u0259rilm\u0259sini xahi\u015f edib. \u015eikay\u0259tl\u0259 ba\u011fl\u0131 Az\u0259rbaycan Respublikas\u0131n\u0131n Ba\u015f Prokurorlu\u011funa \u00fcnvanlanm\u0131\u015f m\u00fcraci\u0259t\u0259 verilmi\u015f cavabda inzibati h\u0259bs n\u0259z\u0259rd\u0259 tutan inzibati x\u0259ta haqq\u0131nda protokol t\u0259rtib edildikd\u0259n d\u0259rhal&hellip;<\/p>\n","protected":false},"author":2,"featured_media":572336,"comment_status":"closed","ping_status":"closed","sticky":false,"template":"","format":"standard","meta":{"om_disable_all_campaigns":false,"_monsterinsights_skip_tracking":false,"_monsterinsights_sitenote_active":false,"_monsterinsights_sitenote_note":"","_monsterinsights_sitenote_category":0},"categories":[1],"tags":[],"aioseo_notices":[],"gutentor_comment":0,"rttpg_featured_image_url":{"full":["https:\/\/arantv.az\/wp-content\/uploads\/2023\/03\/aA_a.jpg",620,413,false],"landscape":["https:\/\/arantv.az\/wp-content\/uploads\/2023\/03\/aA_a.jpg",620,413,false],"portraits":["https:\/\/arantv.az\/wp-content\/uploads\/2023\/03\/aA_a.jpg",620,413,false],"thumbnail":["https:\/\/arantv.az\/wp-content\/uploads\/2023\/03\/aA_a-500x280.jpg",500,280,true],"medium":["https:\/\/arantv.az\/wp-content\/uploads\/2023\/03\/aA_a-548x365.jpg",548,365,true],"large":["https:\/\/arantv.az\/wp-content\/uploads\/2023\/03\/aA_a.jpg",620,413,false],"1536x1536":["https:\/\/arantv.az\/wp-content\/uploads\/2023\/03\/aA_a.jpg",620,413,false],"2048x2048":["https:\/\/arantv.az\/wp-content\/uploads\/2023\/03\/aA_a.jpg",620,413,false],"post-thumbnail":["https:\/\/arantv.az\/wp-content\/uploads\/2023\/03\/aA_a-240x172.jpg",240,172,true],"advps-thumb-one":["https:\/\/arantv.az\/wp-content\/uploads\/2023\/03\/aA_a.jpg",620,413,false]},"rttpg_author":{"display_name":"V\u00fcsal Rafiqo\u011flu","author_link":"https:\/\/arantv.az\/?author=2"},"rttpg_comment":0,"rttpg_category":"<a href=\"https:\/\/arantv.az\/?cat=1\" rel=\"category\">C\u0259miyy\u0259t<\/a>","rttpg_excerpt":"A\u011fcab\u0259di Rayon Polis \u015e\u00f6b\u0259sinin r\u0259isi c\u0259zaland\u0131r\u0131la bil\u0259r. \u201cTrend\u201din m\u0259lumat\u0131na g\u00f6r\u0259, bu bar\u0259d\u0259 \u0130nsan Haqlar\u0131 \u00fczr\u0259 M\u00fcv\u0259kkilin (Ombudsman) \u00f6t\u0259n ilin yekunlar\u0131na dair hesabat\u0131nda bildirilib. Hesabatda qeyd edilir ki, \u0259riz\u0259\u00e7i Ombudsmana m\u00fcraci\u0259t ed\u0259r\u0259k, \u00f6vlad\u0131n\u0131n A\u011fcab\u0259di Rayon Polis \u015e\u00f6b\u0259sinin \u0259m\u0259kda\u015flar\u0131 t\u0259r\u0259find\u0259n \u00fc\u00e7 g\u00fcn h\u0259min \u015f\u00f6b\u0259d\u0259 qanunsuz olaraq saxlan\u0131ld\u0131\u011f\u0131n\u0131 v\u0259 bu m\u00fcdd\u0259t \u0259rzind\u0259 pis r\u0259ftara m\u0259ruz qald\u0131\u011f\u0131n\u0131 bildirib, m\u0259s\u0259l\u0259nin&hellip;","_links":{"self":[{"href":"https:\/\/arantv.az\/index.php?rest_route=\/wp\/v2\/posts\/572335"}],"collection":[{"href":"https:\/\/arantv.az\/index.php?rest_route=\/wp\/v2\/posts"}],"about":[{"href":"https:\/\/arantv.az\/index.php?rest_route=\/wp\/v2\/types\/post"}],"author":[{"embeddable":true,"href":"https:\/\/arantv.az\/index.php?rest_route=\/wp\/v2\/users\/2"}],"replies":[{"embeddable":true,"href":"https:\/\/arantv.az\/index.php?rest_route=%2Fwp%2Fv2%2Fcomments&post=572335"}],"version-history":[{"count":0,"href":"https:\/\/arantv.az\/index.php?rest_route=\/wp\/v2\/posts\/572335\/revisions"}],"wp:featuredmedia":[{"embeddable":true,"href":"https:\/\/arantv.az\/index.php?rest_route=\/wp\/v2\/media\/572336"}],"wp:attachment":[{"href":"https:\/\/arantv.az\/index.php?rest_route=%2Fwp%2Fv2%2Fmedia&parent=572335"}],"wp:term":[{"taxonomy":"category","embeddable":true,"href":"https:\/\/arantv.az\/index.php?rest_route=%2Fwp%2Fv2%2Fcategories&post=572335"},{"taxonomy":"post_tag","embeddable":true,"href":"https:\/\/arantv.az\/index.php?rest_route=%2Fwp%2Fv2%2Ftags&post=572335"}],"curies":[{"name":"wp","href":"https:\/\/api.w.org\/{rel}","templated":true}]}}