{"id":572368,"date":"2023-03-03T17:23:14","date_gmt":"2023-03-03T14:23:14","guid":{"rendered":"https:\/\/arantv.az\/?p=572368"},"modified":"2023-03-03T17:23:14","modified_gmt":"2023-03-03T14:23:14","slug":"43-yasini-tamamlayan-ilham-z%c9%99kiyev-karyerami-bitirm%c9%99k-bar%c9%99d%c9%99-fikirl%c9%99smir%c9%99m","status":"publish","type":"post","link":"https:\/\/arantv.az\/?p=572368","title":{"rendered":"43 ya\u015f\u0131n\u0131 tamamlayan \u0130lham Z\u0259kiyev: \u201cKaryeram\u0131 bitirm\u0259k bar\u0259d\u0259 fikirl\u0259\u015fmir\u0259m\u201d"},"content":{"rendered":"<p>Bu g\u00fcn Az\u0259rbaycan paralimpiya c\u00fcdo\u00e7usu \u0130lham Z\u0259kiyevin do\u011fum g\u00fcn\u00fcd\u00fcr. \u0130kiqat Paralimpiya Oyunlar\u0131, ikiqat d\u00fcnya v\u0259 s\u0259kkizqat Avropa \u00e7empionu, 2015-ci ild\u0259 ke\u00e7irilmi\u015f Avropa Oyunlar\u0131n\u0131n qalibi 43 ya\u015f\u0131n\u0131 tamamlay\u0131r.<\/p>\n<p>Do\u011fum g\u00fcn\u00fc m\u00fcnasib\u0259til\u0259 Z\u0259kiyevl\u0259 \u0259laq\u0259 saxlay\u0131b, hissl\u0259rini \u00f6yr\u0259ndik.\u00a0<strong>\u0130lham Z\u0259kiyev<\/strong>\u00a0Oxu.Az\u00a0sayt\u0131na a\u00e7\u0131qlamas\u0131nda idman\u00e7\u0131 kimi \u00f6z\u00fcn\u00fc yax\u015f\u0131 hiss etdiyini, g\u00fcc\u00fc \u00e7atd\u0131\u011f\u0131 q\u0259d\u0259r yar\u0131\u015faca\u011f\u0131n\u0131 bildirib:<\/p>\n<div class=\"AdviadNativeVideo\"><\/div>\n<p>\u201cDiqq\u0259tiniz\u0259 g\u00f6r\u0259 minn\u0259tdaram. \u00c7oxlu t\u0259brik mesajlar\u0131 al\u0131ram. \u0130dman\u00e7\u0131 kimi \u00f6z\u00fcm\u00fc yax\u015f\u0131 hiss edir\u0259m. Z\u0259d\u0259l\u0259rimi\u00a0m\u00fcalic\u0259 edib n\u00f6vb\u0259ti yar\u0131\u015flara haz\u0131rla\u015f\u0131ram. M\u0259nim \u00fc\u00e7\u00fcn ya\u015f limiti yoxdur. N\u0259 q\u0259d\u0259r davam edir, g\u00fcl\u0259\u015f\u0259c\u0259y\u0259m, in\u015fallah. Allah Az\u0259rbaycan bayra\u011f\u0131 alt\u0131nda yar\u0131\u015fan b\u00fct\u00fcn idman\u00e7\u0131lar\u0131 b\u00f6y\u00fck z\u0259d\u0259l\u0259rd\u0259n qorusun. Karyeram\u0131 bitirm\u0259k bar\u0259d\u0259 fikirl\u0259\u015fmir\u0259m\u201d.<\/p>\n<p>M\u0259\u015fhur parac\u00fcdo\u00e7u u\u011fur \u0259ld\u0259 etdiyi b\u00fct\u00fcn yar\u0131\u015flar\u0131n onun \u00fc\u00e7\u00fcn unudulmaz oldu\u011funu deyib. Onun s\u00f6zl\u0259rin\u0259 g\u00f6r\u0259, 44 g\u00fcnl\u00fck V\u0259t\u0259n m\u00fcharib\u0259sind\u0259n sonra qalib \u00f6lk\u0259nin idman\u00e7\u0131s\u0131 kimi yar\u0131\u015fmaq x\u00fcsusi motivasiyad\u0131r:<\/p>\n<p>\u201cMedal qazand\u0131\u011f\u0131m g\u00f6r\u00fc\u015fl\u0259rin h\u0259r biri saniy\u0259sin\u0259 kimi yadda\u015f\u0131mdad\u0131r. \u0130lk d\u0259f\u0259 Yunan\u0131stan\u0131n paytaxt\u0131 Afinada paralimpiya \u00e7empionu olma\u011f\u0131m x\u00fcsusi idi. Pekind\u0259 titulu qorumaq da f\u0259rqli hissl\u0259r b\u0259x\u015f etdi. T\u0259kc\u0259 Londonda 3-c\u00fc q\u0131z\u0131l\u0131 qazana bilm\u0259diyim\u0259 g\u00f6r\u0259 t\u0259\u0259ss\u00fcfl\u0259nir\u0259m. Avropa Oyunlar\u0131nda is\u0259 Prezident\u00a0<strong>\u0130lham \u018fliyevin<\/strong>\u00a0finala baxma\u011fa g\u0259ldiyini dedil\u0259r. Orada tam ba\u015fqa hissl\u0259r, m\u0259suliyy\u0259t var idi. Son Tokio Paralimpiya Oyunlar\u0131n\u0131 x\u00fcsusi vur\u011fulamaq ist\u0259yir\u0259m. Biz qalib \u00f6lk\u0259nin idman\u00e7\u0131lar\u0131 kimi getmi\u015fdik. Ham\u0131 ora y\u00fcks\u0259k \u0259hvali-ruhiyy\u0259 il\u0259 qat\u0131lm\u0131\u015fd\u0131. Qalib \u00f6lk\u0259ni t\u0259msil etm\u0259k x\u00fcsusi motivasiya, \u0259lav\u0259 g\u00fcc verir. \u0130kinci g\u00f6r\u00fc\u015fd\u0259 sol aya\u011f\u0131m\u0131n iki barma\u011f\u0131 s\u0131nd\u0131. Amma biz 44 g\u00fcnl\u00fck V\u0259t\u0259n m\u00fcharib\u0259si zaman\u0131 d\u0259f\u0259l\u0259rl\u0259 \u015fahid olduq ki, h\u0259rb\u00e7il\u0259rimiz yaral\u0131 v\u0259ziyy\u0259td\u0259 d\u0259 d\u00f6y\u00fc\u015f\u00fc davam etdirirl\u0259r. Ona g\u00f6r\u0259 d\u0259 barmaqlar\u0131m\u0131n s\u0131nd\u0131\u011f\u0131n\u0131 he\u00e7 h\u0259kiml\u0259r\u0259 d\u0259 bildirm\u0259dim. Sad\u0259c\u0259 sar\u0131d\u0131m v\u0259 davam etdim. A\u011fr\u0131lara baxmayaraq, b\u00fcr\u00fcnc medalla V\u0259t\u0259n\u0259 qay\u0131td\u0131m. Sa\u011f olsun, d\u00f6vl\u0259t ba\u015f\u00e7\u0131s\u0131\u00a0d\u0259 bunu y\u00fcks\u0259k qiym\u0259tl\u0259ndirdi v\u0259 m\u0259ni 1-ci d\u0259r\u0259c\u0259li \u201cV\u0259t\u0259n\u0259 xidm\u0259t\u0259 g\u00f6r\u0259\u201d ordeni il\u0259 t\u0259ltif etdi\u201d.<\/p>\n<p>Z\u0259kiyev g\u0259l\u0259c\u0259k planlar\u0131ndan b\u0259hs edib. O, bu il bir ne\u00e7\u0259 beyn\u0259lxalq yar\u0131\u015fda i\u015ftirak ed\u0259c\u0259yini bildirib:<\/p>\n<p>\u201cG\u0259l\u0259n h\u0259ft\u0259 Misirin \u0130sg\u0259nd\u0259riyy\u0259 \u015f\u0259h\u0259rind\u0259 Qran-pri yar\u0131\u015f\u0131 start g\u00f6t\u00fcr\u0259c\u0259k. Mart\u0131n 11-d\u0259 yola d\u00fc\u015f\u0259c\u0259yik. Avqustda daha iki yar\u0131\u015f olacaq. \u0130ngilt\u0259r\u0259d\u0259 d\u00fcnya oyunlar\u0131, Niderlandda Avropa \u00e7empionat\u0131 t\u0259\u015fkil edil\u0259c\u0259k. Sentyabrda Bak\u0131da Qran-pri olacaq. \u0130lin son yar\u0131\u015f\u0131 is\u0259 dekabrda Tokioda ke\u00e7iril\u0259c\u0259k n\u00f6vb\u0259ti Qran-pridir. H\u0259d\u0259fd\u0259 g\u0259l\u0259n il Parisd\u0259 t\u0259\u015fkil olunacaq Paralimpiya Oyunlar\u0131d\u0131r. Ondan qabaq lisenziya yar\u0131\u015flar\u0131nda reytinq xallar\u0131 toplamal\u0131y\u0131q ki, orada m\u00fcbariz\u0259 aparmaq imkan\u0131 qazanaq\u201d.<\/p>\n","protected":false},"excerpt":{"rendered":"<p>Bu g\u00fcn Az\u0259rbaycan paralimpiya c\u00fcdo\u00e7usu \u0130lham Z\u0259kiyevin do\u011fum g\u00fcn\u00fcd\u00fcr. \u0130kiqat Paralimpiya Oyunlar\u0131, ikiqat d\u00fcnya v\u0259 s\u0259kkizqat Avropa \u00e7empionu, 2015-ci ild\u0259 ke\u00e7irilmi\u015f Avropa Oyunlar\u0131n\u0131n qalibi 43 ya\u015f\u0131n\u0131 tamamlay\u0131r. Do\u011fum g\u00fcn\u00fc m\u00fcnasib\u0259til\u0259 Z\u0259kiyevl\u0259 \u0259laq\u0259 saxlay\u0131b, hissl\u0259rini \u00f6yr\u0259ndik.\u00a0\u0130lham Z\u0259kiyev\u00a0Oxu.Az\u00a0sayt\u0131na a\u00e7\u0131qlamas\u0131nda idman\u00e7\u0131 kimi \u00f6z\u00fcn\u00fc yax\u015f\u0131 hiss etdiyini, g\u00fcc\u00fc \u00e7atd\u0131\u011f\u0131 q\u0259d\u0259r yar\u0131\u015faca\u011f\u0131n\u0131 bildirib: \u201cDiqq\u0259tiniz\u0259 g\u00f6r\u0259 minn\u0259tdaram. \u00c7oxlu t\u0259brik mesajlar\u0131 al\u0131ram. \u0130dman\u00e7\u0131 kimi \u00f6z\u00fcm\u00fc yax\u015f\u0131 hiss edir\u0259m. Z\u0259d\u0259l\u0259rimi\u00a0m\u00fcalic\u0259 edib n\u00f6vb\u0259ti yar\u0131\u015flara haz\u0131rla\u015f\u0131ram. M\u0259nim \u00fc\u00e7\u00fcn ya\u015f limiti yoxdur. N\u0259 q\u0259d\u0259r davam edir, g\u00fcl\u0259\u015f\u0259c\u0259y\u0259m, in\u015fallah. Allah Az\u0259rbaycan bayra\u011f\u0131 alt\u0131nda yar\u0131\u015fan b\u00fct\u00fcn idman\u00e7\u0131lar\u0131 b\u00f6y\u00fck z\u0259d\u0259l\u0259rd\u0259n qorusun. Karyeram\u0131 bitirm\u0259k bar\u0259d\u0259&hellip;<\/p>\n","protected":false},"author":2,"featured_media":572369,"comment_status":"closed","ping_status":"closed","sticky":false,"template":"","format":"standard","meta":{"om_disable_all_campaigns":false,"_monsterinsights_skip_tracking":false,"_monsterinsights_sitenote_active":false,"_monsterinsights_sitenote_note":"","_monsterinsights_sitenote_category":0},"categories":[6],"tags":[],"aioseo_notices":[],"gutentor_comment":0,"rttpg_featured_image_url":{"full":["https:\/\/arantv.az\/wp-content\/uploads\/2023\/03\/MYuhvt83RwqhTO1Cct7QjBq3Uu7J5lP5hALZ4Etl.jpg",620,413,false],"landscape":["https:\/\/arantv.az\/wp-content\/uploads\/2023\/03\/MYuhvt83RwqhTO1Cct7QjBq3Uu7J5lP5hALZ4Etl.jpg",620,413,false],"portraits":["https:\/\/arantv.az\/wp-content\/uploads\/2023\/03\/MYuhvt83RwqhTO1Cct7QjBq3Uu7J5lP5hALZ4Etl.jpg",620,413,false],"thumbnail":["https:\/\/arantv.az\/wp-content\/uploads\/2023\/03\/MYuhvt83RwqhTO1Cct7QjBq3Uu7J5lP5hALZ4Etl-500x280.jpg",500,280,true],"medium":["https:\/\/arantv.az\/wp-content\/uploads\/2023\/03\/MYuhvt83RwqhTO1Cct7QjBq3Uu7J5lP5hALZ4Etl-548x365.jpg",548,365,true],"large":["https:\/\/arantv.az\/wp-content\/uploads\/2023\/03\/MYuhvt83RwqhTO1Cct7QjBq3Uu7J5lP5hALZ4Etl.jpg",620,413,false],"1536x1536":["https:\/\/arantv.az\/wp-content\/uploads\/2023\/03\/MYuhvt83RwqhTO1Cct7QjBq3Uu7J5lP5hALZ4Etl.jpg",620,413,false],"2048x2048":["https:\/\/arantv.az\/wp-content\/uploads\/2023\/03\/MYuhvt83RwqhTO1Cct7QjBq3Uu7J5lP5hALZ4Etl.jpg",620,413,false],"post-thumbnail":["https:\/\/arantv.az\/wp-content\/uploads\/2023\/03\/MYuhvt83RwqhTO1Cct7QjBq3Uu7J5lP5hALZ4Etl-240x172.jpg",240,172,true],"advps-thumb-one":["https:\/\/arantv.az\/wp-content\/uploads\/2023\/03\/MYuhvt83RwqhTO1Cct7QjBq3Uu7J5lP5hALZ4Etl.jpg",620,413,false]},"rttpg_author":{"display_name":"V\u00fcsal Rafiqo\u011flu","author_link":"https:\/\/arantv.az\/?author=2"},"rttpg_comment":0,"rttpg_category":"<a href=\"https:\/\/arantv.az\/?cat=6\" rel=\"category\">\u0130dman<\/a>","rttpg_excerpt":"Bu g\u00fcn Az\u0259rbaycan paralimpiya c\u00fcdo\u00e7usu \u0130lham Z\u0259kiyevin do\u011fum g\u00fcn\u00fcd\u00fcr. \u0130kiqat Paralimpiya Oyunlar\u0131, ikiqat d\u00fcnya v\u0259 s\u0259kkizqat Avropa \u00e7empionu, 2015-ci ild\u0259 ke\u00e7irilmi\u015f Avropa Oyunlar\u0131n\u0131n qalibi 43 ya\u015f\u0131n\u0131 tamamlay\u0131r. Do\u011fum g\u00fcn\u00fc m\u00fcnasib\u0259til\u0259 Z\u0259kiyevl\u0259 \u0259laq\u0259 saxlay\u0131b, hissl\u0259rini \u00f6yr\u0259ndik.\u00a0\u0130lham Z\u0259kiyev\u00a0Oxu.Az\u00a0sayt\u0131na a\u00e7\u0131qlamas\u0131nda idman\u00e7\u0131 kimi \u00f6z\u00fcn\u00fc yax\u015f\u0131 hiss etdiyini, g\u00fcc\u00fc \u00e7atd\u0131\u011f\u0131 q\u0259d\u0259r yar\u0131\u015faca\u011f\u0131n\u0131 bildirib: \u201cDiqq\u0259tiniz\u0259 g\u00f6r\u0259 minn\u0259tdaram. \u00c7oxlu t\u0259brik mesajlar\u0131 al\u0131ram.&hellip;","_links":{"self":[{"href":"https:\/\/arantv.az\/index.php?rest_route=\/wp\/v2\/posts\/572368"}],"collection":[{"href":"https:\/\/arantv.az\/index.php?rest_route=\/wp\/v2\/posts"}],"about":[{"href":"https:\/\/arantv.az\/index.php?rest_route=\/wp\/v2\/types\/post"}],"author":[{"embeddable":true,"href":"https:\/\/arantv.az\/index.php?rest_route=\/wp\/v2\/users\/2"}],"replies":[{"embeddable":true,"href":"https:\/\/arantv.az\/index.php?rest_route=%2Fwp%2Fv2%2Fcomments&post=572368"}],"version-history":[{"count":0,"href":"https:\/\/arantv.az\/index.php?rest_route=\/wp\/v2\/posts\/572368\/revisions"}],"wp:featuredmedia":[{"embeddable":true,"href":"https:\/\/arantv.az\/index.php?rest_route=\/wp\/v2\/media\/572369"}],"wp:attachment":[{"href":"https:\/\/arantv.az\/index.php?rest_route=%2Fwp%2Fv2%2Fmedia&parent=572368"}],"wp:term":[{"taxonomy":"category","embeddable":true,"href":"https:\/\/arantv.az\/index.php?rest_route=%2Fwp%2Fv2%2Fcategories&post=572368"},{"taxonomy":"post_tag","embeddable":true,"href":"https:\/\/arantv.az\/index.php?rest_route=%2Fwp%2Fv2%2Ftags&post=572368"}],"curies":[{"name":"wp","href":"https:\/\/api.w.org\/{rel}","templated":true}]}}