{"id":572371,"date":"2023-03-03T17:23:54","date_gmt":"2023-03-03T14:23:54","guid":{"rendered":"https:\/\/arantv.az\/?p=572371"},"modified":"2023-03-03T17:23:54","modified_gmt":"2023-03-03T14:23:54","slug":"q%c9%99rbi-az%c9%99rbaycan-icmasi-nikol-pasinyana-cavab-verib","status":"publish","type":"post","link":"https:\/\/arantv.az\/?p=572371","title":{"rendered":"Q\u0259rbi Az\u0259rbaycan \u0130cmas\u0131 Nikol Pa\u015finyana cavab verib"},"content":{"rendered":"<p>\u201cErm\u0259nistan\u0131n ba\u015f naziri Nikol Pa\u015finyan Alman Xarici \u018flaq\u0259l\u0259r \u015euras\u0131nda (DGAP) bug\u00fcnk\u00fc \u00e7\u0131x\u0131\u015f\u0131nda Erm\u0259nistandan qovulmu\u015f az\u0259rbaycanl\u0131lar\u0131n geri qay\u0131tmas\u0131na \u015f\u0259raitin yarad\u0131lmas\u0131 bar\u0259d\u0259 \u00e7a\u011f\u0131r\u0131\u015flar\u0131 Erm\u0259nistan\u0131n \u0259razi b\u00fct\u00f6vl\u00fcy\u00fc v\u0259 suverenliyin\u0259 t\u0259sir ed\u0259n bir hal kimi q\u0259l\u0259m\u0259 verm\u0259y\u0259 c\u0259hd edib. Biz ba\u015f nazir\u0259 xat\u0131rlatmaq ist\u0259rdik ki, etnik t\u0259mizl\u0259m\u0259 insanl\u0131q \u0259leyhin\u0259 cinay\u0259tdir v\u0259 Erm\u0259nistandan qovulmu\u015f az\u0259rbaycanl\u0131lar\u0131n \u00f6z evl\u0259rin\u0259 t\u0259hl\u00fck\u0259siz v\u0259 l\u0259yaq\u0259tli \u015f\u0259kild\u0259 qay\u0131tmalar\u0131 t\u0259m\u0259l insan haqlar\u0131d\u0131r\u201d.<\/p>\n<div class=\"AdviadNativeVideo\"><\/div>\n<p>Bu fikirl\u0259r Q\u0259rbi Az\u0259rbaycan \u0130cmas\u0131n\u0131n m\u00f6vzu il\u0259 ba\u011fl\u0131 a\u00e7\u0131qlamas\u0131nda bildirilib.<\/p>\n<p>Qeyd olunub ki, Erm\u0259nistandan qovulmu\u015f az\u0259rbaycanl\u0131lar\u0131n \u00f6z evl\u0259rin\u0259 geri qay\u0131tmas\u0131na \u015f\u0259rait yaratmaq Erm\u0259nistan\u0131n BMT-nin Nizamnam\u0259si, \u00dcmumd\u00fcnya \u0130nsan H\u00fcquqlar\u0131 B\u0259yannam\u0259si, Avropa \u0130nsan H\u00fcquqlar\u0131 Konvensiyas\u0131, M\u00fclki v\u0259 Siyasi H\u00fcquqlar \u00fczr\u0259 Beyn\u0259lxalq Pakt v\u0259 dig\u0259r m\u00fch\u00fcm beyn\u0259lxalq s\u0259n\u0259dl\u0259rd\u0259n ir\u0259li g\u0259l\u0259n \u00f6hd\u0259liyidir:<\/p>\n<p>\u201cH\u0259m\u00e7inin Erm\u0259nistandan qovulmu\u015f az\u0259rbaycanl\u0131lar\u0131n h\u00fcquqlar\u0131n\u0131n t\u0259min olunmas\u0131 regional s\u00fclh v\u0259 t\u0259hl\u00fck\u0259sizliyin b\u0259rq\u0259rar olmas\u0131n\u0131n z\u0259ruri \u015f\u0259rtidir. Biz s\u00fclh yolu il\u0259, t\u0259hl\u00fck\u0259siz v\u0259 l\u0259yaq\u0259tli \u015f\u0259kild\u0259 geri qay\u0131d\u0131\u015fa dair konsepsiyam\u0131z\u0131 haz\u0131rlay\u0131b ictimaiyy\u0259t\u0259 b\u0259yan etmi\u015fik. Biz bir daha Ba\u015f nazir Pa\u015finyan\u0131 Erm\u0259nistandan qovulmu\u015f az\u0259rbaycanl\u0131lar\u0131n \u00f6z evl\u0259rin\u0259 t\u0259hl\u00fck\u0259siz v\u0259 l\u0259yaq\u0259tli \u015f\u0259kild\u0259 qay\u0131tmalar\u0131na \u015f\u0259rait yaratmaq \u00fc\u00e7\u00fcn m\u00fcvafiq beyn\u0259lxalq proses \u00e7\u0259r\u00e7iv\u0259sind\u0259 d\u0259rhal \u0130cma il\u0259 dan\u0131\u015f\u0131qlara ba\u015flama\u011fa \u00e7a\u011f\u0131r\u0131r\u0131q\u201d.<\/p>\n","protected":false},"excerpt":{"rendered":"<p>\u201cErm\u0259nistan\u0131n ba\u015f naziri Nikol Pa\u015finyan Alman Xarici \u018flaq\u0259l\u0259r \u015euras\u0131nda (DGAP) bug\u00fcnk\u00fc \u00e7\u0131x\u0131\u015f\u0131nda Erm\u0259nistandan qovulmu\u015f az\u0259rbaycanl\u0131lar\u0131n geri qay\u0131tmas\u0131na \u015f\u0259raitin yarad\u0131lmas\u0131 bar\u0259d\u0259 \u00e7a\u011f\u0131r\u0131\u015flar\u0131 Erm\u0259nistan\u0131n \u0259razi b\u00fct\u00f6vl\u00fcy\u00fc v\u0259 suverenliyin\u0259 t\u0259sir ed\u0259n bir hal kimi q\u0259l\u0259m\u0259 verm\u0259y\u0259 c\u0259hd edib. Biz ba\u015f nazir\u0259 xat\u0131rlatmaq ist\u0259rdik ki, etnik t\u0259mizl\u0259m\u0259 insanl\u0131q \u0259leyhin\u0259 cinay\u0259tdir v\u0259 Erm\u0259nistandan qovulmu\u015f az\u0259rbaycanl\u0131lar\u0131n \u00f6z evl\u0259rin\u0259 t\u0259hl\u00fck\u0259siz v\u0259 l\u0259yaq\u0259tli \u015f\u0259kild\u0259 qay\u0131tmalar\u0131 t\u0259m\u0259l insan haqlar\u0131d\u0131r\u201d. Bu fikirl\u0259r Q\u0259rbi Az\u0259rbaycan \u0130cmas\u0131n\u0131n m\u00f6vzu il\u0259 ba\u011fl\u0131 a\u00e7\u0131qlamas\u0131nda bildirilib. Qeyd olunub ki, Erm\u0259nistandan qovulmu\u015f az\u0259rbaycanl\u0131lar\u0131n \u00f6z evl\u0259rin\u0259 geri qay\u0131tmas\u0131na \u015f\u0259rait yaratmaq Erm\u0259nistan\u0131n BMT-nin Nizamnam\u0259si, \u00dcmumd\u00fcnya \u0130nsan H\u00fcquqlar\u0131 B\u0259yannam\u0259si, Avropa&hellip;<\/p>\n","protected":false},"author":2,"featured_media":572372,"comment_status":"closed","ping_status":"closed","sticky":false,"template":"","format":"standard","meta":{"om_disable_all_campaigns":false,"_monsterinsights_skip_tracking":false,"_monsterinsights_sitenote_active":false,"_monsterinsights_sitenote_note":"","_monsterinsights_sitenote_category":0},"categories":[4],"tags":[],"aioseo_notices":[],"gutentor_comment":0,"rttpg_featured_image_url":{"full":["https:\/\/arantv.az\/wp-content\/uploads\/2023\/03\/qer.jpg",620,413,false],"landscape":["https:\/\/arantv.az\/wp-content\/uploads\/2023\/03\/qer.jpg",620,413,false],"portraits":["https:\/\/arantv.az\/wp-content\/uploads\/2023\/03\/qer.jpg",620,413,false],"thumbnail":["https:\/\/arantv.az\/wp-content\/uploads\/2023\/03\/qer-500x280.jpg",500,280,true],"medium":["https:\/\/arantv.az\/wp-content\/uploads\/2023\/03\/qer-548x365.jpg",548,365,true],"large":["https:\/\/arantv.az\/wp-content\/uploads\/2023\/03\/qer.jpg",620,413,false],"1536x1536":["https:\/\/arantv.az\/wp-content\/uploads\/2023\/03\/qer.jpg",620,413,false],"2048x2048":["https:\/\/arantv.az\/wp-content\/uploads\/2023\/03\/qer.jpg",620,413,false],"post-thumbnail":["https:\/\/arantv.az\/wp-content\/uploads\/2023\/03\/qer-240x172.jpg",240,172,true],"advps-thumb-one":["https:\/\/arantv.az\/wp-content\/uploads\/2023\/03\/qer.jpg",620,413,false]},"rttpg_author":{"display_name":"V\u00fcsal Rafiqo\u011flu","author_link":"https:\/\/arantv.az\/?author=2"},"rttpg_comment":0,"rttpg_category":"<a href=\"https:\/\/arantv.az\/?cat=4\" rel=\"category\">Siyas\u0259t<\/a>","rttpg_excerpt":"\u201cErm\u0259nistan\u0131n ba\u015f naziri Nikol Pa\u015finyan Alman Xarici \u018flaq\u0259l\u0259r \u015euras\u0131nda (DGAP) bug\u00fcnk\u00fc \u00e7\u0131x\u0131\u015f\u0131nda Erm\u0259nistandan qovulmu\u015f az\u0259rbaycanl\u0131lar\u0131n geri qay\u0131tmas\u0131na \u015f\u0259raitin yarad\u0131lmas\u0131 bar\u0259d\u0259 \u00e7a\u011f\u0131r\u0131\u015flar\u0131 Erm\u0259nistan\u0131n \u0259razi b\u00fct\u00f6vl\u00fcy\u00fc v\u0259 suverenliyin\u0259 t\u0259sir ed\u0259n bir hal kimi q\u0259l\u0259m\u0259 verm\u0259y\u0259 c\u0259hd edib. Biz ba\u015f nazir\u0259 xat\u0131rlatmaq ist\u0259rdik ki, etnik t\u0259mizl\u0259m\u0259 insanl\u0131q \u0259leyhin\u0259 cinay\u0259tdir v\u0259 Erm\u0259nistandan qovulmu\u015f az\u0259rbaycanl\u0131lar\u0131n \u00f6z evl\u0259rin\u0259 t\u0259hl\u00fck\u0259siz v\u0259 l\u0259yaq\u0259tli&hellip;","_links":{"self":[{"href":"https:\/\/arantv.az\/index.php?rest_route=\/wp\/v2\/posts\/572371"}],"collection":[{"href":"https:\/\/arantv.az\/index.php?rest_route=\/wp\/v2\/posts"}],"about":[{"href":"https:\/\/arantv.az\/index.php?rest_route=\/wp\/v2\/types\/post"}],"author":[{"embeddable":true,"href":"https:\/\/arantv.az\/index.php?rest_route=\/wp\/v2\/users\/2"}],"replies":[{"embeddable":true,"href":"https:\/\/arantv.az\/index.php?rest_route=%2Fwp%2Fv2%2Fcomments&post=572371"}],"version-history":[{"count":0,"href":"https:\/\/arantv.az\/index.php?rest_route=\/wp\/v2\/posts\/572371\/revisions"}],"wp:featuredmedia":[{"embeddable":true,"href":"https:\/\/arantv.az\/index.php?rest_route=\/wp\/v2\/media\/572372"}],"wp:attachment":[{"href":"https:\/\/arantv.az\/index.php?rest_route=%2Fwp%2Fv2%2Fmedia&parent=572371"}],"wp:term":[{"taxonomy":"category","embeddable":true,"href":"https:\/\/arantv.az\/index.php?rest_route=%2Fwp%2Fv2%2Fcategories&post=572371"},{"taxonomy":"post_tag","embeddable":true,"href":"https:\/\/arantv.az\/index.php?rest_route=%2Fwp%2Fv2%2Ftags&post=572371"}],"curies":[{"name":"wp","href":"https:\/\/api.w.org\/{rel}","templated":true}]}}