{"id":572374,"date":"2023-03-03T17:24:35","date_gmt":"2023-03-03T14:24:35","guid":{"rendered":"https:\/\/arantv.az\/?p=572374"},"modified":"2023-03-03T17:24:35","modified_gmt":"2023-03-03T14:24:35","slug":"r%c9%99sad-daglinin-h%c9%99bs-mudd%c9%99tinin-uzadilmasi-il%c9%99-bagli-m%c9%99hk%c9%99m%c9%99y%c9%99-t%c9%99qdimat-verildi","status":"publish","type":"post","link":"https:\/\/arantv.az\/?p=572374","title":{"rendered":"R\u0259\u015fad Da\u011fl\u0131n\u0131n h\u0259bs m\u00fcdd\u0259tinin uzad\u0131lmas\u0131 il\u0259 ba\u011fl\u0131 m\u0259hk\u0259m\u0259y\u0259 t\u0259qdimat verildi"},"content":{"rendered":"<p>Tan\u0131\u015f\u0131n\u0131 q\u0259tl\u0259 yetirm\u0259kd\u0259 ittiham olunan meyxana\u00e7\u0131 R\u0259\u015fad Da\u011fl\u0131 (\u018fmirov) bar\u0259sind\u0259 se\u00e7ilmi\u015f h\u0259bs-q\u0259timkan t\u0259dbirinin uzad\u0131lmas\u0131 il\u0259 ba\u011fl\u0131 t\u0259qdimat verilib.<\/p>\n<div class=\"AdviadNativeVideo\"><\/div>\n<p>APA-n\u0131n \u0259ld\u0259 etdiyi x\u0259b\u0259r\u0259 g\u00f6r\u0259, istintaq orqan\u0131 t\u0259r\u0259find\u0259n g\u00f6nd\u0259ril\u0259n t\u0259qdimata Qarada\u011f Rayon M\u0259hk\u0259m\u0259sind\u0259 bax\u0131lacaq.<\/p>\n<p>Qeyd ed\u0259k ki, R\u0259\u015fad Da\u011fl\u0131 \u0259vv\u0259ld\u0259n tan\u0131d\u0131\u011f\u0131 1979-cu il t\u0259v\u0259ll\u00fcdl\u00fc \u0130sg\u0259nd\u0259r Mehdiyevi bir ne\u00e7\u0259 b\u0131\u00e7aq z\u0259rb\u0259si il\u0259 q\u0259tl\u0259 yetirib.<\/p>\n<p>Hadis\u0259 3 ay \u0259vv\u0259l Qarada\u011f rayonunun L\u00f6kbatan q\u0259s\u0259b\u0259sind\u0259 qeyd\u0259 al\u0131n\u0131b.<\/p>\n<p>R\u0259\u015fad Da\u011fl\u0131 bar\u0259sind\u0259 h\u0259bs q\u0259timkan t\u0259dbiri se\u00e7ilib. Meyxana\u00e7\u0131 ilkin ifad\u0259sind\u0259 hadis\u0259ni t\u0259hqir\u0259 g\u00f6r\u0259 t\u00f6r\u0259tdiyini deyib.<\/p>\n","protected":false},"excerpt":{"rendered":"<p>Tan\u0131\u015f\u0131n\u0131 q\u0259tl\u0259 yetirm\u0259kd\u0259 ittiham olunan meyxana\u00e7\u0131 R\u0259\u015fad Da\u011fl\u0131 (\u018fmirov) bar\u0259sind\u0259 se\u00e7ilmi\u015f h\u0259bs-q\u0259timkan t\u0259dbirinin uzad\u0131lmas\u0131 il\u0259 ba\u011fl\u0131 t\u0259qdimat verilib. APA-n\u0131n \u0259ld\u0259 etdiyi x\u0259b\u0259r\u0259 g\u00f6r\u0259, istintaq orqan\u0131 t\u0259r\u0259find\u0259n g\u00f6nd\u0259ril\u0259n t\u0259qdimata Qarada\u011f Rayon M\u0259hk\u0259m\u0259sind\u0259 bax\u0131lacaq. Qeyd ed\u0259k ki, R\u0259\u015fad Da\u011fl\u0131 \u0259vv\u0259ld\u0259n tan\u0131d\u0131\u011f\u0131 1979-cu il t\u0259v\u0259ll\u00fcdl\u00fc \u0130sg\u0259nd\u0259r Mehdiyevi bir ne\u00e7\u0259 b\u0131\u00e7aq z\u0259rb\u0259si il\u0259 q\u0259tl\u0259 yetirib. Hadis\u0259 3 ay \u0259vv\u0259l Qarada\u011f rayonunun L\u00f6kbatan q\u0259s\u0259b\u0259sind\u0259 qeyd\u0259 al\u0131n\u0131b. R\u0259\u015fad Da\u011fl\u0131 bar\u0259sind\u0259 h\u0259bs q\u0259timkan t\u0259dbiri se\u00e7ilib. Meyxana\u00e7\u0131 ilkin ifad\u0259sind\u0259 hadis\u0259ni t\u0259hqir\u0259 g\u00f6r\u0259 t\u00f6r\u0259tdiyini deyib.<\/p>\n","protected":false},"author":2,"featured_media":572375,"comment_status":"closed","ping_status":"closed","sticky":false,"template":"","format":"standard","meta":{"om_disable_all_campaigns":false,"_monsterinsights_skip_tracking":false,"_monsterinsights_sitenote_active":false,"_monsterinsights_sitenote_note":"","_monsterinsights_sitenote_category":0},"categories":[1],"tags":[],"aioseo_notices":[],"gutentor_comment":0,"rttpg_featured_image_url":{"full":["https:\/\/arantv.az\/wp-content\/uploads\/2023\/03\/D9JxVsHV28FmI0XD6NS3FxaTcIrT95wK4yQR58d1.jpg",620,413,false],"landscape":["https:\/\/arantv.az\/wp-content\/uploads\/2023\/03\/D9JxVsHV28FmI0XD6NS3FxaTcIrT95wK4yQR58d1.jpg",620,413,false],"portraits":["https:\/\/arantv.az\/wp-content\/uploads\/2023\/03\/D9JxVsHV28FmI0XD6NS3FxaTcIrT95wK4yQR58d1.jpg",620,413,false],"thumbnail":["https:\/\/arantv.az\/wp-content\/uploads\/2023\/03\/D9JxVsHV28FmI0XD6NS3FxaTcIrT95wK4yQR58d1-500x280.jpg",500,280,true],"medium":["https:\/\/arantv.az\/wp-content\/uploads\/2023\/03\/D9JxVsHV28FmI0XD6NS3FxaTcIrT95wK4yQR58d1-548x365.jpg",548,365,true],"large":["https:\/\/arantv.az\/wp-content\/uploads\/2023\/03\/D9JxVsHV28FmI0XD6NS3FxaTcIrT95wK4yQR58d1.jpg",620,413,false],"1536x1536":["https:\/\/arantv.az\/wp-content\/uploads\/2023\/03\/D9JxVsHV28FmI0XD6NS3FxaTcIrT95wK4yQR58d1.jpg",620,413,false],"2048x2048":["https:\/\/arantv.az\/wp-content\/uploads\/2023\/03\/D9JxVsHV28FmI0XD6NS3FxaTcIrT95wK4yQR58d1.jpg",620,413,false],"post-thumbnail":["https:\/\/arantv.az\/wp-content\/uploads\/2023\/03\/D9JxVsHV28FmI0XD6NS3FxaTcIrT95wK4yQR58d1-240x172.jpg",240,172,true],"advps-thumb-one":["https:\/\/arantv.az\/wp-content\/uploads\/2023\/03\/D9JxVsHV28FmI0XD6NS3FxaTcIrT95wK4yQR58d1.jpg",620,413,false]},"rttpg_author":{"display_name":"V\u00fcsal Rafiqo\u011flu","author_link":"https:\/\/arantv.az\/?author=2"},"rttpg_comment":0,"rttpg_category":"<a href=\"https:\/\/arantv.az\/?cat=1\" rel=\"category\">C\u0259miyy\u0259t<\/a>","rttpg_excerpt":"Tan\u0131\u015f\u0131n\u0131 q\u0259tl\u0259 yetirm\u0259kd\u0259 ittiham olunan meyxana\u00e7\u0131 R\u0259\u015fad Da\u011fl\u0131 (\u018fmirov) bar\u0259sind\u0259 se\u00e7ilmi\u015f h\u0259bs-q\u0259timkan t\u0259dbirinin uzad\u0131lmas\u0131 il\u0259 ba\u011fl\u0131 t\u0259qdimat verilib. APA-n\u0131n \u0259ld\u0259 etdiyi x\u0259b\u0259r\u0259 g\u00f6r\u0259, istintaq orqan\u0131 t\u0259r\u0259find\u0259n g\u00f6nd\u0259ril\u0259n t\u0259qdimata Qarada\u011f Rayon M\u0259hk\u0259m\u0259sind\u0259 bax\u0131lacaq. Qeyd ed\u0259k ki, R\u0259\u015fad Da\u011fl\u0131 \u0259vv\u0259ld\u0259n tan\u0131d\u0131\u011f\u0131 1979-cu il t\u0259v\u0259ll\u00fcdl\u00fc \u0130sg\u0259nd\u0259r Mehdiyevi bir ne\u00e7\u0259 b\u0131\u00e7aq z\u0259rb\u0259si il\u0259 q\u0259tl\u0259 yetirib. Hadis\u0259 3 ay \u0259vv\u0259l&hellip;","_links":{"self":[{"href":"https:\/\/arantv.az\/index.php?rest_route=\/wp\/v2\/posts\/572374"}],"collection":[{"href":"https:\/\/arantv.az\/index.php?rest_route=\/wp\/v2\/posts"}],"about":[{"href":"https:\/\/arantv.az\/index.php?rest_route=\/wp\/v2\/types\/post"}],"author":[{"embeddable":true,"href":"https:\/\/arantv.az\/index.php?rest_route=\/wp\/v2\/users\/2"}],"replies":[{"embeddable":true,"href":"https:\/\/arantv.az\/index.php?rest_route=%2Fwp%2Fv2%2Fcomments&post=572374"}],"version-history":[{"count":0,"href":"https:\/\/arantv.az\/index.php?rest_route=\/wp\/v2\/posts\/572374\/revisions"}],"wp:featuredmedia":[{"embeddable":true,"href":"https:\/\/arantv.az\/index.php?rest_route=\/wp\/v2\/media\/572375"}],"wp:attachment":[{"href":"https:\/\/arantv.az\/index.php?rest_route=%2Fwp%2Fv2%2Fmedia&parent=572374"}],"wp:term":[{"taxonomy":"category","embeddable":true,"href":"https:\/\/arantv.az\/index.php?rest_route=%2Fwp%2Fv2%2Fcategories&post=572374"},{"taxonomy":"post_tag","embeddable":true,"href":"https:\/\/arantv.az\/index.php?rest_route=%2Fwp%2Fv2%2Ftags&post=572374"}],"curies":[{"name":"wp","href":"https:\/\/api.w.org\/{rel}","templated":true}]}}