{"id":572377,"date":"2023-03-03T17:25:23","date_gmt":"2023-03-03T14:25:23","guid":{"rendered":"https:\/\/arantv.az\/?p=572377"},"modified":"2023-03-03T17:25:23","modified_gmt":"2023-03-03T14:25:23","slug":"mikayil-cabbarov-sahibkarlara-719-milyon-manat-subsidiya-verilm%c9%99si-t%c9%99sdiql%c9%99nib-foto","status":"publish","type":"post","link":"https:\/\/arantv.az\/?p=572377","title":{"rendered":"Mikay\u0131l Cabbarov: \u201cSahibkarlara 71,9 milyon manat subsidiya verilm\u0259si t\u0259sdiql\u0259nib\u201d &#8211; FOTO"},"content":{"rendered":"<p>\u201cSahibkarlara d\u0259st\u0259k \u00e7\u0259r\u00e7iv\u0259sind\u0259 t\u0259tbiq edil\u0259n kredit faizl\u0259rinin subsidiyala\u015fd\u0131r\u0131lmas\u0131 mexanizmi iqtisadi aktivliyin t\u0259min olunmas\u0131na v\u0259 biznes subyektl\u0259ri t\u0259r\u0259find\u0259n daha \u00e7ox layih\u0259nin realla\u015fd\u0131r\u0131lmas\u0131na imkan yarad\u0131r\u201d<\/p>\n<div class=\"AdviadNativeVideo\"><\/div>\n<p>Bu s\u00f6zl\u0259ri iqtisadiyyat naziri Mikay\u0131l Cabbarov \u00f6z\u00fcn\u00fcn \u201cTwitter\u201d hesab\u0131nda payla\u015f\u0131b.<\/p>\n<p>O bildirib ki, bu ilin 1 yanvar tarixin\u0259d\u0259k Sahibkarl\u0131\u011f\u0131n \u0130nki\u015faf\u0131 Fonduna daxil olmu\u015f m\u00fcraci\u0259tl\u0259r \u00fczr\u0259 71,9 milyon manat subsidiya verilm\u0259si t\u0259sdiql\u0259nib v\u0259 bunun 68,5 milyon\u00a0manat sahibkarlara \u00f6d\u0259nilib.<\/p>\n<div>\n<div class=\"twitter-tweet twitter-tweet-rendered\"><iframe id=\"twitter-widget-0\" class=\"\" title=\"Twitter Tweet\" src=\"https:\/\/platform.twitter.com\/embed\/Tweet.html?creatorScreenName=oxuaz&amp;dnt=false&amp;embedId=twitter-widget-0&amp;features=eyJ0ZndfdGltZWxpbmVfbGlzdCI6eyJidWNrZXQiOltdLCJ2ZXJzaW9uIjpudWxsfSwidGZ3X2ZvbGxvd2VyX2NvdW50X3N1bnNldCI6eyJidWNrZXQiOnRydWUsInZlcnNpb24iOm51bGx9LCJ0ZndfdHdlZXRfZWRpdF9iYWNrZW5kIjp7ImJ1Y2tldCI6Im9uIiwidmVyc2lvbiI6bnVsbH0sInRmd19yZWZzcmNfc2Vzc2lvbiI6eyJidWNrZXQiOiJvbiIsInZlcnNpb24iOm51bGx9LCJ0ZndfbWl4ZWRfbWVkaWFfMTU4OTciOnsiYnVja2V0IjoidHJlYXRtZW50IiwidmVyc2lvbiI6bnVsbH0sInRmd19leHBlcmltZW50c19jb29raWVfZXhwaXJhdGlvbiI6eyJidWNrZXQiOjEyMDk2MDAsInZlcnNpb24iOm51bGx9LCJ0ZndfZHVwbGljYXRlX3NjcmliZXNfdG9fc2V0dGluZ3MiOnsiYnVja2V0Ijoib24iLCJ2ZXJzaW9uIjpudWxsfSwidGZ3X3ZpZGVvX2hsc19keW5hbWljX21hbmlmZXN0c18xNTA4MiI6eyJidWNrZXQiOiJ0cnVlX2JpdHJhdGUiLCJ2ZXJzaW9uIjpudWxsfSwidGZ3X2xlZ2FjeV90aW1lbGluZV9zdW5zZXQiOnsiYnVja2V0Ijp0cnVlLCJ2ZXJzaW9uIjpudWxsfSwidGZ3X3R3ZWV0X2VkaXRfZnJvbnRlbmQiOnsiYnVja2V0Ijoib24iLCJ2ZXJzaW9uIjpudWxsfX0%3D&amp;frame=false&amp;hideCard=false&amp;hideThread=false&amp;id=1631633859778314246&amp;lang=en&amp;origin=https%3A%2F%2Foxu.az%2Feconomy%2F703097&amp;sessionId=c879eb053ae5a2dc38b348dc4ffaaaca99ddb6f4&amp;siteScreenName=oxuaz&amp;theme=light&amp;widgetsVersion=aaf4084522e3a%3A1674595607486&amp;width=550px\" frameborder=\"0\" scrolling=\"no\" allowfullscreen=\"allowfullscreen\" data-tweet-id=\"1631633859778314246\" data-mce-fragment=\"1\"><\/iframe><\/div>\n<blockquote class=\"twitter-tweet\" data-twitter-extracted-i1677853493330743376=\"true\">\n<p dir=\"ltr\" lang=\"tr\">Sahibkarlara d\u0259st\u0259k \u00e7\u0259r\u00e7iv\u0259sind\u0259 t\u0259tbiq edil\u0259n\u00a0<a href=\"https:\/\/twitter.com\/hashtag\/kredit?src=hash&amp;ref_src=twsrc%5Etfw\">#kredit<\/a>\u00a0faizl\u0259rinin subsidiyala\u015fd\u0131r\u0131lmas\u0131 mexanizmi\u00a0<a href=\"https:\/\/twitter.com\/hashtag\/iqtisadi?src=hash&amp;ref_src=twsrc%5Etfw\">#iqtisadi<\/a>\u00a0aktivliyin t\u0259min olunmas\u0131na v\u0259\u00a0<a href=\"https:\/\/twitter.com\/hashtag\/biznes?src=hash&amp;ref_src=twsrc%5Etfw\">#biznes<\/a>\u00a0subyektl\u0259ri t\u0259r\u0259find\u0259n daha \u00e7ox layih\u0259nin realla\u015fd\u0131r\u0131lmas\u0131na imkan yarad\u0131r.<br \/>\n1\/2<\/p>\n<p>\u2014 Mikayil Jabbarov (@MikayilJabbarov)\u00a0<a href=\"https:\/\/twitter.com\/MikayilJabbarov\/status\/1631633859778314246?ref_src=twsrc%5Etfw\">March 3, 2023<\/a><\/p><\/blockquote>\n<\/div>\n<p>&nbsp;<\/p>\n","protected":false},"excerpt":{"rendered":"<p>\u201cSahibkarlara d\u0259st\u0259k \u00e7\u0259r\u00e7iv\u0259sind\u0259 t\u0259tbiq edil\u0259n kredit faizl\u0259rinin subsidiyala\u015fd\u0131r\u0131lmas\u0131 mexanizmi iqtisadi aktivliyin t\u0259min olunmas\u0131na v\u0259 biznes subyektl\u0259ri t\u0259r\u0259find\u0259n daha \u00e7ox layih\u0259nin realla\u015fd\u0131r\u0131lmas\u0131na imkan yarad\u0131r\u201d Bu s\u00f6zl\u0259ri iqtisadiyyat naziri Mikay\u0131l Cabbarov \u00f6z\u00fcn\u00fcn \u201cTwitter\u201d hesab\u0131nda payla\u015f\u0131b. O bildirib ki, bu ilin 1 yanvar tarixin\u0259d\u0259k Sahibkarl\u0131\u011f\u0131n \u0130nki\u015faf\u0131 Fonduna daxil olmu\u015f m\u00fcraci\u0259tl\u0259r \u00fczr\u0259 71,9 milyon manat subsidiya verilm\u0259si t\u0259sdiql\u0259nib v\u0259 bunun 68,5 milyon\u00a0manat sahibkarlara \u00f6d\u0259nilib. Sahibkarlara d\u0259st\u0259k \u00e7\u0259r\u00e7iv\u0259sind\u0259 t\u0259tbiq edil\u0259n\u00a0#kredit\u00a0faizl\u0259rinin subsidiyala\u015fd\u0131r\u0131lmas\u0131 mexanizmi\u00a0#iqtisadi\u00a0aktivliyin t\u0259min olunmas\u0131na v\u0259\u00a0#biznes\u00a0subyektl\u0259ri t\u0259r\u0259find\u0259n daha \u00e7ox layih\u0259nin realla\u015fd\u0131r\u0131lmas\u0131na imkan yarad\u0131r. 1\/2 \u2014 Mikayil Jabbarov (@MikayilJabbarov)\u00a0March 3, 2023 &nbsp;<\/p>\n","protected":false},"author":2,"featured_media":572378,"comment_status":"closed","ping_status":"closed","sticky":false,"template":"","format":"standard","meta":{"om_disable_all_campaigns":false,"_monsterinsights_skip_tracking":false,"_monsterinsights_sitenote_active":false,"_monsterinsights_sitenote_note":"","_monsterinsights_sitenote_category":0},"categories":[19],"tags":[],"aioseo_notices":[],"gutentor_comment":0,"rttpg_featured_image_url":{"full":["https:\/\/arantv.az\/wp-content\/uploads\/2023\/03\/hCUto56DuW8fB1NIKwGaqaIXB2pZSOZ36puWeO5b.jpg",620,413,false],"landscape":["https:\/\/arantv.az\/wp-content\/uploads\/2023\/03\/hCUto56DuW8fB1NIKwGaqaIXB2pZSOZ36puWeO5b.jpg",620,413,false],"portraits":["https:\/\/arantv.az\/wp-content\/uploads\/2023\/03\/hCUto56DuW8fB1NIKwGaqaIXB2pZSOZ36puWeO5b.jpg",620,413,false],"thumbnail":["https:\/\/arantv.az\/wp-content\/uploads\/2023\/03\/hCUto56DuW8fB1NIKwGaqaIXB2pZSOZ36puWeO5b-500x280.jpg",500,280,true],"medium":["https:\/\/arantv.az\/wp-content\/uploads\/2023\/03\/hCUto56DuW8fB1NIKwGaqaIXB2pZSOZ36puWeO5b-548x365.jpg",548,365,true],"large":["https:\/\/arantv.az\/wp-content\/uploads\/2023\/03\/hCUto56DuW8fB1NIKwGaqaIXB2pZSOZ36puWeO5b.jpg",620,413,false],"1536x1536":["https:\/\/arantv.az\/wp-content\/uploads\/2023\/03\/hCUto56DuW8fB1NIKwGaqaIXB2pZSOZ36puWeO5b.jpg",620,413,false],"2048x2048":["https:\/\/arantv.az\/wp-content\/uploads\/2023\/03\/hCUto56DuW8fB1NIKwGaqaIXB2pZSOZ36puWeO5b.jpg",620,413,false],"post-thumbnail":["https:\/\/arantv.az\/wp-content\/uploads\/2023\/03\/hCUto56DuW8fB1NIKwGaqaIXB2pZSOZ36puWeO5b-240x172.jpg",240,172,true],"advps-thumb-one":["https:\/\/arantv.az\/wp-content\/uploads\/2023\/03\/hCUto56DuW8fB1NIKwGaqaIXB2pZSOZ36puWeO5b.jpg",620,413,false]},"rttpg_author":{"display_name":"V\u00fcsal Rafiqo\u011flu","author_link":"https:\/\/arantv.az\/?author=2"},"rttpg_comment":0,"rttpg_category":"<a href=\"https:\/\/arantv.az\/?cat=19\" rel=\"category\">G\u00fcnd\u0259m<\/a>","rttpg_excerpt":"\u201cSahibkarlara d\u0259st\u0259k \u00e7\u0259r\u00e7iv\u0259sind\u0259 t\u0259tbiq edil\u0259n kredit faizl\u0259rinin subsidiyala\u015fd\u0131r\u0131lmas\u0131 mexanizmi iqtisadi aktivliyin t\u0259min olunmas\u0131na v\u0259 biznes subyektl\u0259ri t\u0259r\u0259find\u0259n daha \u00e7ox layih\u0259nin realla\u015fd\u0131r\u0131lmas\u0131na imkan yarad\u0131r\u201d Bu s\u00f6zl\u0259ri iqtisadiyyat naziri Mikay\u0131l Cabbarov \u00f6z\u00fcn\u00fcn \u201cTwitter\u201d hesab\u0131nda payla\u015f\u0131b. O bildirib ki, bu ilin 1 yanvar tarixin\u0259d\u0259k Sahibkarl\u0131\u011f\u0131n \u0130nki\u015faf\u0131 Fonduna daxil olmu\u015f m\u00fcraci\u0259tl\u0259r \u00fczr\u0259 71,9 milyon manat subsidiya verilm\u0259si t\u0259sdiql\u0259nib v\u0259&hellip;","_links":{"self":[{"href":"https:\/\/arantv.az\/index.php?rest_route=\/wp\/v2\/posts\/572377"}],"collection":[{"href":"https:\/\/arantv.az\/index.php?rest_route=\/wp\/v2\/posts"}],"about":[{"href":"https:\/\/arantv.az\/index.php?rest_route=\/wp\/v2\/types\/post"}],"author":[{"embeddable":true,"href":"https:\/\/arantv.az\/index.php?rest_route=\/wp\/v2\/users\/2"}],"replies":[{"embeddable":true,"href":"https:\/\/arantv.az\/index.php?rest_route=%2Fwp%2Fv2%2Fcomments&post=572377"}],"version-history":[{"count":0,"href":"https:\/\/arantv.az\/index.php?rest_route=\/wp\/v2\/posts\/572377\/revisions"}],"wp:featuredmedia":[{"embeddable":true,"href":"https:\/\/arantv.az\/index.php?rest_route=\/wp\/v2\/media\/572378"}],"wp:attachment":[{"href":"https:\/\/arantv.az\/index.php?rest_route=%2Fwp%2Fv2%2Fmedia&parent=572377"}],"wp:term":[{"taxonomy":"category","embeddable":true,"href":"https:\/\/arantv.az\/index.php?rest_route=%2Fwp%2Fv2%2Fcategories&post=572377"},{"taxonomy":"post_tag","embeddable":true,"href":"https:\/\/arantv.az\/index.php?rest_route=%2Fwp%2Fv2%2Ftags&post=572377"}],"curies":[{"name":"wp","href":"https:\/\/api.w.org\/{rel}","templated":true}]}}