{"id":572385,"date":"2023-03-03T17:30:22","date_gmt":"2023-03-03T14:30:22","guid":{"rendered":"https:\/\/arantv.az\/?p=572385"},"modified":"2023-03-03T17:30:22","modified_gmt":"2023-03-03T14:30:22","slug":"g%c9%99ncl%c9%99r-arasinda-muhasib-pes%c9%99-t%c9%99hsili-v%c9%99-pes%c9%99-seciminin-t%c9%99bligi-layih%c9%99sinin-icrasina-davam-edilir-foto","status":"publish","type":"post","link":"https:\/\/arantv.az\/?p=572385","title":{"rendered":"\u201cG\u0259ncl\u0259r aras\u0131nda m\u00fchasib pe\u015f\u0259 t\u0259hsili v\u0259 pe\u015f\u0259 se\u00e7iminin t\u0259bli\u011fi\u201d layih\u0259sinin icras\u0131na davam edilir &#8211; FOTO"},"content":{"rendered":"<p>Az\u0259rbaycan Respublikas\u0131 G\u0259ncl\u0259r Fondunun maliyy\u0259 d\u0259st\u0259yi il\u0259 G\u0259nc M\u00fchasibl\u0259r \u0130ctimai Birliyinin \u201cG\u0259ncl\u0259r aras\u0131nda m\u00fchasib pe\u015f\u0259 t\u0259hsili v\u0259 pe\u015f\u0259 se\u00e7iminin t\u0259bli\u011fi\u201d layih\u0259sinin icras\u0131na davam edilir. Bel\u0259 ki, layih\u0259 \u00e7\u0259r\u00e7iv\u0259sind\u0259 ikinci t\u0259lim 25.02.2023-c\u00fc il tarixind\u0259 \u015e\u0259ki rayonu Heyd\u0259r \u018fliyev M\u0259rk\u0259zind\u0259 t\u0259\u015fkil olunub. Az\u0259rbaycan Respublikas\u0131nda 2023-c\u00fc ilin \u201cHeyd\u0259r \u018fliyev\u201d ili elan edilm\u0259si il\u0259 \u0259laq\u0259dar olaraq G\u0259nc M\u00fchasibl\u0259r \u0130ctimai Birliyi \u201cM\u00fchasib pe\u015f\u0259 t\u0259hsili v\u0259 pe\u015f\u0259 se\u00e7iminin t\u0259bli\u011fi\u201d layih\u0259sinin ikinci t\u0259limini \u015e\u0259ki \u015f\u0259h\u0259rind\u0259 yerl\u0259\u015f\u0259n Heyd\u0259r \u018fliyev M\u0259rk\u0259zind\u0259 t\u0259\u015fkil edilm\u0259sin\u0259 x\u00fcsusi diqq\u0259t etmi\u015fdir.<\/p>\n<p>Layih\u0259nin \u0259sas m\u0259qs\u0259di g\u0259ncl\u0259rin pe\u015f\u0259 se\u00e7imind\u0259 d\u00fczg\u00fcn q\u0259rar verm\u0259l\u0259rin\u0259, g\u0259l\u0259c\u0259kd\u0259 karyera qurmalar\u0131na v\u0259 m\u0259\u015f\u011fulluq probleml\u0259rinin risksiz h\u0259llin\u0259 k\u00f6m\u0259k etm\u0259k, real \u0259m\u0259k bazar\u0131ndak\u0131 m\u00f6vcud v\u0259ziyy\u0259ti d\u00fczg\u00fcn qiym\u0259tl\u0259ndir\u0259r\u0259k i\u015f tapmaq problemind\u0259n onlar\u0131 azad etm\u0259kd\u0259n ibar\u0259tdir.<\/p>\n<div class=\"AdviadNativeVideo\"><\/div>\n<p>T\u0259lim\u0259 ba\u015flamazdan \u00f6nc\u0259, G\u0259nc M\u00fchasibl\u0259r \u0130ctimai Birliyi hey\u0259ti v\u0259 t\u0259lim i\u015ftirak\u00e7\u0131lar\u0131 Xocal\u0131 faci\u0259sinin qurbanlar\u0131n\u0131 1 d\u0259qiq\u0259lik s\u00fckutla yad edibl\u0259r.<\/p>\n<p>T\u0259lim zaman\u0131:<\/p>\n<p>&#8211; Karyera haradan ba\u015flay\u0131r?<\/p>\n<p>&#8211; Pe\u015f\u0259 yoxsa pe\u015f\u0259kar?<\/p>\n<p>&#8211; S\u0259n d\u0259 m\u00fchasib ola bil\u0259rs\u0259n<\/p>\n<p>&#8211; M\u00fchasibat u\u00e7otu n\u0259dir?<\/p>\n<p>&#8211; Maliyy\u0259 hesabatlar\u0131 v\u0259 hesablar plan\u0131<\/p>\n<p>&#8211; Maya d\u0259y\u0259rinin hesablanmas\u0131 m\u00f6vzular\u0131 t\u0259dris olunub.<\/p>\n<p>T\u0259limin sonunda i\u015ftirak\u00e7\u0131lar G\u0259nc M\u00fchasibl\u0259r \u0130ctimai Birliyi t\u0259r\u0259find\u0259n sertifikatla t\u0259ltif edilib.<\/p>\n<p>&nbsp;<\/p>\n<div class=\"gallery\">\n<div class=\"gallery-i\"><img src=\"https:\/\/cdn.oxu.az\/uploads\/W1siZiIsIjIwMjMvMDMvMDMvMTcvMjgvMjUvYmQ3YjhjYjEtODc0NS00ZjIyLTljNDUtNzA5ODVmYTUyMmI4LzEwLmpwZWciXSxbInAiLCJlbmNvZGUiLCJqcGciLCItcXVhbGl0eSA4MCJdLFsicCIsInRodW1iIiwiNTkweDU5MFx1MDAzZSJdXQ?sha=f6f7c4a08b34c2aa\" alt=\"\" \/><\/p>\n<div class=\"gallery-i-caption\"><\/div>\n<\/div>\n<div class=\"gallery-i\"><img src=\"https:\/\/cdn.oxu.az\/uploads\/W1siZiIsIjIwMjMvMDMvMDMvMTcvMjgvMjUvMmMyNWFhZDgtODc0OC00NzNhLWEwZTgtNzgzNTU0NjRhN2QwLzQuanBlZyJdLFsicCIsImVuY29kZSIsImpwZyIsIi1xdWFsaXR5IDgwIl0sWyJwIiwidGh1bWIiLCI1OTB4NTkwXHUwMDNlIl1d?sha=abb056c956f79a41\" alt=\"\" \/><\/p>\n<div class=\"gallery-i-caption\"><\/div>\n<\/div>\n<div class=\"gallery-i\"><img src=\"https:\/\/cdn.oxu.az\/uploads\/W1siZiIsIjIwMjMvMDMvMDMvMTcvMjgvMjUvYzExOWVhMTItZjY2MC00YzAzLTlkNTYtODBiNjdlZDBmZWY2LzkuanBlZyJdLFsicCIsImVuY29kZSIsImpwZyIsIi1xdWFsaXR5IDgwIl0sWyJwIiwidGh1bWIiLCI1OTB4NTkwXHUwMDNlIl1d?sha=05e655bec96e675e\" alt=\"\" \/><\/p>\n<div class=\"gallery-i-caption\"><\/div>\n<\/div>\n<div class=\"gallery-i\"><img src=\"https:\/\/cdn.oxu.az\/uploads\/W1siZiIsIjIwMjMvMDMvMDMvMTcvMjgvMjUvNTI5ZTE4NDUtNjQ4NS00NTA1LTgyZDYtNTdiNzM3M2YwZDE0LzMgKDIpKDEpLmpwZWciXSxbInAiLCJlbmNvZGUiLCJqcGciLCItcXVhbGl0eSA4MCJdLFsicCIsInRodW1iIiwiNTkweDU5MFx1MDAzZSJdXQ?sha=b3b516e0fc8e54e1\" alt=\"\" \/><\/p>\n<div class=\"gallery-i-caption\"><\/div>\n<\/div>\n<div class=\"gallery-i\"><img src=\"https:\/\/cdn.oxu.az\/uploads\/W1siZiIsIjIwMjMvMDMvMDMvMTcvMjgvMjUvNWQ1NGYxMGQtNmNkZC00MzY4LWJjZWUtZmFlZTkyNjdhZmJjLzguanBlZyJdLFsicCIsImVuY29kZSIsImpwZyIsIi1xdWFsaXR5IDgwIl0sWyJwIiwidGh1bWIiLCI1OTB4NTkwXHUwMDNlIl1d?sha=008b5d304c47c554\" alt=\"\" \/><\/p>\n<div class=\"gallery-i-caption\"><\/div>\n<\/div>\n<div class=\"gallery-i\"><img src=\"https:\/\/cdn.oxu.az\/uploads\/W1siZiIsIjIwMjMvMDMvMDMvMTcvMjgvMjYvYTQ3YTllZmYtZTEzOS00MjIwLTkxNTYtMDA5NTNiMDk3NTM5LzIgKDIpLmpwZWciXSxbInAiLCJlbmNvZGUiLCJqcGciLCItcXVhbGl0eSA4MCJdLFsicCIsInRodW1iIiwiNTkweDU5MFx1MDAzZSJdXQ?sha=4e65b953ab677c9b\" alt=\"\" \/><\/p>\n<div class=\"gallery-i-caption\"><\/div>\n<\/div>\n<div class=\"gallery-i\"><img src=\"https:\/\/cdn.oxu.az\/uploads\/W1siZiIsIjIwMjMvMDMvMDMvMTcvMjgvMjYvYjQ2YmUxNWUtNjFkYy00OTBlLWE0ZjMtNGNjZDRjYjg1MjVlLzcuanBlZyJdLFsicCIsImVuY29kZSIsImpwZyIsIi1xdWFsaXR5IDgwIl0sWyJwIiwidGh1bWIiLCI1OTB4NTkwXHUwMDNlIl1d?sha=aba3dce93aecc957\" alt=\"\" \/><\/p>\n<div class=\"gallery-i-caption\"><\/div>\n<\/div>\n<div class=\"gallery-i\"><img src=\"https:\/\/cdn.oxu.az\/uploads\/W1siZiIsIjIwMjMvMDMvMDMvMTcvMjgvMjYvYzQzNjI5NDQtMjMyOS00Yzg0LTg4MjgtMmJhMDk5N2QwMzk2LzYuanBlZyJdLFsicCIsImVuY29kZSIsImpwZyIsIi1xdWFsaXR5IDgwIl0sWyJwIiwidGh1bWIiLCI1OTB4NTkwXHUwMDNlIl1d?sha=72a30ade2b6da7f2\" alt=\"\" \/><\/p>\n<div class=\"gallery-i-caption\"><\/div>\n<\/div>\n<div class=\"gallery-i\"><img src=\"https:\/\/cdn.oxu.az\/uploads\/W1siZiIsIjIwMjMvMDMvMDMvMTcvMjgvMjYvMTczZTI0MzItNzI3Ny00NmFmLWI2YmEtZWRkMzVjZDU3NDRkLzUuanBlZyJdLFsicCIsImVuY29kZSIsImpwZyIsIi1xdWFsaXR5IDgwIl0sWyJwIiwidGh1bWIiLCI1OTB4NTkwXHUwMDNlIl1d?sha=5676f214638e3bf9\" alt=\"\" \/><\/div>\n<\/div>\n","protected":false},"excerpt":{"rendered":"<p>Az\u0259rbaycan Respublikas\u0131 G\u0259ncl\u0259r Fondunun maliyy\u0259 d\u0259st\u0259yi il\u0259 G\u0259nc M\u00fchasibl\u0259r \u0130ctimai Birliyinin \u201cG\u0259ncl\u0259r aras\u0131nda m\u00fchasib pe\u015f\u0259 t\u0259hsili v\u0259 pe\u015f\u0259 se\u00e7iminin t\u0259bli\u011fi\u201d layih\u0259sinin icras\u0131na davam edilir. Bel\u0259 ki, layih\u0259 \u00e7\u0259r\u00e7iv\u0259sind\u0259 ikinci t\u0259lim 25.02.2023-c\u00fc il tarixind\u0259 \u015e\u0259ki rayonu Heyd\u0259r \u018fliyev M\u0259rk\u0259zind\u0259 t\u0259\u015fkil olunub. Az\u0259rbaycan Respublikas\u0131nda 2023-c\u00fc ilin \u201cHeyd\u0259r \u018fliyev\u201d ili elan edilm\u0259si il\u0259 \u0259laq\u0259dar olaraq G\u0259nc M\u00fchasibl\u0259r \u0130ctimai Birliyi \u201cM\u00fchasib pe\u015f\u0259 t\u0259hsili v\u0259 pe\u015f\u0259 se\u00e7iminin t\u0259bli\u011fi\u201d layih\u0259sinin ikinci t\u0259limini \u015e\u0259ki \u015f\u0259h\u0259rind\u0259 yerl\u0259\u015f\u0259n Heyd\u0259r \u018fliyev M\u0259rk\u0259zind\u0259 t\u0259\u015fkil edilm\u0259sin\u0259 x\u00fcsusi diqq\u0259t etmi\u015fdir. Layih\u0259nin \u0259sas m\u0259qs\u0259di g\u0259ncl\u0259rin pe\u015f\u0259 se\u00e7imind\u0259 d\u00fczg\u00fcn q\u0259rar verm\u0259l\u0259rin\u0259, g\u0259l\u0259c\u0259kd\u0259 karyera qurmalar\u0131na v\u0259&hellip;<\/p>\n","protected":false},"author":2,"featured_media":572386,"comment_status":"closed","ping_status":"closed","sticky":false,"template":"","format":"standard","meta":{"om_disable_all_campaigns":false,"_monsterinsights_skip_tracking":false,"_monsterinsights_sitenote_active":false,"_monsterinsights_sitenote_note":"","_monsterinsights_sitenote_category":0},"categories":[4],"tags":[],"aioseo_notices":[],"gutentor_comment":0,"rttpg_featured_image_url":{"full":["https:\/\/arantv.az\/wp-content\/uploads\/2023\/03\/1-2.jpg",620,413,false],"landscape":["https:\/\/arantv.az\/wp-content\/uploads\/2023\/03\/1-2.jpg",620,413,false],"portraits":["https:\/\/arantv.az\/wp-content\/uploads\/2023\/03\/1-2.jpg",620,413,false],"thumbnail":["https:\/\/arantv.az\/wp-content\/uploads\/2023\/03\/1-2-500x280.jpg",500,280,true],"medium":["https:\/\/arantv.az\/wp-content\/uploads\/2023\/03\/1-2-548x365.jpg",548,365,true],"large":["https:\/\/arantv.az\/wp-content\/uploads\/2023\/03\/1-2.jpg",620,413,false],"1536x1536":["https:\/\/arantv.az\/wp-content\/uploads\/2023\/03\/1-2.jpg",620,413,false],"2048x2048":["https:\/\/arantv.az\/wp-content\/uploads\/2023\/03\/1-2.jpg",620,413,false],"post-thumbnail":["https:\/\/arantv.az\/wp-content\/uploads\/2023\/03\/1-2-240x172.jpg",240,172,true],"advps-thumb-one":["https:\/\/arantv.az\/wp-content\/uploads\/2023\/03\/1-2.jpg",620,413,false]},"rttpg_author":{"display_name":"V\u00fcsal Rafiqo\u011flu","author_link":"https:\/\/arantv.az\/?author=2"},"rttpg_comment":0,"rttpg_category":"<a href=\"https:\/\/arantv.az\/?cat=4\" rel=\"category\">Siyas\u0259t<\/a>","rttpg_excerpt":"Az\u0259rbaycan Respublikas\u0131 G\u0259ncl\u0259r Fondunun maliyy\u0259 d\u0259st\u0259yi il\u0259 G\u0259nc M\u00fchasibl\u0259r \u0130ctimai Birliyinin \u201cG\u0259ncl\u0259r aras\u0131nda m\u00fchasib pe\u015f\u0259 t\u0259hsili v\u0259 pe\u015f\u0259 se\u00e7iminin t\u0259bli\u011fi\u201d layih\u0259sinin icras\u0131na davam edilir. Bel\u0259 ki, layih\u0259 \u00e7\u0259r\u00e7iv\u0259sind\u0259 ikinci t\u0259lim 25.02.2023-c\u00fc il tarixind\u0259 \u015e\u0259ki rayonu Heyd\u0259r \u018fliyev M\u0259rk\u0259zind\u0259 t\u0259\u015fkil olunub. Az\u0259rbaycan Respublikas\u0131nda 2023-c\u00fc ilin \u201cHeyd\u0259r \u018fliyev\u201d ili elan edilm\u0259si il\u0259 \u0259laq\u0259dar olaraq G\u0259nc M\u00fchasibl\u0259r \u0130ctimai&hellip;","_links":{"self":[{"href":"https:\/\/arantv.az\/index.php?rest_route=\/wp\/v2\/posts\/572385"}],"collection":[{"href":"https:\/\/arantv.az\/index.php?rest_route=\/wp\/v2\/posts"}],"about":[{"href":"https:\/\/arantv.az\/index.php?rest_route=\/wp\/v2\/types\/post"}],"author":[{"embeddable":true,"href":"https:\/\/arantv.az\/index.php?rest_route=\/wp\/v2\/users\/2"}],"replies":[{"embeddable":true,"href":"https:\/\/arantv.az\/index.php?rest_route=%2Fwp%2Fv2%2Fcomments&post=572385"}],"version-history":[{"count":0,"href":"https:\/\/arantv.az\/index.php?rest_route=\/wp\/v2\/posts\/572385\/revisions"}],"wp:featuredmedia":[{"embeddable":true,"href":"https:\/\/arantv.az\/index.php?rest_route=\/wp\/v2\/media\/572386"}],"wp:attachment":[{"href":"https:\/\/arantv.az\/index.php?rest_route=%2Fwp%2Fv2%2Fmedia&parent=572385"}],"wp:term":[{"taxonomy":"category","embeddable":true,"href":"https:\/\/arantv.az\/index.php?rest_route=%2Fwp%2Fv2%2Fcategories&post=572385"},{"taxonomy":"post_tag","embeddable":true,"href":"https:\/\/arantv.az\/index.php?rest_route=%2Fwp%2Fv2%2Ftags&post=572385"}],"curies":[{"name":"wp","href":"https:\/\/api.w.org\/{rel}","templated":true}]}}