{"id":572388,"date":"2023-03-03T17:32:07","date_gmt":"2023-03-03T14:32:07","guid":{"rendered":"https:\/\/arantv.az\/?p=572388"},"modified":"2023-03-03T17:32:07","modified_gmt":"2023-03-03T14:32:07","slug":"ombudsman-milli-m%c9%99clisd%c9%99-hesabat-ver%c9%99c%c9%99k-gund%c9%99lik","status":"publish","type":"post","link":"https:\/\/arantv.az\/?p=572388","title":{"rendered":"Ombudsman Milli M\u0259clisd\u0259 hesabat ver\u0259c\u0259k &#8211; G\u00dcND\u018fL\u0130K"},"content":{"rendered":"<p>Az\u0259rbaycan Respublikas\u0131n\u0131n \u0130nsan H\u00fcquqlar\u0131 \u00fczr\u0259 M\u00fcv\u0259kkili (Ombudsman) S\u0259bin\u0259 \u018fliyeva Milli M\u0259clisd\u0259 illik m\u0259ruz\u0259 il\u0259 \u00e7\u0131x\u0131\u015f ed\u0259c\u0259k.<\/p>\n<p><strong>ARANTV.AZ<\/strong> x\u0259b\u0259r verir ki, bu bar\u0259d\u0259 Milli M\u0259clisin 2023-c\u00fc il mart\u0131n 7-d\u0259 ke\u00e7iril\u0259c\u0259k plenar iclas\u0131n\u0131n g\u00fcnd\u0259liyin\u0259 m\u0259s\u0259l\u0259 daxil edilib.<\/p>\n<p>G\u00fcnd\u0259liy\u0259 \u00fcmumilikd\u0259 13 m\u0259s\u0259l\u0259 daxildir:<\/p>\n<p>1. Az\u0259rbaycan Respublikas\u0131n\u0131n \u0130nsan h\u00fcquqlar\u0131 \u00fczr\u0259 m\u00fcv\u0259kkilinin (Ombudsman\u0131n) illik m\u0259ruz\u0259si haqq\u0131nda.<\/p>\n<p>2. \u201cSosial s\u0131\u011forta haqq\u0131nda\u201d Az\u0259rbaycan Respublikas\u0131n\u0131n Qanununda d\u0259yi\u015fiklik edilm\u0259si bar\u0259d\u0259 Az\u0259rbaycan Respublikas\u0131 qanununun layih\u0259si (\u00fc\u00e7\u00fcnc\u00fc oxunu\u015f).<\/p>\n<p>3. \u201c\u0130\u015fsizlikd\u0259n s\u0131\u011forta haqq\u0131nda\u201d Az\u0259rbaycan Respublikas\u0131n\u0131n Qanununda d\u0259yi\u015fiklik edilm\u0259si bar\u0259d\u0259 Az\u0259rbaycan Respublikas\u0131 qanununun layih\u0259si (\u00fc\u00e7\u00fcnc\u00fc oxunu\u015f).<\/p>\n<p>4. Az\u0259rbaycan Respublikas\u0131n\u0131n \u0130nzibati X\u0259talar M\u0259c\u0259ll\u0259sind\u0259 d\u0259yi\u015fiklik edilm\u0259si haqq\u0131nda Az\u0259rbaycan Respublikas\u0131 qanununun layih\u0259si (\u00fc\u00e7\u00fcnc\u00fc oxunu\u015f).<\/p>\n<p>5. Az\u0259rbaycan Respublikas\u0131n\u0131n Vergi M\u0259c\u0259ll\u0259sind\u0259 d\u0259yi\u015fiklik edilm\u0259si haqq\u0131nda Az\u0259rbaycan Respublikas\u0131 qanununun layih\u0259si (\u00fc\u00e7\u00fcnc\u00fc oxunu\u015f).<\/p>\n<p>6. \u201cElektroenergetika haqq\u0131nda\u201d Az\u0259rbaycan Respublikas\u0131 qanununun layih\u0259si (ikinci oxunu\u015f).<\/p>\n<p>7. \u201cProkurorluq haqq\u0131nda\u201d Az\u0259rbaycan Respublikas\u0131n\u0131n Qanununda d\u0259yi\u015fiklik edilm\u0259si bar\u0259d\u0259 Az\u0259rbaycan Respublikas\u0131 qanununun layih\u0259si (ikinci oxunu\u015f).<\/p>\n<p>8. Az\u0259rbaycan Respublikas\u0131n\u0131n 2001-ci il 29 iyun tarixli 165-IIQ n\u00f6mr\u0259li Qanunu il\u0259 t\u0259sdiq edilmi\u015f \u201cProkurorluq orqanlar\u0131 i\u015f\u00e7il\u0259rinin f\u0259rql\u0259nm\u0259 ni\u015fanlar\u0131 v\u0259 x\u00fcsusi geyim formas\u0131n\u0131n t\u0259sviri\u201dnd\u0259 d\u0259yi\u015fiklik edilm\u0259si bar\u0259d\u0259 Az\u0259rbaycan Respublikas\u0131 qanununun layih\u0259si (ikinci oxunu\u015f).<\/p>\n<p>9. \u201cProkurorluq i\u015f\u00e7il\u0259rinin xidm\u0259ti v\u0259siq\u0259si haqq\u0131nda\u201d Az\u0259rbaycan Respublikas\u0131 Qanununun l\u0259\u011fv edilm\u0259si bar\u0259d\u0259 Az\u0259rbaycan Respublikas\u0131 qanununun layih\u0259si (ikinci oxunu\u015f).<\/p>\n<p>10. \u201cProkurorluq orqanlar\u0131nda qulluq ke\u00e7m\u0259 haqq\u0131nda\u201d Az\u0259rbaycan Respublikas\u0131n\u0131n Qanununda d\u0259yi\u015fiklik edilm\u0259si bar\u0259d\u0259 Az\u0259rbaycan Respublikas\u0131 qanununun layih\u0259si (ikinci oxunu\u015f).<\/p>\n<p>11. Az\u0259rbaycan Respublikas\u0131n\u0131n Miqrasiya M\u0259c\u0259ll\u0259sind\u0259 d\u0259yi\u015fiklik edilm\u0259si haqq\u0131nda Az\u0259rbaycan Respublikas\u0131 qanununun layih\u0259si (ikinci oxunu\u015f).<\/p>\n<p>12. \u201cBanklar haqq\u0131nda\u201d Az\u0259rbaycan Respublikas\u0131n\u0131n Qanununda d\u0259yi\u015fiklik edilm\u0259si bar\u0259d\u0259 Az\u0259rbaycan Respublikas\u0131 qanununun layih\u0259si (ikinci oxunu\u015f).<\/p>\n<p>13. \u201cQiym\u0259tli ka\u011f\u0131zlar bazar\u0131 haqq\u0131nda\u201d Az\u0259rbaycan Respublikas\u0131n\u0131n Qanununda d\u0259yi\u015fiklik edilm\u0259si bar\u0259d\u0259 Az\u0259rbaycan Respublikas\u0131 qanununun layih\u0259si (ikinci oxunu\u015f).<\/p>\n","protected":false},"excerpt":{"rendered":"<p>Az\u0259rbaycan Respublikas\u0131n\u0131n \u0130nsan H\u00fcquqlar\u0131 \u00fczr\u0259 M\u00fcv\u0259kkili (Ombudsman) S\u0259bin\u0259 \u018fliyeva Milli M\u0259clisd\u0259 illik m\u0259ruz\u0259 il\u0259 \u00e7\u0131x\u0131\u015f ed\u0259c\u0259k. ARANTV.AZ x\u0259b\u0259r verir ki, bu bar\u0259d\u0259 Milli M\u0259clisin 2023-c\u00fc il mart\u0131n 7-d\u0259 ke\u00e7iril\u0259c\u0259k plenar iclas\u0131n\u0131n g\u00fcnd\u0259liyin\u0259 m\u0259s\u0259l\u0259 daxil edilib. G\u00fcnd\u0259liy\u0259 \u00fcmumilikd\u0259 13 m\u0259s\u0259l\u0259 daxildir: 1. Az\u0259rbaycan Respublikas\u0131n\u0131n \u0130nsan h\u00fcquqlar\u0131 \u00fczr\u0259 m\u00fcv\u0259kkilinin (Ombudsman\u0131n) illik m\u0259ruz\u0259si haqq\u0131nda. 2. \u201cSosial s\u0131\u011forta haqq\u0131nda\u201d Az\u0259rbaycan Respublikas\u0131n\u0131n Qanununda d\u0259yi\u015fiklik edilm\u0259si bar\u0259d\u0259 Az\u0259rbaycan Respublikas\u0131 qanununun layih\u0259si (\u00fc\u00e7\u00fcnc\u00fc oxunu\u015f). 3. \u201c\u0130\u015fsizlikd\u0259n s\u0131\u011forta haqq\u0131nda\u201d Az\u0259rbaycan Respublikas\u0131n\u0131n Qanununda d\u0259yi\u015fiklik edilm\u0259si bar\u0259d\u0259 Az\u0259rbaycan Respublikas\u0131 qanununun layih\u0259si (\u00fc\u00e7\u00fcnc\u00fc oxunu\u015f). 4. Az\u0259rbaycan Respublikas\u0131n\u0131n \u0130nzibati X\u0259talar M\u0259c\u0259ll\u0259sind\u0259 d\u0259yi\u015fiklik&hellip;<\/p>\n","protected":false},"author":2,"featured_media":572389,"comment_status":"closed","ping_status":"closed","sticky":false,"template":"","format":"standard","meta":{"om_disable_all_campaigns":false,"_monsterinsights_skip_tracking":false,"_monsterinsights_sitenote_active":false,"_monsterinsights_sitenote_note":"","_monsterinsights_sitenote_category":0},"categories":[4],"tags":[],"aioseo_notices":[],"gutentor_comment":0,"rttpg_featured_image_url":{"full":["https:\/\/arantv.az\/wp-content\/uploads\/2023\/03\/sE_binE_.jpg",620,413,false],"landscape":["https:\/\/arantv.az\/wp-content\/uploads\/2023\/03\/sE_binE_.jpg",620,413,false],"portraits":["https:\/\/arantv.az\/wp-content\/uploads\/2023\/03\/sE_binE_.jpg",620,413,false],"thumbnail":["https:\/\/arantv.az\/wp-content\/uploads\/2023\/03\/sE_binE_-500x280.jpg",500,280,true],"medium":["https:\/\/arantv.az\/wp-content\/uploads\/2023\/03\/sE_binE_-548x365.jpg",548,365,true],"large":["https:\/\/arantv.az\/wp-content\/uploads\/2023\/03\/sE_binE_.jpg",620,413,false],"1536x1536":["https:\/\/arantv.az\/wp-content\/uploads\/2023\/03\/sE_binE_.jpg",620,413,false],"2048x2048":["https:\/\/arantv.az\/wp-content\/uploads\/2023\/03\/sE_binE_.jpg",620,413,false],"post-thumbnail":["https:\/\/arantv.az\/wp-content\/uploads\/2023\/03\/sE_binE_-240x172.jpg",240,172,true],"advps-thumb-one":["https:\/\/arantv.az\/wp-content\/uploads\/2023\/03\/sE_binE_.jpg",620,413,false]},"rttpg_author":{"display_name":"V\u00fcsal Rafiqo\u011flu","author_link":"https:\/\/arantv.az\/?author=2"},"rttpg_comment":0,"rttpg_category":"<a href=\"https:\/\/arantv.az\/?cat=4\" rel=\"category\">Siyas\u0259t<\/a>","rttpg_excerpt":"Az\u0259rbaycan Respublikas\u0131n\u0131n \u0130nsan H\u00fcquqlar\u0131 \u00fczr\u0259 M\u00fcv\u0259kkili (Ombudsman) S\u0259bin\u0259 \u018fliyeva Milli M\u0259clisd\u0259 illik m\u0259ruz\u0259 il\u0259 \u00e7\u0131x\u0131\u015f ed\u0259c\u0259k. ARANTV.AZ x\u0259b\u0259r verir ki, bu bar\u0259d\u0259 Milli M\u0259clisin 2023-c\u00fc il mart\u0131n 7-d\u0259 ke\u00e7iril\u0259c\u0259k plenar iclas\u0131n\u0131n g\u00fcnd\u0259liyin\u0259 m\u0259s\u0259l\u0259 daxil edilib. G\u00fcnd\u0259liy\u0259 \u00fcmumilikd\u0259 13 m\u0259s\u0259l\u0259 daxildir: 1. Az\u0259rbaycan Respublikas\u0131n\u0131n \u0130nsan h\u00fcquqlar\u0131 \u00fczr\u0259 m\u00fcv\u0259kkilinin (Ombudsman\u0131n) illik m\u0259ruz\u0259si haqq\u0131nda. 2. \u201cSosial s\u0131\u011forta haqq\u0131nda\u201d&hellip;","_links":{"self":[{"href":"https:\/\/arantv.az\/index.php?rest_route=\/wp\/v2\/posts\/572388"}],"collection":[{"href":"https:\/\/arantv.az\/index.php?rest_route=\/wp\/v2\/posts"}],"about":[{"href":"https:\/\/arantv.az\/index.php?rest_route=\/wp\/v2\/types\/post"}],"author":[{"embeddable":true,"href":"https:\/\/arantv.az\/index.php?rest_route=\/wp\/v2\/users\/2"}],"replies":[{"embeddable":true,"href":"https:\/\/arantv.az\/index.php?rest_route=%2Fwp%2Fv2%2Fcomments&post=572388"}],"version-history":[{"count":0,"href":"https:\/\/arantv.az\/index.php?rest_route=\/wp\/v2\/posts\/572388\/revisions"}],"wp:featuredmedia":[{"embeddable":true,"href":"https:\/\/arantv.az\/index.php?rest_route=\/wp\/v2\/media\/572389"}],"wp:attachment":[{"href":"https:\/\/arantv.az\/index.php?rest_route=%2Fwp%2Fv2%2Fmedia&parent=572388"}],"wp:term":[{"taxonomy":"category","embeddable":true,"href":"https:\/\/arantv.az\/index.php?rest_route=%2Fwp%2Fv2%2Fcategories&post=572388"},{"taxonomy":"post_tag","embeddable":true,"href":"https:\/\/arantv.az\/index.php?rest_route=%2Fwp%2Fv2%2Ftags&post=572388"}],"curies":[{"name":"wp","href":"https:\/\/api.w.org\/{rel}","templated":true}]}}