{"id":572396,"date":"2023-03-03T18:44:12","date_gmt":"2023-03-03T15:44:12","guid":{"rendered":"https:\/\/arantv.az\/?p=572396"},"modified":"2023-03-03T18:44:12","modified_gmt":"2023-03-03T15:44:12","slug":"blinken-lavrov-danisiqlari-h%c9%99d%c9%99l%c9%99r-davam-edir-ukrayna-s%c9%99naye-s%c9%99h%c9%99rini-itirm%c9%99k-t%c9%99hluk%c9%99si-il%c9%99-uzl%c9%99sir-t%c9%99hlil","status":"publish","type":"post","link":"https:\/\/arantv.az\/?p=572396","title":{"rendered":"Blinken-Lavrov dan\u0131\u015f\u0131qlar\u0131: H\u0259d\u0259l\u0259r davam edir, Ukrayna s\u0259naye \u015f\u0259h\u0259rini itirm\u0259k t\u0259hl\u00fck\u0259si il\u0259 \u00fczl\u0259\u015fir &#8211; T\u018fHL\u0130L"},"content":{"rendered":"<p>Hindistan\u0131n paytaxt\u0131 Nyu-Dehli \u015f\u0259h\u0259rind\u0259 ke\u00e7iril\u0259n G20 sammitind\u0259 Rusiya xarici i\u015fl\u0259r naziri Sergey Lavrovla AB\u015e D\u00f6vl\u0259t katibi Antoni Blinken aras\u0131nda g\u00f6r\u00fc\u015f ke\u00e7irilib.<\/p>\n<p>Ukraynadak\u0131 m\u00fcharib\u0259 s\u0259b\u0259bind\u0259n m\u00f6vcud ziddiyy\u0259tl\u0259ri daha da d\u0259rinl\u0259\u015fdir\u0259n AB\u015e il\u0259 Rusiya m\u00f6vqel\u0259rini konseptual bax\u0131m\u0131ndan bir-birin\u0259 yax\u0131nla\u015fd\u0131rmaqda \u00e7\u0259tinlik \u00e7\u0259kirl\u0259r.<\/p>\n<div class=\"AdviadNativeVideo\"><\/div>\n<p>Blinkenin Lavrovla g\u00f6r\u00fc\u015f\u00fcnd\u0259n sonra jurnalistl\u0259r\u0259 verdiyi a\u00e7\u0131qlama bel\u0259 s\u00f6yl\u0259m\u0259k \u00fc\u00e7\u00fcn \u0259sasd\u0131r.<\/p>\n<p>Blinken bildirib ki, rusiyal\u0131 h\u0259mkar\u0131na \u201ct\u0259cav\u00fczkar m\u00fcharib\u0259ni dayand\u0131r\u0131n, \u0259dal\u0259tli v\u0259 davaml\u0131 s\u00fclh yarada bil\u0259c\u0259k m\u0259nal\u0131 diplomatiya il\u0259 m\u0259\u015f\u011ful olun\u201d deyib.<\/p>\n<p>Rusiya da, AB\u015e d\u0259 Ukraynadak\u0131 m\u00fcharib\u0259nin yekunla\u015fmas\u0131n\u0131 ist\u0259yirl\u0259r, ancaq t\u0259hl\u00fck\u0259sizliy\u0259 yana\u015fmadak\u0131 ziddiyy\u0259tl\u0259r d\u00f6y\u00fc\u015fl\u0259ri dayand\u0131rmaq \u0259v\u0259zin\u0259, daha da k\u00f6r\u00fckl\u0259yir.<\/p>\n<p>AB\u015e Prezidenti Co Baydenin Ukraynaya sars\u0131lmaz d\u0259st\u0259yini ifad\u0259 etm\u0259si v\u0259 bunun silah ixrac\u0131 il\u0259 m\u00fc\u015fayi\u0259t edil\u0259c\u0259yini bildirm\u0259si AB\u015e daxilind\u0259 d\u0259 naraz\u0131l\u0131qlar yarad\u0131r.<\/p>\n<p>Konqresd\u0259n g\u0259l\u0259n s\u0259sl\u0259r \u201cBayden bizim t\u0259sdiqimizi almamaqla Konstitusiyan\u0131 pozur\u201d formas\u0131nda \u015f\u0259kill\u0259n\u0259 bil\u0259r, h\u0259r\u00e7\u0259nd ki, bunun \u00f6z\u00fc d\u0259 m\u00fcbahis\u0259li m\u0259qamd\u0131r.<\/p>\n<p>Daxili intizams\u0131zl\u0131qla ba\u011fl\u0131 AB\u015e-d\u0259 h\u0259dsiz presedentl\u0259r yoxdur, \u00e7\u00fcnki Konqres prezidentlik institutunu m\u00fchakim\u0259 etm\u0259k, media is\u0259 m\u0259xfi m\u0259lumatlar\u0131, s\u00f6vd\u0259l\u0259\u015fm\u0259l\u0259ri yaya bilm\u0259k potensial\u0131nda oldu\u011fundan Va\u015finqtonun h\u00fcquqi prosedurlar\u0131 tapdalamas\u0131 il\u0259 ba\u011fl\u0131 deyil\u0259nl\u0259rin inand\u0131r\u0131c\u0131l\u0131q g\u00fcc\u00fc azd\u0131r.<\/p>\n<p>\u0130st\u0259nil\u0259n halda, Ukraynadak\u0131 m\u00fcharib\u0259 AB\u015e-ni d\u0259, Rusiyan\u0131 da strateji maraqlar bax\u0131m\u0131ndan inc\u0259ldir.<\/p>\n<p>AB\u015e-nin bir ild\u0259n \u00e7ox davam ed\u0259n m\u00fcharib\u0259nin h\u0259llind\u0259 \u00fcst\u00fcn m\u00f6vqey\u0259 \u00e7\u0131xmamas\u0131, Rusiyan\u0131n qlobal h\u0259ml\u0259l\u0259rl\u0259 \u00fcz-\u00fcz\u0259 qalmas\u0131, h\u0259rbi g\u00fcc reputasiyas\u0131n\u0131n pisl\u0259\u015fm\u0259si bunun s\u00fcbutudur.<\/p>\n<p>Rusiyan\u0131n qit\u0259l\u0259raras\u0131 ballistik raketl\u0259ri, sualt\u0131 g\u0259mil\u0259ri, n\u00fcv\u0259 silahlar\u0131, hava h\u00fccumundan m\u00fcdafi\u0259 sisteml\u0259ri h\u0259l\u0259 d\u0259 n\u0259h\u0259ng hesab edils\u0259 d\u0259, bu, h\u0259min silahlar\u0131n Ukrayna m\u00fcharib\u0259sind\u0259ki i\u015ftirak\u0131na \u0259sas yaratmay\u0131b. \u00dcst\u0259g\u0259l Rusiyan\u0131n Ukrayna meydan\u0131ndak\u0131 silahlar\u0131n\u0131n NATO silahlar\u0131 yan\u0131ndak\u0131 acizliyi onun arsenal\u0131nda olan v\u0259 h\u0259l\u0259 m\u00fcharib\u0259d\u0259 t\u0259tbiq edilm\u0259y\u0259n arsenal\u0131na olan \u015f\u00fcbh\u0259l\u0259ri d\u0259 art\u0131r\u0131r.<\/p>\n<p>Lakin Q\u0259rb \u00fc\u00e7\u00fcn \u015f\u00fcbh\u0259l\u0259r faktlar toplusu deyil, y\u0259ni qeyri-m\u00fc\u0259yy\u0259nlikdir, bel\u0259 natamam t\u0259s\u0259vv\u00fcrl\u0259r \u00f6z\u00fc Rusiyan\u0131n eskalasiyan\u0131n miqyas\u0131n\u0131 geni\u015fl\u0259ndirm\u0259k qorxular\u0131n\u0131 art\u0131r\u0131r.<\/p>\n<p>Bel\u0259 qorxunun motivl\u0259ri Rusiyada da var, \u00e7\u00fcnki h\u0259rbi-taktiki, iqtisadi c\u0259h\u0259td\u0259n artan probleml\u0259r Q\u0259rbin Kiyev\u0259 yard\u0131m\u0131 fonunda Moskvan\u0131n z\u0259ifliyini g\u00f6st\u0259r\u0259 bil\u0259r. Kreml bu riskl\u0259ri n\u0259z\u0259r\u0259 alaraq \u0130randan silah idxal edir, \u00c7in\u0259 d\u0259 b\u00f6y\u00fck \u00fcmidl\u0259r b\u0259sl\u0259yir.<\/p>\n<p>Ukraynada davam ed\u0259n m\u00fcharib\u0259nin ssenarisind\u0259ki uzunm\u00fcdd\u0259tli perspektivl\u0259ri AB\u015e \u00fc\u00e7\u00fcn d\u0259, Rusiya \u00fc\u00e7\u00fcn d\u0259 \u00e7\u0259tinlikl\u0259ri \u00e7oxald\u0131r.<\/p>\n<p>Lakin iki n\u0259h\u0259ng bir-biri \u00fcz\u0259rind\u0259 g\u00fccl\u00fc t\u0259sirl\u0259r\u0259 malik oldu\u011funu g\u00f6st\u0259rm\u0259k \u00fc\u00e7\u00fcn Ukraynadak\u0131 m\u00fcharib\u0259d\u0259n istifad\u0259 etm\u0259kd\u0259 israrl\u0131d\u0131r. \u00c7inin Ukrayna l\u00f6vh\u0259sind\u0259 yerl\u0259\u015fdirilm\u0259k ehtimallar\u0131 is\u0259 kartlar\u0131 d\u0259yi\u015fm\u0259k h\u0259ddin\u0259 qalxa bil\u0259r.<\/p>\n<p>H\u0259r halda, AB\u015e d\u0259, Rusiya da q\u0259tiyy\u0259tl\u0259rini g\u00f6st\u0259rm\u0259k \u00fc\u00e7\u00fcn m\u00fcxt\u0259lif \u00fcsullarla h\u0259d\u0259l\u0259m\u0259l\u0259r\u0259 v\u0259 d\u00fcnyan\u0131 daha t\u0259hl\u00fck\u0259li sulara it\u0259l\u0259m\u0259k c\u0259hdl\u0259rini g\u00f6st\u0259r\u0259n b\u0259yanatlara \u00fcst\u00fcnl\u00fck verirl\u0259r.<\/p>\n<p>Rusiyan\u0131n Strateji H\u00fccum Silahlar\u0131n\u0131n Azald\u0131lmas\u0131 v\u0259 M\u0259hdudla\u015fd\u0131r\u0131lmas\u0131 T\u0259dbirl\u0259ri haqq\u0131nda M\u00fcqavil\u0259d\u0259 (START) i\u015ftirak\u0131n\u0131 dayand\u0131rmas\u0131 Kremlin Q\u0259rb\u0259 qar\u015f\u0131 \u015fantaj\u0131d\u0131r. Maraql\u0131d\u0131r, b\u0259s Q\u0259rb h\u0259rbi t\u0259yinatl\u0131 bu \u015fantaja nec\u0259 cavab ver\u0259c\u0259k ki, Rusiya neytralla\u015fs\u0131n?<\/p>\n<p>H\u0259l\u0259lik Q\u0259rbd\u0259 vahid yana\u015fman\u0131n \u015fahidi olmuruq, \u0259n yax\u015f\u0131 halda onlar Ukraynan\u0131 silahland\u0131rma\u011f\u0131 davam etdirm\u0259yi \u00fcst\u00fcn tuturlar. Lakin bunun NATO-nun birg\u0259 m\u00fcdafi\u0259 qabiliyy\u0259tin\u0259 daxil olan x\u0259rcl\u0259r s\u0259viyy\u0259sin\u0259 \u00e7atmamas\u0131nda maraql\u0131d\u0131rlar. Bununla bel\u0259, suala cavab olaraq dey\u0259 bil\u0259rik ki, AB\u015e d\u0259 Rusiyaya cavab olaraq analoji \u015fantaj \u00fcsullar\u0131na \u0259l atacaq.<\/p>\n<p>AB\u015e il\u0259 Rusiyan\u0131n bir-birini didm\u0259si Ukraynan\u0131n a\u011fr\u0131lar\u0131n\u0131 \u015fidd\u0259tl\u0259ndirir. Ukraynan\u0131n ehtiyat\u0131 t\u00fck\u0259nir, \u00fcst\u0259g\u0259l Rusiyan\u0131n s\u0259naye \u015f\u0259h\u0259ri Baxmutu \u0259l\u0259 ke\u00e7irm\u0259k s\u0259yl\u0259rind\u0259 ir\u0259lil\u0259m\u0259si Kiyev \u00fc\u00e7\u00fcn n\u00f6vb\u0259ti a\u011f\u0131r s\u0131naqlar\u0131 t\u0259qdim edir.<\/p>\n<p>M\u00fcharib\u0259nin yekununu \u015fantajlar deyil, d\u00f6y\u00fc\u015f meydan\u0131ndak\u0131 real v\u0259ziyy\u0259t v\u0259 onun n\u0259tic\u0259l\u0259ri m\u00fc\u0259yy\u0259nl\u0259\u015fdir\u0259c\u0259k.<\/p>\n<p>Ona g\u00f6r\u0259 d\u0259 Blinken-Lavrov g\u00f6r\u00fc\u015f\u00fc h\u0259lledici bir t\u0259sir\u0259 malik deyil, bu, sad\u0259c\u0259, g\u00fccl\u0259rin radikal m\u00f6vqeyinin perspektiv \u00fc\u00e7\u00fcn hans\u0131 riskl\u0259ri da\u015f\u0131ya bil\u0259c\u0259yin\u0259 dair n\u0259bz yoxlan\u0131\u015f\u0131 idi. Dan\u0131\u015f\u0131qlar\u0131n m\u00fcdd\u0259tinin 10 d\u0259qiq\u0259 davam etm\u0259si d\u0259 bu fikri g\u00fccl\u0259ndirir.<\/p>\n<p>Ancaq superg\u00fccl\u0259rin d\u0259 \u00f6z parametrl\u0259ri v\u0259 siyasi etikas\u0131 var, m\u0259s\u0259l\u0259n, t\u00fck\u0259nm\u0259k v\u0259 yorulmaq h\u0259ddind\u0259 bir-biril\u0259 dil tapa bilm\u0259k t\u0259cr\u00fcb\u0259si&#8230;<\/p>\n","protected":false},"excerpt":{"rendered":"<p>Hindistan\u0131n paytaxt\u0131 Nyu-Dehli \u015f\u0259h\u0259rind\u0259 ke\u00e7iril\u0259n G20 sammitind\u0259 Rusiya xarici i\u015fl\u0259r naziri Sergey Lavrovla AB\u015e D\u00f6vl\u0259t katibi Antoni Blinken aras\u0131nda g\u00f6r\u00fc\u015f ke\u00e7irilib. Ukraynadak\u0131 m\u00fcharib\u0259 s\u0259b\u0259bind\u0259n m\u00f6vcud ziddiyy\u0259tl\u0259ri daha da d\u0259rinl\u0259\u015fdir\u0259n AB\u015e il\u0259 Rusiya m\u00f6vqel\u0259rini konseptual bax\u0131m\u0131ndan bir-birin\u0259 yax\u0131nla\u015fd\u0131rmaqda \u00e7\u0259tinlik \u00e7\u0259kirl\u0259r. Blinkenin Lavrovla g\u00f6r\u00fc\u015f\u00fcnd\u0259n sonra jurnalistl\u0259r\u0259 verdiyi a\u00e7\u0131qlama bel\u0259 s\u00f6yl\u0259m\u0259k \u00fc\u00e7\u00fcn \u0259sasd\u0131r. Blinken bildirib ki, rusiyal\u0131 h\u0259mkar\u0131na \u201ct\u0259cav\u00fczkar m\u00fcharib\u0259ni dayand\u0131r\u0131n, \u0259dal\u0259tli v\u0259 davaml\u0131 s\u00fclh yarada bil\u0259c\u0259k m\u0259nal\u0131 diplomatiya il\u0259 m\u0259\u015f\u011ful olun\u201d deyib. Rusiya da, AB\u015e d\u0259 Ukraynadak\u0131 m\u00fcharib\u0259nin yekunla\u015fmas\u0131n\u0131 ist\u0259yirl\u0259r, ancaq t\u0259hl\u00fck\u0259sizliy\u0259 yana\u015fmadak\u0131 ziddiyy\u0259tl\u0259r d\u00f6y\u00fc\u015fl\u0259ri dayand\u0131rmaq \u0259v\u0259zin\u0259, daha da k\u00f6r\u00fckl\u0259yir. AB\u015e Prezidenti&hellip;<\/p>\n","protected":false},"author":2,"featured_media":572397,"comment_status":"closed","ping_status":"closed","sticky":false,"template":"","format":"standard","meta":{"om_disable_all_campaigns":false,"_monsterinsights_skip_tracking":false,"_monsterinsights_sitenote_active":false,"_monsterinsights_sitenote_note":"","_monsterinsights_sitenote_category":0},"categories":[4],"tags":[],"aioseo_notices":[],"gutentor_comment":0,"rttpg_featured_image_url":{"full":["https:\/\/arantv.az\/wp-content\/uploads\/2023\/03\/edef.jpg",620,413,false],"landscape":["https:\/\/arantv.az\/wp-content\/uploads\/2023\/03\/edef.jpg",620,413,false],"portraits":["https:\/\/arantv.az\/wp-content\/uploads\/2023\/03\/edef.jpg",620,413,false],"thumbnail":["https:\/\/arantv.az\/wp-content\/uploads\/2023\/03\/edef-500x280.jpg",500,280,true],"medium":["https:\/\/arantv.az\/wp-content\/uploads\/2023\/03\/edef-548x365.jpg",548,365,true],"large":["https:\/\/arantv.az\/wp-content\/uploads\/2023\/03\/edef.jpg",620,413,false],"1536x1536":["https:\/\/arantv.az\/wp-content\/uploads\/2023\/03\/edef.jpg",620,413,false],"2048x2048":["https:\/\/arantv.az\/wp-content\/uploads\/2023\/03\/edef.jpg",620,413,false],"post-thumbnail":["https:\/\/arantv.az\/wp-content\/uploads\/2023\/03\/edef-240x172.jpg",240,172,true],"advps-thumb-one":["https:\/\/arantv.az\/wp-content\/uploads\/2023\/03\/edef.jpg",620,413,false]},"rttpg_author":{"display_name":"V\u00fcsal Rafiqo\u011flu","author_link":"https:\/\/arantv.az\/?author=2"},"rttpg_comment":0,"rttpg_category":"<a href=\"https:\/\/arantv.az\/?cat=4\" rel=\"category\">Siyas\u0259t<\/a>","rttpg_excerpt":"Hindistan\u0131n paytaxt\u0131 Nyu-Dehli \u015f\u0259h\u0259rind\u0259 ke\u00e7iril\u0259n G20 sammitind\u0259 Rusiya xarici i\u015fl\u0259r naziri Sergey Lavrovla AB\u015e D\u00f6vl\u0259t katibi Antoni Blinken aras\u0131nda g\u00f6r\u00fc\u015f ke\u00e7irilib. Ukraynadak\u0131 m\u00fcharib\u0259 s\u0259b\u0259bind\u0259n m\u00f6vcud ziddiyy\u0259tl\u0259ri daha da d\u0259rinl\u0259\u015fdir\u0259n AB\u015e il\u0259 Rusiya m\u00f6vqel\u0259rini konseptual bax\u0131m\u0131ndan bir-birin\u0259 yax\u0131nla\u015fd\u0131rmaqda \u00e7\u0259tinlik \u00e7\u0259kirl\u0259r. Blinkenin Lavrovla g\u00f6r\u00fc\u015f\u00fcnd\u0259n sonra jurnalistl\u0259r\u0259 verdiyi a\u00e7\u0131qlama bel\u0259 s\u00f6yl\u0259m\u0259k \u00fc\u00e7\u00fcn \u0259sasd\u0131r. Blinken bildirib ki, rusiyal\u0131 h\u0259mkar\u0131na&hellip;","_links":{"self":[{"href":"https:\/\/arantv.az\/index.php?rest_route=\/wp\/v2\/posts\/572396"}],"collection":[{"href":"https:\/\/arantv.az\/index.php?rest_route=\/wp\/v2\/posts"}],"about":[{"href":"https:\/\/arantv.az\/index.php?rest_route=\/wp\/v2\/types\/post"}],"author":[{"embeddable":true,"href":"https:\/\/arantv.az\/index.php?rest_route=\/wp\/v2\/users\/2"}],"replies":[{"embeddable":true,"href":"https:\/\/arantv.az\/index.php?rest_route=%2Fwp%2Fv2%2Fcomments&post=572396"}],"version-history":[{"count":0,"href":"https:\/\/arantv.az\/index.php?rest_route=\/wp\/v2\/posts\/572396\/revisions"}],"wp:featuredmedia":[{"embeddable":true,"href":"https:\/\/arantv.az\/index.php?rest_route=\/wp\/v2\/media\/572397"}],"wp:attachment":[{"href":"https:\/\/arantv.az\/index.php?rest_route=%2Fwp%2Fv2%2Fmedia&parent=572396"}],"wp:term":[{"taxonomy":"category","embeddable":true,"href":"https:\/\/arantv.az\/index.php?rest_route=%2Fwp%2Fv2%2Fcategories&post=572396"},{"taxonomy":"post_tag","embeddable":true,"href":"https:\/\/arantv.az\/index.php?rest_route=%2Fwp%2Fv2%2Ftags&post=572396"}],"curies":[{"name":"wp","href":"https:\/\/api.w.org\/{rel}","templated":true}]}}