{"id":572400,"date":"2023-03-03T18:44:51","date_gmt":"2023-03-03T15:44:51","guid":{"rendered":"https:\/\/arantv.az\/?p=572400"},"modified":"2023-03-03T18:44:51","modified_gmt":"2023-03-03T15:44:51","slug":"fao-agalida-layih%c9%99-icra-ed%c9%99c%c9%99k","status":"publish","type":"post","link":"https:\/\/arantv.az\/?p=572400","title":{"rendered":"FAO A\u011fal\u0131da layih\u0259 icra ed\u0259c\u0259k"},"content":{"rendered":"<p>BMT-nin \u018frzaq v\u0259 K\u0259nd T\u0259s\u0259rr\u00fcfat\u0131 T\u0259\u015fkilat\u0131 (FAO) Z\u0259ngilan rayonunun A\u011fal\u0131 k\u0259ndin\u0259 k\u00f6\u00e7\u0259n fermerl\u0259rin bilik v\u0259 bacar\u0131qlar\u0131n\u0131n art\u0131r\u0131lmas\u0131 \u00fc\u00e7\u00fcn layih\u0259 icra ed\u0259c\u0259k.<\/p>\n<div class=\"AdviadNativeVideo\"><\/div>\n<p>Bunu \u201cReport\u201da a\u00e7\u0131qlamas\u0131nda FAO-nun Az\u0259rbaycandak\u0131 n\u00fcmay\u0259nd\u0259sinin k\u00f6m\u0259k\u00e7isi Bariz Mehdiyev bildirib.<\/p>\n<p>\u201cArt\u0131q layih\u0259 t\u0259sdiq edilib v\u0259 h\u00f6kum\u0259t\u0259 t\u0259qdim olunub, bu yax\u0131nlarda icras\u0131na ba\u015flan\u0131lmas\u0131 g\u00f6zl\u0259nilir. \u0130ki illik layih\u0259 FAO-nun Texniki Yard\u0131m Proqram\u0131 \u00e7\u0259r\u00e7iv\u0259sind\u0259, K\u0259nd T\u0259s\u0259rr\u00fcfat\u0131 Nazirliyinin Aqrar Xidm\u0259t Agentliyi il\u0259 birg\u0259 icra edil\u0259c\u0259k. Ondan 300-\u0259 yax\u0131n fermer (benefisiar) b\u0259hr\u0259l\u0259n\u0259c\u0259k. Son 30 ild\u0259 k\u0259nd t\u0259s\u0259rr\u00fcfat\u0131nda istifad\u0259 edil\u0259n texnologiyalar inki\u015faf edib. Layih\u0259 \u00e7\u0259r\u00e7iv\u0259sind\u0259 pilot suvarma sisteml\u0259rinin n\u00fcmayi\u015fi v\u0259 t\u0259tbiqi n\u0259z\u0259rd\u0259 tutulur\u201d, &#8211; dey\u0259 o qeyd edib.<\/p>\n<p>Xat\u0131rladaq ki, A\u011fal\u0131da ilk \u201cA\u011f\u0131ll\u0131 k\u0259nd\u201d layih\u0259si realla\u015fd\u0131r\u0131l\u0131b. Layih\u0259nin t\u0259m\u0259lini 2021-ci ilin aprelind\u0259 Prezident\u00a0<strong>\u0130lham \u018fliyev<\/strong>\u00a0qoyub. 2022-ci il may\u0131n 27-d\u0259 layih\u0259nin birinci m\u0259rh\u0259l\u0259si \u00fczr\u0259 a\u00e7\u0131l\u0131\u015f m\u0259rasimi olub. K\u0259ndd\u0259 m\u00fcasir \u015f\u0259h\u0259rsalma standartlar\u0131 t\u0259tbiq olunub. K\u00fc\u00e7\u0259l\u0259rin \u201ca\u011f\u0131ll\u0131\u201d i\u015f\u0131qland\u0131r\u0131lmas\u0131, isti v\u0259 soyu\u011fadavaml\u0131 ekoloji evl\u0259rin in\u015fas\u0131, m\u0259i\u015f\u0259t tullant\u0131lar\u0131n\u0131n idar\u0259 olunmas\u0131, G\u00fcn\u0259\u015f panell\u0259rinin qura\u015fd\u0131r\u0131lmas\u0131 kimi amill\u0259r bu konsepsiyan\u0131n t\u0259rkib hiss\u0259l\u0259ridir.<\/p>\n<p>Bundan \u0259lav\u0259, \u201cA\u011f\u0131ll\u0131 k\u0259nd\u201d layih\u0259si \u00fc\u00e7\u00fcn \u0259kin plan\u0131 haz\u0131rlan\u0131b. Planda n\u0259z\u0259rd\u0259 tutulmu\u015f torpaq sah\u0259l\u0259rinin \u0259kin\u0259 yararl\u0131l\u0131\u011f\u0131 qiym\u0259tl\u0259ndirilib v\u0259 \u0259kin \u00fc\u00e7\u00fcn haz\u0131rl\u0131\u011fa ba\u015flan\u0131l\u0131b. \u018fkin plan\u0131na \u0259sas\u0259n m\u00fc\u0259yy\u0259nl\u0259\u015fdiril\u0259n 600 hektar \u0259razid\u0259n 412 hektar\u0131n\u0131n minalardan t\u0259mizl\u0259nm\u0259si \u00fc\u00e7\u00fcn m\u00fcvafiq i\u015fl\u0259r apar\u0131l\u0131b.<\/p>\n","protected":false},"excerpt":{"rendered":"<p>BMT-nin \u018frzaq v\u0259 K\u0259nd T\u0259s\u0259rr\u00fcfat\u0131 T\u0259\u015fkilat\u0131 (FAO) Z\u0259ngilan rayonunun A\u011fal\u0131 k\u0259ndin\u0259 k\u00f6\u00e7\u0259n fermerl\u0259rin bilik v\u0259 bacar\u0131qlar\u0131n\u0131n art\u0131r\u0131lmas\u0131 \u00fc\u00e7\u00fcn layih\u0259 icra ed\u0259c\u0259k. Bunu \u201cReport\u201da a\u00e7\u0131qlamas\u0131nda FAO-nun Az\u0259rbaycandak\u0131 n\u00fcmay\u0259nd\u0259sinin k\u00f6m\u0259k\u00e7isi Bariz Mehdiyev bildirib. \u201cArt\u0131q layih\u0259 t\u0259sdiq edilib v\u0259 h\u00f6kum\u0259t\u0259 t\u0259qdim olunub, bu yax\u0131nlarda icras\u0131na ba\u015flan\u0131lmas\u0131 g\u00f6zl\u0259nilir. \u0130ki illik layih\u0259 FAO-nun Texniki Yard\u0131m Proqram\u0131 \u00e7\u0259r\u00e7iv\u0259sind\u0259, K\u0259nd T\u0259s\u0259rr\u00fcfat\u0131 Nazirliyinin Aqrar Xidm\u0259t Agentliyi il\u0259 birg\u0259 icra edil\u0259c\u0259k. Ondan 300-\u0259 yax\u0131n fermer (benefisiar) b\u0259hr\u0259l\u0259n\u0259c\u0259k. Son 30 ild\u0259 k\u0259nd t\u0259s\u0259rr\u00fcfat\u0131nda istifad\u0259 edil\u0259n texnologiyalar inki\u015faf edib. Layih\u0259 \u00e7\u0259r\u00e7iv\u0259sind\u0259 pilot suvarma sisteml\u0259rinin n\u00fcmayi\u015fi v\u0259 t\u0259tbiqi n\u0259z\u0259rd\u0259 tutulur\u201d, &#8211; dey\u0259&hellip;<\/p>\n","protected":false},"author":2,"featured_media":572401,"comment_status":"closed","ping_status":"closed","sticky":false,"template":"","format":"standard","meta":{"om_disable_all_campaigns":false,"_monsterinsights_skip_tracking":false,"_monsterinsights_sitenote_active":false,"_monsterinsights_sitenote_note":"","_monsterinsights_sitenote_category":0},"categories":[19],"tags":[],"aioseo_notices":[],"gutentor_comment":0,"rttpg_featured_image_url":{"full":["https:\/\/arantv.az\/wp-content\/uploads\/2023\/03\/fao.jpg",620,413,false],"landscape":["https:\/\/arantv.az\/wp-content\/uploads\/2023\/03\/fao.jpg",620,413,false],"portraits":["https:\/\/arantv.az\/wp-content\/uploads\/2023\/03\/fao.jpg",620,413,false],"thumbnail":["https:\/\/arantv.az\/wp-content\/uploads\/2023\/03\/fao-500x280.jpg",500,280,true],"medium":["https:\/\/arantv.az\/wp-content\/uploads\/2023\/03\/fao-548x365.jpg",548,365,true],"large":["https:\/\/arantv.az\/wp-content\/uploads\/2023\/03\/fao.jpg",620,413,false],"1536x1536":["https:\/\/arantv.az\/wp-content\/uploads\/2023\/03\/fao.jpg",620,413,false],"2048x2048":["https:\/\/arantv.az\/wp-content\/uploads\/2023\/03\/fao.jpg",620,413,false],"post-thumbnail":["https:\/\/arantv.az\/wp-content\/uploads\/2023\/03\/fao-240x172.jpg",240,172,true],"advps-thumb-one":["https:\/\/arantv.az\/wp-content\/uploads\/2023\/03\/fao.jpg",620,413,false]},"rttpg_author":{"display_name":"V\u00fcsal Rafiqo\u011flu","author_link":"https:\/\/arantv.az\/?author=2"},"rttpg_comment":0,"rttpg_category":"<a href=\"https:\/\/arantv.az\/?cat=19\" rel=\"category\">G\u00fcnd\u0259m<\/a>","rttpg_excerpt":"BMT-nin \u018frzaq v\u0259 K\u0259nd T\u0259s\u0259rr\u00fcfat\u0131 T\u0259\u015fkilat\u0131 (FAO) Z\u0259ngilan rayonunun A\u011fal\u0131 k\u0259ndin\u0259 k\u00f6\u00e7\u0259n fermerl\u0259rin bilik v\u0259 bacar\u0131qlar\u0131n\u0131n art\u0131r\u0131lmas\u0131 \u00fc\u00e7\u00fcn layih\u0259 icra ed\u0259c\u0259k. Bunu \u201cReport\u201da a\u00e7\u0131qlamas\u0131nda FAO-nun Az\u0259rbaycandak\u0131 n\u00fcmay\u0259nd\u0259sinin k\u00f6m\u0259k\u00e7isi Bariz Mehdiyev bildirib. \u201cArt\u0131q layih\u0259 t\u0259sdiq edilib v\u0259 h\u00f6kum\u0259t\u0259 t\u0259qdim olunub, bu yax\u0131nlarda icras\u0131na ba\u015flan\u0131lmas\u0131 g\u00f6zl\u0259nilir. \u0130ki illik layih\u0259 FAO-nun Texniki Yard\u0131m Proqram\u0131 \u00e7\u0259r\u00e7iv\u0259sind\u0259, K\u0259nd T\u0259s\u0259rr\u00fcfat\u0131 Nazirliyinin&hellip;","_links":{"self":[{"href":"https:\/\/arantv.az\/index.php?rest_route=\/wp\/v2\/posts\/572400"}],"collection":[{"href":"https:\/\/arantv.az\/index.php?rest_route=\/wp\/v2\/posts"}],"about":[{"href":"https:\/\/arantv.az\/index.php?rest_route=\/wp\/v2\/types\/post"}],"author":[{"embeddable":true,"href":"https:\/\/arantv.az\/index.php?rest_route=\/wp\/v2\/users\/2"}],"replies":[{"embeddable":true,"href":"https:\/\/arantv.az\/index.php?rest_route=%2Fwp%2Fv2%2Fcomments&post=572400"}],"version-history":[{"count":0,"href":"https:\/\/arantv.az\/index.php?rest_route=\/wp\/v2\/posts\/572400\/revisions"}],"wp:featuredmedia":[{"embeddable":true,"href":"https:\/\/arantv.az\/index.php?rest_route=\/wp\/v2\/media\/572401"}],"wp:attachment":[{"href":"https:\/\/arantv.az\/index.php?rest_route=%2Fwp%2Fv2%2Fmedia&parent=572400"}],"wp:term":[{"taxonomy":"category","embeddable":true,"href":"https:\/\/arantv.az\/index.php?rest_route=%2Fwp%2Fv2%2Fcategories&post=572400"},{"taxonomy":"post_tag","embeddable":true,"href":"https:\/\/arantv.az\/index.php?rest_route=%2Fwp%2Fv2%2Ftags&post=572400"}],"curies":[{"name":"wp","href":"https:\/\/api.w.org\/{rel}","templated":true}]}}