{"id":572404,"date":"2023-03-03T18:45:43","date_gmt":"2023-03-03T15:45:43","guid":{"rendered":"https:\/\/arantv.az\/?p=572404"},"modified":"2023-03-03T18:45:43","modified_gmt":"2023-03-03T15:45:43","slug":"milli-m%c9%99clisd%c9%99-fransa-senatinin-uzvu-natali-qule-il%c9%99-gorus-kecirilib-foto","status":"publish","type":"post","link":"https:\/\/arantv.az\/?p=572404","title":{"rendered":"Milli M\u0259clisd\u0259 Fransa Senat\u0131n\u0131n \u00fczv\u00fc Natali Qule il\u0259 g\u00f6r\u00fc\u015f ke\u00e7irilib &#8211; FOTO"},"content":{"rendered":"<p>Milli M\u0259clisin Az\u0259rbaycan-Fransa parlamentl\u0259raras\u0131 \u0259laq\u0259l\u0259r \u00fczr\u0259 i\u015f\u00e7i qrupunun r\u0259hb\u0259ri Soltan M\u0259mm\u0259dov \u00f6lk\u0259mizd\u0259 s\u0259f\u0259rd\u0259 olan Fransa Senat\u0131n\u0131n \u00fczv\u00fc Natali Qule il\u0259 g\u00f6r\u00fc\u015f\u00fcb.<\/p>\n<div class=\"AdviadNativeVideo\"><\/div>\n<p>\u201cReport\u201d\u00a0x\u0259b\u0259r verir ki, Soltan M\u0259mm\u0259dov qonaqlar\u0131 salamlayaraq, Az\u0259rbaycan v\u0259 Fransa \u0259laq\u0259l\u0259ri, Fransa Senat\u0131n\u0131n v\u0259 Milli Assambleyas\u0131n\u0131n Az\u0259rbaycana qar\u015f\u0131 q\u0259bul etdiyi q\u0259r\u0259zli q\u0259tnam\u0259l\u0259r, Erm\u0259nistanla Az\u0259rbaycan aras\u0131nda s\u00fclh dan\u0131\u015f\u0131qlar\u0131na mane\u0259 t\u00f6r\u0259d\u0259n amill\u0259r bar\u0259d\u0259 dan\u0131\u015f\u0131b.<\/p>\n<p>S\u00f6hb\u0259t zaman\u0131 Az\u0259rbaycan\u0131n 2020-ci ild\u0259 \u00f6z torpaqlar\u0131n\u0131 Erm\u0259nistan\u0131n i\u015f\u011fal\u0131ndan azad etm\u0259sind\u0259n sonra regionda yaranm\u0131\u015f yeni reall\u0131q, 2020-ci ilin noyabr\u0131nda Az\u0259rbaycan, Rusiya v\u0259 Erm\u0259nistan r\u0259hb\u0259rliyi t\u0259r\u0259find\u0259n imzalanm\u0131\u015f \u00dc\u00e7t\u0259r\u0259fli B\u0259yanat\u0131n icras\u0131, Az\u0259rbaycanla Erm\u0259nistan aras\u0131nda s\u00fclh dan\u0131\u015f\u0131qlar\u0131n\u0131n gedi\u015fi, az\u0259rbaycanl\u0131 ekof\u0259allar\u0131n La\u00e7\u0131n-Xank\u0259ndi yolunda ke\u00e7irdiyi aksiya, Qaraba\u011f iqtisadi rayonunda ya\u015fayan erm\u0259nil\u0259rl\u0259 ke\u00e7irilmi\u015f g\u00f6r\u00fc\u015f\u00fcn \u0259h\u0259miyy\u0259ti v\u0259 dig\u0259r m\u0259s\u0259l\u0259l\u0259r bar\u0259d\u0259 m\u00fczakir\u0259l\u0259r apar\u0131l\u0131b.<\/p>\n<p>G\u00f6r\u00fc\u015fd\u0259 Milli M\u0259clisin Fransa il\u0259 parlamentl\u0259raras\u0131 \u0259laq\u0259l\u0259r \u00fczr\u0259 i\u015f\u00e7i qrupunun \u00fczv\u00fc Cavan\u015fir Feyziyev, Tural G\u0259nc\u0259liyev, Nigar Arpadarai, Fransan\u0131n \u00f6lk\u0259mizd\u0259ki s\u0259firi Ann Buayon v\u0259 dig\u0259r r\u0259smi \u015f\u0259xsl\u0259r i\u015ftirak edibl\u0259r.<\/p>\n<p>&nbsp;<\/p>\n<div class=\"gallery\">\n<div class=\"gallery-i\"><img src=\"https:\/\/cdn.oxu.az\/uploads\/W1siZiIsIjIwMjMvMDMvMDMvMTgvNTIvNDIvMjliMmE2M2UtNDNhZi00ZDYzLTgwYjUtNDY5NDEzMzBlMzFjLzkzZDNhZmZkLWZiZWQtM2Y5OC05ZWMzLWM2OTY1NmIzOTc1NS5qcGciXSxbInAiLCJlbmNvZGUiLCJqcGciLCItcXVhbGl0eSA4MCJdLFsicCIsInRodW1iIiwiNTkweDU5MFx1MDAzZSJdXQ?sha=d84d7d04b762f0ea\" alt=\"\" \/><\/p>\n<div class=\"gallery-i-caption\"><\/div>\n<\/div>\n<div class=\"gallery-i\"><img src=\"https:\/\/cdn.oxu.az\/uploads\/W1siZiIsIjIwMjMvMDMvMDMvMTgvNTIvNDIvYjYwOWQyMWMtYjM4OC00Yzk4LTk4MmEtNmRhNDgwNjEwZWJiLzVlYjg3OThkLTY4MzktMzBjOC05M2ZmLTBlNTUwZjZlZjJlOC5qcGciXSxbInAiLCJlbmNvZGUiLCJqcGciLCItcXVhbGl0eSA4MCJdLFsicCIsInRodW1iIiwiNTkweDU5MFx1MDAzZSJdXQ?sha=6ed1f7bbd34855eb\" alt=\"\" \/><\/div>\n<\/div>\n","protected":false},"excerpt":{"rendered":"<p>Milli M\u0259clisin Az\u0259rbaycan-Fransa parlamentl\u0259raras\u0131 \u0259laq\u0259l\u0259r \u00fczr\u0259 i\u015f\u00e7i qrupunun r\u0259hb\u0259ri Soltan M\u0259mm\u0259dov \u00f6lk\u0259mizd\u0259 s\u0259f\u0259rd\u0259 olan Fransa Senat\u0131n\u0131n \u00fczv\u00fc Natali Qule il\u0259 g\u00f6r\u00fc\u015f\u00fcb. \u201cReport\u201d\u00a0x\u0259b\u0259r verir ki, Soltan M\u0259mm\u0259dov qonaqlar\u0131 salamlayaraq, Az\u0259rbaycan v\u0259 Fransa \u0259laq\u0259l\u0259ri, Fransa Senat\u0131n\u0131n v\u0259 Milli Assambleyas\u0131n\u0131n Az\u0259rbaycana qar\u015f\u0131 q\u0259bul etdiyi q\u0259r\u0259zli q\u0259tnam\u0259l\u0259r, Erm\u0259nistanla Az\u0259rbaycan aras\u0131nda s\u00fclh dan\u0131\u015f\u0131qlar\u0131na mane\u0259 t\u00f6r\u0259d\u0259n amill\u0259r bar\u0259d\u0259 dan\u0131\u015f\u0131b. S\u00f6hb\u0259t zaman\u0131 Az\u0259rbaycan\u0131n 2020-ci ild\u0259 \u00f6z torpaqlar\u0131n\u0131 Erm\u0259nistan\u0131n i\u015f\u011fal\u0131ndan azad etm\u0259sind\u0259n sonra regionda yaranm\u0131\u015f yeni reall\u0131q, 2020-ci ilin noyabr\u0131nda Az\u0259rbaycan, Rusiya v\u0259 Erm\u0259nistan r\u0259hb\u0259rliyi t\u0259r\u0259find\u0259n imzalanm\u0131\u015f \u00dc\u00e7t\u0259r\u0259fli B\u0259yanat\u0131n icras\u0131, Az\u0259rbaycanla Erm\u0259nistan aras\u0131nda s\u00fclh dan\u0131\u015f\u0131qlar\u0131n\u0131n gedi\u015fi, az\u0259rbaycanl\u0131 ekof\u0259allar\u0131n&hellip;<\/p>\n","protected":false},"author":2,"featured_media":572405,"comment_status":"closed","ping_status":"closed","sticky":false,"template":"","format":"standard","meta":{"om_disable_all_campaigns":false,"_monsterinsights_skip_tracking":false,"_monsterinsights_sitenote_active":false,"_monsterinsights_sitenote_note":"","_monsterinsights_sitenote_category":0},"categories":[4],"tags":[],"aioseo_notices":[],"gutentor_comment":0,"rttpg_featured_image_url":{"full":["https:\/\/arantv.az\/wp-content\/uploads\/2023\/03\/FotoJet-2023-03-03T185214.145.jpg",620,413,false],"landscape":["https:\/\/arantv.az\/wp-content\/uploads\/2023\/03\/FotoJet-2023-03-03T185214.145.jpg",620,413,false],"portraits":["https:\/\/arantv.az\/wp-content\/uploads\/2023\/03\/FotoJet-2023-03-03T185214.145.jpg",620,413,false],"thumbnail":["https:\/\/arantv.az\/wp-content\/uploads\/2023\/03\/FotoJet-2023-03-03T185214.145-500x280.jpg",500,280,true],"medium":["https:\/\/arantv.az\/wp-content\/uploads\/2023\/03\/FotoJet-2023-03-03T185214.145-548x365.jpg",548,365,true],"large":["https:\/\/arantv.az\/wp-content\/uploads\/2023\/03\/FotoJet-2023-03-03T185214.145.jpg",620,413,false],"1536x1536":["https:\/\/arantv.az\/wp-content\/uploads\/2023\/03\/FotoJet-2023-03-03T185214.145.jpg",620,413,false],"2048x2048":["https:\/\/arantv.az\/wp-content\/uploads\/2023\/03\/FotoJet-2023-03-03T185214.145.jpg",620,413,false],"post-thumbnail":["https:\/\/arantv.az\/wp-content\/uploads\/2023\/03\/FotoJet-2023-03-03T185214.145-240x172.jpg",240,172,true],"advps-thumb-one":["https:\/\/arantv.az\/wp-content\/uploads\/2023\/03\/FotoJet-2023-03-03T185214.145.jpg",620,413,false]},"rttpg_author":{"display_name":"V\u00fcsal Rafiqo\u011flu","author_link":"https:\/\/arantv.az\/?author=2"},"rttpg_comment":0,"rttpg_category":"<a href=\"https:\/\/arantv.az\/?cat=4\" rel=\"category\">Siyas\u0259t<\/a>","rttpg_excerpt":"Milli M\u0259clisin Az\u0259rbaycan-Fransa parlamentl\u0259raras\u0131 \u0259laq\u0259l\u0259r \u00fczr\u0259 i\u015f\u00e7i qrupunun r\u0259hb\u0259ri Soltan M\u0259mm\u0259dov \u00f6lk\u0259mizd\u0259 s\u0259f\u0259rd\u0259 olan Fransa Senat\u0131n\u0131n \u00fczv\u00fc Natali Qule il\u0259 g\u00f6r\u00fc\u015f\u00fcb. \u201cReport\u201d\u00a0x\u0259b\u0259r verir ki, Soltan M\u0259mm\u0259dov qonaqlar\u0131 salamlayaraq, Az\u0259rbaycan v\u0259 Fransa \u0259laq\u0259l\u0259ri, Fransa Senat\u0131n\u0131n v\u0259 Milli Assambleyas\u0131n\u0131n Az\u0259rbaycana qar\u015f\u0131 q\u0259bul etdiyi q\u0259r\u0259zli q\u0259tnam\u0259l\u0259r, Erm\u0259nistanla Az\u0259rbaycan aras\u0131nda s\u00fclh dan\u0131\u015f\u0131qlar\u0131na mane\u0259 t\u00f6r\u0259d\u0259n amill\u0259r bar\u0259d\u0259 dan\u0131\u015f\u0131b. S\u00f6hb\u0259t zaman\u0131&hellip;","_links":{"self":[{"href":"https:\/\/arantv.az\/index.php?rest_route=\/wp\/v2\/posts\/572404"}],"collection":[{"href":"https:\/\/arantv.az\/index.php?rest_route=\/wp\/v2\/posts"}],"about":[{"href":"https:\/\/arantv.az\/index.php?rest_route=\/wp\/v2\/types\/post"}],"author":[{"embeddable":true,"href":"https:\/\/arantv.az\/index.php?rest_route=\/wp\/v2\/users\/2"}],"replies":[{"embeddable":true,"href":"https:\/\/arantv.az\/index.php?rest_route=%2Fwp%2Fv2%2Fcomments&post=572404"}],"version-history":[{"count":0,"href":"https:\/\/arantv.az\/index.php?rest_route=\/wp\/v2\/posts\/572404\/revisions"}],"wp:featuredmedia":[{"embeddable":true,"href":"https:\/\/arantv.az\/index.php?rest_route=\/wp\/v2\/media\/572405"}],"wp:attachment":[{"href":"https:\/\/arantv.az\/index.php?rest_route=%2Fwp%2Fv2%2Fmedia&parent=572404"}],"wp:term":[{"taxonomy":"category","embeddable":true,"href":"https:\/\/arantv.az\/index.php?rest_route=%2Fwp%2Fv2%2Fcategories&post=572404"},{"taxonomy":"post_tag","embeddable":true,"href":"https:\/\/arantv.az\/index.php?rest_route=%2Fwp%2Fv2%2Ftags&post=572404"}],"curies":[{"name":"wp","href":"https:\/\/api.w.org\/{rel}","templated":true}]}}