{"id":572422,"date":"2023-03-04T00:22:40","date_gmt":"2023-03-03T21:22:40","guid":{"rendered":"https:\/\/arantv.az\/?p=572422"},"modified":"2023-03-04T00:22:40","modified_gmt":"2023-03-03T21:22:40","slug":"b%c9%99rd%c9%99d%c9%99-heyd%c9%99r-%c9%99liyev-v%c9%99-huquqi-dovl%c9%99t-quruculugu-adli-isguzar-konfrans-kecirilib-foto-video","status":"publish","type":"post","link":"https:\/\/arantv.az\/?p=572422","title":{"rendered":"B\u0259rd\u0259d\u0259 \u201cHeyd\u0259r \u018fliyev v\u0259 h\u00fcquqi d\u00f6vl\u0259t quruculu\u011fu\u201d adl\u0131 i\u015fg\u00fczar konfrans ke\u00e7irilib- FOTO\/V\u0130DEO"},"content":{"rendered":"<p><iframe loading=\"lazy\" title=\"B\u0259rd\u0259d\u0259 \u201cHeyd\u0259r \u018fliyev v\u0259 h\u00fcquqi d\u00f6vl\u0259t quruculu\u011fu\u201d adl\u0131 i\u015fg\u00fczar konfrans ke\u00e7irilib\" width=\"640\" height=\"360\" src=\"https:\/\/www.youtube.com\/embed\/1MhfMX0NqDk?feature=oembed\" frameborder=\"0\" allow=\"accelerometer; autoplay; clipboard-write; encrypted-media; gyroscope; picture-in-picture; web-share\" allowfullscreen><\/iframe><\/p>\n<p>Az\u0259rbaycan Respublikas\u0131nda 2023-c\u00fc ilin \u201cHeyd\u0259r \u018fliyev \u0130li\u201d elan edilm\u0259si il\u0259 \u0259laq\u0259dar h\u0259yata ke\u00e7iril\u0259n silsil\u0259 t\u0259dbirl\u0259rin davam\u0131 olaraq, mart\u0131n 3-d\u0259 B\u0259rd\u0259 \u015f\u0259h\u0259rind\u0259 \u201cHeyd\u0259r \u018fliyev v\u0259 h\u00fcquqi d\u00f6vl\u0259t quruculu\u011fu\u201d adl\u0131 i\u015fg\u00fczar konfrans ke\u00e7irilib.<\/p>\n<p>Konfrans i\u015ftirak\u00e7\u0131lar\u0131 \u0259vv\u0259lc\u0259 \u00fcmummilli lider Heyd\u0259r \u018fliyevin B\u0259rd\u0259 \u015f\u0259h\u0259rinin m\u0259rk\u0259zind\u0259 ucald\u0131lm\u0131\u015f abid\u0259sini ziyar\u0259t edib daha sonra B\u0259rd\u0259 rayon Heyd\u0259r \u018fliyev m\u0259rk\u0259zind\u0259 olub.<\/p>\n<p>Konfrans\u0131n a\u00e7\u0131l\u0131\u015f\u0131nda Az\u0259rbaycan Respublikas\u0131n\u0131n D\u00f6vl\u0259t Himni s\u0259sl\u0259ndirildikd\u0259n sonra t\u0259dbird\u0259 \u00e7\u0131x\u0131\u015f ed\u0259n Ba\u015f Prokurorlu\u011fun idar\u0259 r\u0259isi Natiq Abdullayev fenomenal \u015f\u0259xsiyy\u0259t, dahi lider Heyd\u0259r \u018fliyevin q\u0259tiyy\u0259tli m\u00fcbariz\u0259si n\u0259tic\u0259sind\u0259 Az\u0259rbaycan\u0131n m\u00fcst\u0259qilliyini \u0259ld\u0259 olunmas\u0131ndan sonra \u00f6lk\u0259d\u0259 apar\u0131lan h\u0259rt\u0259r\u0259fli m\u0259hk\u0259m\u0259-h\u00fcquq islahatlar\u0131n\u0131, o c\u00fcml\u0259d\u0259n prokurorluq orqanlar\u0131n\u0131n mahiyy\u0259t v\u0259 struktur bax\u0131m\u0131ndan yenid\u0259n qurulmas\u0131n\u0131, y\u00fcks\u0259k n\u0259z\u0259ri biliy\u0259 v\u0259 pe\u015f\u0259karl\u0131\u011fa malik kadrlarla komplektl\u0259\u015fdirilm\u0259sini, f\u0259aliyy\u0259tin beyn\u0259lxalq standartlara uy\u011fun formala\u015fd\u0131r\u0131lmaqla m\u00fcasir d\u00f6vl\u0259t t\u0259sisat\u0131na \u00e7evrilm\u0259sini diqq\u0259t\u0259 \u00e7atd\u0131r\u0131b.<\/p>\n<p>Konfrans zaman\u0131 \u00e7\u0131x\u0131\u015f ed\u0259n B\u0259rd\u0259 Rayon \u0130cra Hakimiyy\u0259tinin ba\u015f\u00e7\u0131s\u0131 Vidadi \u0130sayev m\u00f6t\u0259b\u0259r t\u0259dbirin B\u0259rd\u0259 \u015f\u0259h\u0259rind\u0259 t\u0259\u015fkilind\u0259n m\u0259mnunlu\u011funu ifad\u0259 ed\u0259r\u0259k, \u00f6lk\u0259mizd\u0259 ictimai-siyasi sabitliy\u0259 m\u0259hz \u00fcmummilli lider Heyd\u0259r \u018fliyevin hakimiyy\u0259t\u0259 yenid\u0259n qay\u0131d\u0131\u015f\u0131ndan sonra nail olundu\u011funu, ulu \u00f6nd\u0259rin d\u00f6vl\u0259timizin m\u00f6hk\u0259ml\u0259nm\u0259sind\u0259 v\u0259 Az\u0259rbaycan d\u00f6vl\u0259t\u00e7iliyin\u0259 y\u00f6n\u0259lmi\u015f q\u0259sdl\u0259rin qar\u015f\u0131s\u0131n\u0131n al\u0131nmas\u0131nda b\u00f6y\u00fck rol oynad\u0131\u011f\u0131n\u0131 diqq\u0259t\u0259 \u00e7atd\u0131r\u0131b.<\/p>\n<p>Konfransda, h\u0259m\u00e7inin, B\u0259rd\u0259 rayon prokuroru R\u0259\u015fad \u0130sg\u0259nd\u0259rov, Ba\u015f Prokurorlu\u011fun M\u0259tbuat xidm\u0259tinin b\u00f6y\u00fck prokuroru K\u0259nan Zeynalov, Daxili \u0130\u015fl\u0259r Nazirliyinin \u015f\u00f6b\u0259 r\u0259isi El\u015fad Hac\u0131yev, M\u00fcdafi\u0259 Nazirliyinin M\u0259tbuat Xidm\u0259tinin r\u0259isi Anar Eyvazov, Ombudsman Aparat\u0131nda sektor m\u00fcdiri M\u00fcqalib Mahmudov, QHT s\u0259dri Ceyhun Musayev, B\u0259rd\u0259 rayon A\u011fsaqqallar \u015euras\u0131n\u0131n s\u0259dri Ya\u015far Zamanov \u00fcmummilli lider Heyd\u0259r \u018fliyevin g\u0259ncl\u0259r siyas\u0259ti, ordu quruculu\u011fu v\u0259 insan h\u00fcquqlar\u0131na veril\u0259n d\u0259y\u0259r, Ulu \u00f6nd\u0259rin xilaskarl\u0131q missiyas\u0131 v\u0259 z\u0259ngin d\u00f6vl\u0259t\u00e7ilik irsi m\u00f6vzular\u0131nda \u00e7\u0131x\u0131\u015f edibl\u0259r.<\/p>\n<p>T\u0259dbir i\u015ftirak\u00e7\u0131lar\u0131 Az\u0259rbaycan Respublikas\u0131n\u0131n Ba\u015f prokuroru Kamran \u018fliyevin ideya m\u00fc\u0259llifliyi \u0259sas\u0131nda \u0259rs\u0259y\u0259 g\u0259lmi\u015f \u00fcmummilli liderin xatir\u0259sin\u0259 h\u0259sr olunmu\u015f \u201cQanun namin\u0259-Heyd\u0259r \u018fliyev salnam\u0259si\u201d adl\u0131 s\u0259n\u0259dli film\u0259 bax\u0131blar.<\/p>\n<p>Daha sonra d\u00f6vl\u0259t qurumlar\u0131 il\u0259 qeyri-h\u00f6kum\u0259t t\u0259\u015fkilatlar\u0131 v\u0259 b\u00f6lg\u0259 medias\u0131 aras\u0131nda operativ v\u0259 s\u0259m\u0259r\u0259li \u0259m\u0259kda\u015fl\u0131\u011f\u0131n qurulmas\u0131 m\u0259qs\u0259dil\u0259 fikir m\u00fcbadil\u0259si apar\u0131l\u0131b. Sonda xatir\u0259 foto\u015f\u0259kli \u00e7\u0259kilib.<\/p>\n<p><img loading=\"lazy\" class=\"alignnone size-medium wp-image-572423\" src=\"https:\/\/arantv.az\/wp-content\/uploads\/2023\/03\/330567774_551033240427862_6071126595030299764_n-547x365.jpg\" alt=\"\" width=\"547\" height=\"365\" \/> <img loading=\"lazy\" class=\"alignnone size-medium wp-image-572424\" src=\"https:\/\/arantv.az\/wp-content\/uploads\/2023\/03\/330310929_1270738873537566_1013495547383122315_n-548x365.jpg\" alt=\"\" width=\"548\" height=\"365\" \/> <img loading=\"lazy\" class=\"alignnone size-medium wp-image-572425\" src=\"https:\/\/arantv.az\/wp-content\/uploads\/2023\/03\/333524013_884872682739814_992393130714346096_n-548x365.jpg\" alt=\"\" width=\"548\" height=\"365\" \/> <img loading=\"lazy\" class=\"alignnone size-medium wp-image-572426\" src=\"https:\/\/arantv.az\/wp-content\/uploads\/2023\/03\/334544018_103794052642949_1185961822466446128_n-547x365.jpg\" alt=\"\" width=\"547\" height=\"365\" \/> <img loading=\"lazy\" class=\"alignnone size-medium wp-image-572427\" src=\"https:\/\/arantv.az\/wp-content\/uploads\/2023\/03\/334785286_1848663655501374_5246502651624697363_n-548x365.jpg\" alt=\"\" width=\"548\" height=\"365\" \/> <img loading=\"lazy\" class=\"alignnone size-medium wp-image-572428\" src=\"https:\/\/arantv.az\/wp-content\/uploads\/2023\/03\/334446198_155704163998957_5237940567392001253_n-547x365.jpg\" alt=\"\" width=\"547\" height=\"365\" \/> <img loading=\"lazy\" class=\"alignnone size-medium wp-image-572429\" src=\"https:\/\/arantv.az\/wp-content\/uploads\/2023\/03\/330131731_1483297228866489_4288651703994355305_n-548x365.jpg\" alt=\"\" width=\"548\" height=\"365\" \/><\/p>\n<p>&nbsp;<\/p>\n<p>&nbsp;<\/p>\n","protected":false},"excerpt":{"rendered":"<p>Az\u0259rbaycan Respublikas\u0131nda 2023-c\u00fc ilin \u201cHeyd\u0259r \u018fliyev \u0130li\u201d elan edilm\u0259si il\u0259 \u0259laq\u0259dar h\u0259yata ke\u00e7iril\u0259n silsil\u0259 t\u0259dbirl\u0259rin davam\u0131 olaraq, mart\u0131n 3-d\u0259 B\u0259rd\u0259 \u015f\u0259h\u0259rind\u0259 \u201cHeyd\u0259r \u018fliyev v\u0259 h\u00fcquqi d\u00f6vl\u0259t quruculu\u011fu\u201d adl\u0131 i\u015fg\u00fczar konfrans ke\u00e7irilib. Konfrans i\u015ftirak\u00e7\u0131lar\u0131 \u0259vv\u0259lc\u0259 \u00fcmummilli lider Heyd\u0259r \u018fliyevin B\u0259rd\u0259 \u015f\u0259h\u0259rinin m\u0259rk\u0259zind\u0259 ucald\u0131lm\u0131\u015f abid\u0259sini ziyar\u0259t edib daha sonra B\u0259rd\u0259 rayon Heyd\u0259r \u018fliyev m\u0259rk\u0259zind\u0259 olub. Konfrans\u0131n a\u00e7\u0131l\u0131\u015f\u0131nda Az\u0259rbaycan Respublikas\u0131n\u0131n D\u00f6vl\u0259t Himni s\u0259sl\u0259ndirildikd\u0259n sonra t\u0259dbird\u0259 \u00e7\u0131x\u0131\u015f ed\u0259n Ba\u015f Prokurorlu\u011fun idar\u0259 r\u0259isi Natiq Abdullayev fenomenal \u015f\u0259xsiyy\u0259t, dahi lider Heyd\u0259r \u018fliyevin q\u0259tiyy\u0259tli m\u00fcbariz\u0259si n\u0259tic\u0259sind\u0259 Az\u0259rbaycan\u0131n m\u00fcst\u0259qilliyini \u0259ld\u0259 olunmas\u0131ndan sonra \u00f6lk\u0259d\u0259 apar\u0131lan h\u0259rt\u0259r\u0259fli m\u0259hk\u0259m\u0259-h\u00fcquq islahatlar\u0131n\u0131, o&hellip;<\/p>\n","protected":false},"author":2,"featured_media":572430,"comment_status":"closed","ping_status":"closed","sticky":false,"template":"","format":"standard","meta":{"om_disable_all_campaigns":false,"_monsterinsights_skip_tracking":false,"_monsterinsights_sitenote_active":false,"_monsterinsights_sitenote_note":"","_monsterinsights_sitenote_category":0},"categories":[28,11,2],"tags":[],"aioseo_notices":[],"gutentor_comment":0,"rttpg_featured_image_url":{"full":["https:\/\/arantv.az\/wp-content\/uploads\/2023\/03\/334892461_153136300931352_5331066843400141228_n.jpg",1080,605,false],"landscape":["https:\/\/arantv.az\/wp-content\/uploads\/2023\/03\/334892461_153136300931352_5331066843400141228_n.jpg",1080,605,false],"portraits":["https:\/\/arantv.az\/wp-content\/uploads\/2023\/03\/334892461_153136300931352_5331066843400141228_n.jpg",1080,605,false],"thumbnail":["https:\/\/arantv.az\/wp-content\/uploads\/2023\/03\/334892461_153136300931352_5331066843400141228_n-500x280.jpg",500,280,true],"medium":["https:\/\/arantv.az\/wp-content\/uploads\/2023\/03\/334892461_153136300931352_5331066843400141228_n-652x365.jpg",652,365,true],"large":["https:\/\/arantv.az\/wp-content\/uploads\/2023\/03\/334892461_153136300931352_5331066843400141228_n-840x471.jpg",640,359,true],"1536x1536":["https:\/\/arantv.az\/wp-content\/uploads\/2023\/03\/334892461_153136300931352_5331066843400141228_n.jpg",1080,605,false],"2048x2048":["https:\/\/arantv.az\/wp-content\/uploads\/2023\/03\/334892461_153136300931352_5331066843400141228_n.jpg",1080,605,false],"post-thumbnail":["https:\/\/arantv.az\/wp-content\/uploads\/2023\/03\/334892461_153136300931352_5331066843400141228_n-240x172.jpg",240,172,true],"advps-thumb-one":["https:\/\/arantv.az\/wp-content\/uploads\/2023\/03\/334892461_153136300931352_5331066843400141228_n.jpg",1080,605,false]},"rttpg_author":{"display_name":"V\u00fcsal Rafiqo\u011flu","author_link":"https:\/\/arantv.az\/?author=2"},"rttpg_comment":0,"rttpg_category":"<a href=\"https:\/\/arantv.az\/?cat=28\" rel=\"category\">ARAN TV<\/a> <a href=\"https:\/\/arantv.az\/?cat=11\" rel=\"category\">Manset<\/a> <a href=\"https:\/\/arantv.az\/?cat=2\" rel=\"category\">Region X\u0259b\u0259rl\u0259ri<\/a>","rttpg_excerpt":"Az\u0259rbaycan Respublikas\u0131nda 2023-c\u00fc ilin \u201cHeyd\u0259r \u018fliyev \u0130li\u201d elan edilm\u0259si il\u0259 \u0259laq\u0259dar h\u0259yata ke\u00e7iril\u0259n silsil\u0259 t\u0259dbirl\u0259rin davam\u0131 olaraq, mart\u0131n 3-d\u0259 B\u0259rd\u0259 \u015f\u0259h\u0259rind\u0259 \u201cHeyd\u0259r \u018fliyev v\u0259 h\u00fcquqi d\u00f6vl\u0259t quruculu\u011fu\u201d adl\u0131 i\u015fg\u00fczar konfrans ke\u00e7irilib. Konfrans i\u015ftirak\u00e7\u0131lar\u0131 \u0259vv\u0259lc\u0259 \u00fcmummilli lider Heyd\u0259r \u018fliyevin B\u0259rd\u0259 \u015f\u0259h\u0259rinin m\u0259rk\u0259zind\u0259 ucald\u0131lm\u0131\u015f abid\u0259sini ziyar\u0259t edib daha sonra B\u0259rd\u0259 rayon Heyd\u0259r \u018fliyev m\u0259rk\u0259zind\u0259 olub. Konfrans\u0131n a\u00e7\u0131l\u0131\u015f\u0131nda&hellip;","_links":{"self":[{"href":"https:\/\/arantv.az\/index.php?rest_route=\/wp\/v2\/posts\/572422"}],"collection":[{"href":"https:\/\/arantv.az\/index.php?rest_route=\/wp\/v2\/posts"}],"about":[{"href":"https:\/\/arantv.az\/index.php?rest_route=\/wp\/v2\/types\/post"}],"author":[{"embeddable":true,"href":"https:\/\/arantv.az\/index.php?rest_route=\/wp\/v2\/users\/2"}],"replies":[{"embeddable":true,"href":"https:\/\/arantv.az\/index.php?rest_route=%2Fwp%2Fv2%2Fcomments&post=572422"}],"version-history":[{"count":0,"href":"https:\/\/arantv.az\/index.php?rest_route=\/wp\/v2\/posts\/572422\/revisions"}],"wp:featuredmedia":[{"embeddable":true,"href":"https:\/\/arantv.az\/index.php?rest_route=\/wp\/v2\/media\/572430"}],"wp:attachment":[{"href":"https:\/\/arantv.az\/index.php?rest_route=%2Fwp%2Fv2%2Fmedia&parent=572422"}],"wp:term":[{"taxonomy":"category","embeddable":true,"href":"https:\/\/arantv.az\/index.php?rest_route=%2Fwp%2Fv2%2Fcategories&post=572422"},{"taxonomy":"post_tag","embeddable":true,"href":"https:\/\/arantv.az\/index.php?rest_route=%2Fwp%2Fv2%2Ftags&post=572422"}],"curies":[{"name":"wp","href":"https:\/\/api.w.org\/{rel}","templated":true}]}}