{"id":572436,"date":"2023-03-04T06:25:32","date_gmt":"2023-03-04T03:25:32","guid":{"rendered":"https:\/\/arantv.az\/?p=572436"},"modified":"2023-03-04T06:25:32","modified_gmt":"2023-03-04T03:25:32","slug":"q%c9%99rbi-az%c9%99rbaycan-icmasi-erm%c9%99nistana-cagiris-etdi-video","status":"publish","type":"post","link":"https:\/\/arantv.az\/?p=572436","title":{"rendered":"Q\u0259rbi Az\u0259rbaycan \u0130cmas\u0131 Erm\u0259nistana \u00e7a\u011f\u0131r\u0131\u015f etdi &#8211; V\u0130DEO"},"content":{"rendered":"<article class=\"news\">\n<div class=\"news-inner\">\n<p>\u201cV\u0259t\u0259nda\u015flar\u0131m\u0131z\u0131n geri qay\u0131tmas\u0131na \u015f\u0259rait yarad\u0131n\u201d.<\/p>\n<div class=\"AdviadNativeVideo\"><\/div>\n<p>Bu s\u00f6zl\u0259ri Baku TV-y\u0259 a\u00e7\u0131qlamas\u0131nda Q\u0259rbi Az\u0259rbaycan \u0130cmas\u0131n\u0131n s\u00f6z\u00e7\u00fcs\u00fc \u00dclviyy\u0259 Z\u00fclfiqar deyib.<\/p>\n<p>\u201c\u0130cma olaraq Erm\u0259nistan\u0131n ba\u015f nazirini \u00e7a\u011f\u0131r\u0131r\u0131q ki, Erm\u0259nistandan \u00e7\u0131xar\u0131lan az\u0259rbaycanl\u0131lar\u0131n geri qaytar\u0131lmas\u0131na \u015f\u0259rait yaratmaqla ba\u011fl\u0131 d\u0259rmal icma il\u0259 dan\u0131\u015f\u0131qlara ba\u015flas\u0131n\u201d, &#8211; dey\u0259 \u00dc.Z\u00fclfiqar qeyd edib.<\/p>\n<p>Daha \u0259trafl\u0131 s\u00fcjetd\u0259:<\/p>\n<div><iframe loading=\"lazy\" title=\"YouTube video player\" src=\"https:\/\/www.youtube.com\/embed\/aarONuoGiXg\" width=\"560\" height=\"315\" frameborder=\"0\" allowfullscreen=\"allowfullscreen\" data-mce-fragment=\"1\"><\/iframe><\/div>\n<\/div>\n<\/article>\n","protected":false},"excerpt":{"rendered":"<p>\u201cV\u0259t\u0259nda\u015flar\u0131m\u0131z\u0131n geri qay\u0131tmas\u0131na \u015f\u0259rait yarad\u0131n\u201d. Bu s\u00f6zl\u0259ri Baku TV-y\u0259 a\u00e7\u0131qlamas\u0131nda Q\u0259rbi Az\u0259rbaycan \u0130cmas\u0131n\u0131n s\u00f6z\u00e7\u00fcs\u00fc \u00dclviyy\u0259 Z\u00fclfiqar deyib. \u201c\u0130cma olaraq Erm\u0259nistan\u0131n ba\u015f nazirini \u00e7a\u011f\u0131r\u0131r\u0131q ki, Erm\u0259nistandan \u00e7\u0131xar\u0131lan az\u0259rbaycanl\u0131lar\u0131n geri qaytar\u0131lmas\u0131na \u015f\u0259rait yaratmaqla ba\u011fl\u0131 d\u0259rmal icma il\u0259 dan\u0131\u015f\u0131qlara ba\u015flas\u0131n\u201d, &#8211; dey\u0259 \u00dc.Z\u00fclfiqar qeyd edib. Daha \u0259trafl\u0131 s\u00fcjetd\u0259:<\/p>\n","protected":false},"author":2,"featured_media":572437,"comment_status":"closed","ping_status":"closed","sticky":false,"template":"","format":"standard","meta":{"om_disable_all_campaigns":false,"_monsterinsights_skip_tracking":false,"_monsterinsights_sitenote_active":false,"_monsterinsights_sitenote_note":"","_monsterinsights_sitenote_category":0},"categories":[4],"tags":[],"aioseo_notices":[],"gutentor_comment":0,"rttpg_featured_image_url":{"full":["https:\/\/arantv.az\/wp-content\/uploads\/2023\/03\/FotoJet-2023-03-04T011654.135.jpg",620,413,false],"landscape":["https:\/\/arantv.az\/wp-content\/uploads\/2023\/03\/FotoJet-2023-03-04T011654.135.jpg",620,413,false],"portraits":["https:\/\/arantv.az\/wp-content\/uploads\/2023\/03\/FotoJet-2023-03-04T011654.135.jpg",620,413,false],"thumbnail":["https:\/\/arantv.az\/wp-content\/uploads\/2023\/03\/FotoJet-2023-03-04T011654.135-500x280.jpg",500,280,true],"medium":["https:\/\/arantv.az\/wp-content\/uploads\/2023\/03\/FotoJet-2023-03-04T011654.135-548x365.jpg",548,365,true],"large":["https:\/\/arantv.az\/wp-content\/uploads\/2023\/03\/FotoJet-2023-03-04T011654.135.jpg",620,413,false],"1536x1536":["https:\/\/arantv.az\/wp-content\/uploads\/2023\/03\/FotoJet-2023-03-04T011654.135.jpg",620,413,false],"2048x2048":["https:\/\/arantv.az\/wp-content\/uploads\/2023\/03\/FotoJet-2023-03-04T011654.135.jpg",620,413,false],"post-thumbnail":["https:\/\/arantv.az\/wp-content\/uploads\/2023\/03\/FotoJet-2023-03-04T011654.135-240x172.jpg",240,172,true],"advps-thumb-one":["https:\/\/arantv.az\/wp-content\/uploads\/2023\/03\/FotoJet-2023-03-04T011654.135.jpg",620,413,false]},"rttpg_author":{"display_name":"V\u00fcsal Rafiqo\u011flu","author_link":"https:\/\/arantv.az\/?author=2"},"rttpg_comment":0,"rttpg_category":"<a href=\"https:\/\/arantv.az\/?cat=4\" rel=\"category\">Siyas\u0259t<\/a>","rttpg_excerpt":"\u201cV\u0259t\u0259nda\u015flar\u0131m\u0131z\u0131n geri qay\u0131tmas\u0131na \u015f\u0259rait yarad\u0131n\u201d. Bu s\u00f6zl\u0259ri Baku TV-y\u0259 a\u00e7\u0131qlamas\u0131nda Q\u0259rbi Az\u0259rbaycan \u0130cmas\u0131n\u0131n s\u00f6z\u00e7\u00fcs\u00fc \u00dclviyy\u0259 Z\u00fclfiqar deyib. \u201c\u0130cma olaraq Erm\u0259nistan\u0131n ba\u015f nazirini \u00e7a\u011f\u0131r\u0131r\u0131q ki, Erm\u0259nistandan \u00e7\u0131xar\u0131lan az\u0259rbaycanl\u0131lar\u0131n geri qaytar\u0131lmas\u0131na \u015f\u0259rait yaratmaqla ba\u011fl\u0131 d\u0259rmal icma il\u0259 dan\u0131\u015f\u0131qlara ba\u015flas\u0131n\u201d, &#8211; dey\u0259 \u00dc.Z\u00fclfiqar qeyd edib. Daha \u0259trafl\u0131 s\u00fcjetd\u0259:","_links":{"self":[{"href":"https:\/\/arantv.az\/index.php?rest_route=\/wp\/v2\/posts\/572436"}],"collection":[{"href":"https:\/\/arantv.az\/index.php?rest_route=\/wp\/v2\/posts"}],"about":[{"href":"https:\/\/arantv.az\/index.php?rest_route=\/wp\/v2\/types\/post"}],"author":[{"embeddable":true,"href":"https:\/\/arantv.az\/index.php?rest_route=\/wp\/v2\/users\/2"}],"replies":[{"embeddable":true,"href":"https:\/\/arantv.az\/index.php?rest_route=%2Fwp%2Fv2%2Fcomments&post=572436"}],"version-history":[{"count":0,"href":"https:\/\/arantv.az\/index.php?rest_route=\/wp\/v2\/posts\/572436\/revisions"}],"wp:featuredmedia":[{"embeddable":true,"href":"https:\/\/arantv.az\/index.php?rest_route=\/wp\/v2\/media\/572437"}],"wp:attachment":[{"href":"https:\/\/arantv.az\/index.php?rest_route=%2Fwp%2Fv2%2Fmedia&parent=572436"}],"wp:term":[{"taxonomy":"category","embeddable":true,"href":"https:\/\/arantv.az\/index.php?rest_route=%2Fwp%2Fv2%2Fcategories&post=572436"},{"taxonomy":"post_tag","embeddable":true,"href":"https:\/\/arantv.az\/index.php?rest_route=%2Fwp%2Fv2%2Ftags&post=572436"}],"curies":[{"name":"wp","href":"https:\/\/api.w.org\/{rel}","templated":true}]}}