{"id":572440,"date":"2023-03-04T06:26:28","date_gmt":"2023-03-04T03:26:28","guid":{"rendered":"https:\/\/arantv.az\/?p=572440"},"modified":"2023-03-04T06:26:28","modified_gmt":"2023-03-04T03:26:28","slug":"ekspertd%c9%99n-h%c9%99y%c9%99can-t%c9%99bili-h%c9%99kiml%c9%99rin-%c9%99lini-k%c9%99ss%c9%99n-d%c9%99-yazmaz-ki-adam-n%c9%99d%c9%99n-z%c9%99h%c9%99rl%c9%99nib-video","status":"publish","type":"post","link":"https:\/\/arantv.az\/?p=572440","title":{"rendered":"Ekspertd\u0259n h\u0259y\u0259can t\u0259bili: \u201cH\u0259kiml\u0259rin \u0259lini k\u0259ss\u0259n d\u0259, yazmaz ki, adam n\u0259d\u0259n z\u0259h\u0259rl\u0259nib\u201d &#8211; V\u0130DEO"},"content":{"rendered":"<article class=\"news\">\n<div class=\"news-inner\">\n<p>\u201cH\u0259kiml\u0259rin \u0259lini k\u0259ss\u0259n d\u0259, yazmaz ki, adam n\u0259d\u0259n z\u0259h\u0259rl\u0259nib\u201d.<\/p>\n<div class=\"AdviadNativeVideo\"><\/div>\n<p>Bu s\u00f6zl\u0259ri\u00a0Azad \u0130stehlak\u00e7\u0131lar Birliyinin s\u0259dri s\u0259dri Eyyub H\u00fcseynov deyib.<\/p>\n<p>O qeyd edib ki, 26 ildir z\u0259h\u0259rl\u0259nm\u0259d\u0259n \u0259lil olan insanlara kompensasiyan\u0131n verilm\u0259sin\u0259 nail ola bilm\u0259yibl\u0259r.<\/p>\n<p>Daha \u0259trafl\u0131 Baku TV-nin s\u00fcjetind\u0259:<\/p>\n<div><iframe loading=\"lazy\" title=\"YouTube video player\" src=\"https:\/\/www.youtube.com\/embed\/OAoJTp-FIdI\" width=\"560\" height=\"315\" frameborder=\"0\" allowfullscreen=\"allowfullscreen\" data-mce-fragment=\"1\"><\/iframe><\/div>\n<\/div>\n<\/article>\n","protected":false},"excerpt":{"rendered":"<p>\u201cH\u0259kiml\u0259rin \u0259lini k\u0259ss\u0259n d\u0259, yazmaz ki, adam n\u0259d\u0259n z\u0259h\u0259rl\u0259nib\u201d. Bu s\u00f6zl\u0259ri\u00a0Azad \u0130stehlak\u00e7\u0131lar Birliyinin s\u0259dri s\u0259dri Eyyub H\u00fcseynov deyib. O qeyd edib ki, 26 ildir z\u0259h\u0259rl\u0259nm\u0259d\u0259n \u0259lil olan insanlara kompensasiyan\u0131n verilm\u0259sin\u0259 nail ola bilm\u0259yibl\u0259r. Daha \u0259trafl\u0131 Baku TV-nin s\u00fcjetind\u0259:<\/p>\n","protected":false},"author":2,"featured_media":572441,"comment_status":"closed","ping_status":"closed","sticky":false,"template":"","format":"standard","meta":{"om_disable_all_campaigns":false,"_monsterinsights_skip_tracking":false,"_monsterinsights_sitenote_active":false,"_monsterinsights_sitenote_note":"","_monsterinsights_sitenote_category":0},"categories":[1],"tags":[],"aioseo_notices":[],"gutentor_comment":0,"rttpg_featured_image_url":{"full":["https:\/\/arantv.az\/wp-content\/uploads\/2023\/03\/FotoJet-2023-03-03T232914.843.jpg",620,413,false],"landscape":["https:\/\/arantv.az\/wp-content\/uploads\/2023\/03\/FotoJet-2023-03-03T232914.843.jpg",620,413,false],"portraits":["https:\/\/arantv.az\/wp-content\/uploads\/2023\/03\/FotoJet-2023-03-03T232914.843.jpg",620,413,false],"thumbnail":["https:\/\/arantv.az\/wp-content\/uploads\/2023\/03\/FotoJet-2023-03-03T232914.843-500x280.jpg",500,280,true],"medium":["https:\/\/arantv.az\/wp-content\/uploads\/2023\/03\/FotoJet-2023-03-03T232914.843-548x365.jpg",548,365,true],"large":["https:\/\/arantv.az\/wp-content\/uploads\/2023\/03\/FotoJet-2023-03-03T232914.843.jpg",620,413,false],"1536x1536":["https:\/\/arantv.az\/wp-content\/uploads\/2023\/03\/FotoJet-2023-03-03T232914.843.jpg",620,413,false],"2048x2048":["https:\/\/arantv.az\/wp-content\/uploads\/2023\/03\/FotoJet-2023-03-03T232914.843.jpg",620,413,false],"post-thumbnail":["https:\/\/arantv.az\/wp-content\/uploads\/2023\/03\/FotoJet-2023-03-03T232914.843-240x172.jpg",240,172,true],"advps-thumb-one":["https:\/\/arantv.az\/wp-content\/uploads\/2023\/03\/FotoJet-2023-03-03T232914.843.jpg",620,413,false]},"rttpg_author":{"display_name":"V\u00fcsal Rafiqo\u011flu","author_link":"https:\/\/arantv.az\/?author=2"},"rttpg_comment":0,"rttpg_category":"<a href=\"https:\/\/arantv.az\/?cat=1\" rel=\"category\">C\u0259miyy\u0259t<\/a>","rttpg_excerpt":"\u201cH\u0259kiml\u0259rin \u0259lini k\u0259ss\u0259n d\u0259, yazmaz ki, adam n\u0259d\u0259n z\u0259h\u0259rl\u0259nib\u201d. Bu s\u00f6zl\u0259ri\u00a0Azad \u0130stehlak\u00e7\u0131lar Birliyinin s\u0259dri s\u0259dri Eyyub H\u00fcseynov deyib. O qeyd edib ki, 26 ildir z\u0259h\u0259rl\u0259nm\u0259d\u0259n \u0259lil olan insanlara kompensasiyan\u0131n verilm\u0259sin\u0259 nail ola bilm\u0259yibl\u0259r. Daha \u0259trafl\u0131 Baku TV-nin s\u00fcjetind\u0259:","_links":{"self":[{"href":"https:\/\/arantv.az\/index.php?rest_route=\/wp\/v2\/posts\/572440"}],"collection":[{"href":"https:\/\/arantv.az\/index.php?rest_route=\/wp\/v2\/posts"}],"about":[{"href":"https:\/\/arantv.az\/index.php?rest_route=\/wp\/v2\/types\/post"}],"author":[{"embeddable":true,"href":"https:\/\/arantv.az\/index.php?rest_route=\/wp\/v2\/users\/2"}],"replies":[{"embeddable":true,"href":"https:\/\/arantv.az\/index.php?rest_route=%2Fwp%2Fv2%2Fcomments&post=572440"}],"version-history":[{"count":0,"href":"https:\/\/arantv.az\/index.php?rest_route=\/wp\/v2\/posts\/572440\/revisions"}],"wp:featuredmedia":[{"embeddable":true,"href":"https:\/\/arantv.az\/index.php?rest_route=\/wp\/v2\/media\/572441"}],"wp:attachment":[{"href":"https:\/\/arantv.az\/index.php?rest_route=%2Fwp%2Fv2%2Fmedia&parent=572440"}],"wp:term":[{"taxonomy":"category","embeddable":true,"href":"https:\/\/arantv.az\/index.php?rest_route=%2Fwp%2Fv2%2Fcategories&post=572440"},{"taxonomy":"post_tag","embeddable":true,"href":"https:\/\/arantv.az\/index.php?rest_route=%2Fwp%2Fv2%2Ftags&post=572440"}],"curies":[{"name":"wp","href":"https:\/\/api.w.org\/{rel}","templated":true}]}}