{"id":572447,"date":"2023-03-04T06:29:01","date_gmt":"2023-03-04T03:29:01","guid":{"rendered":"https:\/\/arantv.az\/?p=572447"},"modified":"2023-03-04T06:29:01","modified_gmt":"2023-03-04T03:29:01","slug":"q%c9%99dim-oguz-yurdu-goyc%c9%99-erm%c9%99ni-fitn%c9%99karliginin-qurbani","status":"publish","type":"post","link":"https:\/\/arantv.az\/?p=572447","title":{"rendered":"Q\u0259dim o\u011fuz yurdu G\u00f6y\u00e7\u0259: Erm\u0259ni f\u0131tn\u0259karl\u0131\u011f\u0131n\u0131n qurban\u0131"},"content":{"rendered":"<p>Tarixi m\u0259nb\u0259l\u0259r g\u00f6st\u0259rir ki, Q\u0259rbi Az\u0259rbaycan adlanan \u0259razid\u0259 vaxtil\u0259 erm\u0259nil\u0259r ya\u015famam\u0131\u015flar. Da\u015fnak quldurlar \u00f6z havadarlar\u0131n\u0131n d\u0259st\u0259yi il\u0259 bu yerl\u0259r\u0259 \u0259sas\u0259n T\u00fcrkiy\u0259, \u0130ran v\u0259 dig\u0259r d\u00f6vl\u0259tl\u0259rin \u0259razil\u0259rind\u0259n ax\u0131\u015f\u0131b g\u0259lmi\u015fl\u0259r. M\u0259qam d\u00fc\u015fd\u00fckc\u0259, buradak\u0131 az\u0259rbaycanl\u0131lar\u0131 \u00f6z ata-baba yurdlar\u0131ndan s\u0131x\u0131\u015fd\u0131r\u0131b \u00e7\u0131xarm\u0131\u015f bu nankorlar tarix\u0259n xalq\u0131m\u0131za qar\u015f\u0131 d\u00fc\u015fm\u0259n m\u00f6vqeyind\u0259 dayanm\u0131\u015flar. H\u0259mi\u015f\u0259 &#8220;d\u0259nizd\u0259n-d\u0259niz\u0259 b\u00f6y\u00fck Erm\u0259nistan&#8221; yaratmaq iddias\u0131 il\u0259 ya\u015fayan, tarix\u0259n Rusiyan\u0131n m\u00fc\u0259yy\u0259n dair\u0259l\u0259rinin \u0259lind\u0259 t\u00fcrk xalqlar\u0131na qar\u015f\u0131 terror\u00e7uluq al\u0259tin\u0259 \u00e7evril\u0259n erm\u0259nil\u0259r 1948-53-c\u00fc ill\u0259rd\u0259 q\u0259dim o\u011fuz ell\u0259rind\u0259 &#8211; bu g\u00fcn Erm\u0259nistan adlanan \u0259razid\u0259 daha bir m\u0259krli siyas\u0259tl\u0259rini fitn\u0259karl\u0131qla reall\u0131\u011fa \u00e7evirmi\u015fl\u0259r. Onlar d\u00fcnyaya s\u0259s sal\u0131rd\u0131lar ki, guya \u0259zab-\u0259ziyy\u0259t i\u00e7\u0259risind\u0259 ya\u015fay\u0131rlar, \u0259kib-bec\u0259rm\u0259y\u0259 meyilli olsalar da, bu \u0259razil\u0259rd\u0259 az\u0259rbaycanl\u0131lar ya\u015fay\u0131r. \u00c7\u0131x\u0131\u015f yolu is\u0259 ondad\u0131r ki, m\u00fcs\u0259lmanlar \u00f6z \u0259z\u0259li torpaqlar\u0131ndan k\u00f6\u00e7\u00fcr\u00fcls\u00fcn, qon\u015fu Az\u0259rbaycanda onlara yer ayr\u0131ls\u0131n.<\/p>\n<p>Erm\u0259nil\u0259r az\u0259rbaycanl\u0131lar\u0131n Q\u0259rbi Az\u0259rbaycandan k\u00f6\u00e7\u00fcr\u00fclm\u0259si \u00fc\u00e7\u00fcn \u0259vv\u0259lc\u0259 &#8220;Q\u0131z\u0131l Moskvaya&#8221; arxaland\u0131lar. Xaricd\u0259ki erm\u0259ni diasporunun, x\u00fcsusil\u0259 Anastas Mikoyan\u0131n d\u0259st\u0259yi il\u0259 Stalini \u0259l\u0259 ald\u0131lar. Stalin bel\u0259 bir g\u00f6st\u0259ri\u015f\u0259 imza atd\u0131 ki, xarici \u00f6lk\u0259l\u0259rd\u0259n Erm\u0259nistan \u0259razisin\u0259 k\u00f6\u00e7\u00fcr\u00fcl\u0259n 500 min\u0259 yax\u0131n erm\u0259ni m\u00fcxt\u0259lif \u015f\u0259h\u0259r v\u0259 rayonlarda yerl\u0259\u015fdirilsin, az\u0259rbaycanl\u0131lar is\u0259 \u00f6z \u0259razil\u0259rind\u0259n \u00e7\u0131xar\u0131ls\u0131n, Az\u0259rbaycan Respublikas\u0131n\u0131n K\u00fcr-Araz oval\u0131\u011f\u0131nda yerl\u0259\u015fdirilsin ki, onlar burada k\u0259nd t\u0259s\u0259rr\u00fcfat\u0131n\u0131 inki\u015faf etdirsinl\u0259r. Az\u0259rbaycanl\u0131lara qar\u015f\u0131 bel\u0259 bir x\u0259yan\u0259t toru \u0130r\u0259vanda haz\u0131rlan\u0131b h\u0259yata ke\u00e7irildi. H\u0259tta bel\u0259 bir \u0259dal\u0259tsiz q\u0259rara n\u0259inki Moskva, Yerevan, h\u0259tta h\u0259min d\u00f6vrd\u0259 Az\u0259rbaycan KP MK-n\u0131n birinci katibi Mirc\u0259f\u0259r Ba\u011f\u0131rov da \u00f6z xeyir-duas\u0131n\u0131 verdi. Erm\u0259nistandak\u0131 az\u0259rbaycanl\u0131lar\u0131n ba\u015f\u0131n\u0131n \u00fcst\u00fcn\u00fc 1919-cu ild\u0259ki kimi yenid\u0259n qara buludlar ald\u0131, xalqa arxa, dayaq duran tap\u0131lmad\u0131. Q\u0259rar q\u0259ti idi: K\u00f6\u00e7 kampaniyas\u0131 h\u00f6km\u0259n yerin\u0259 yetirilm\u0259liydi!<\/p>\n<p>Tarixi m\u0259nb\u0259l\u0259r g\u00f6st\u0259rir ki, h\u0259min d\u00f6vrd\u0259 G\u00f6y\u00e7\u0259 mahal\u0131 ba\u015fdan-ba\u015fa q\u0259m-q\u00fcss\u0259y\u0259, mat\u0259m libas\u0131na b\u00fcr\u00fcnm\u00fc\u015fd\u00fc. He\u00e7 k\u0259s \u00f6z ata-baba oca\u011f\u0131n\u0131, qabarl\u0131 \u0259ll\u0259ri il\u0259 ucaltd\u0131\u011f\u0131 ev-e\u015fiyini t\u0259rk etm\u0259k ist\u0259mirdi. G\u00f6y\u00e7\u0259 g\u00f6l\u00fcn\u00fcn sahill\u0259rind\u0259 yerl\u0259\u015f\u0259n, K\u0259lb\u0259c\u0259r v\u0259 G\u0259d\u0259b\u0259y rayonlar\u0131 il\u0259 h\u0259ms\u0259rh\u0259d olan Basarke\u00e7\u0259r az\u0259rbaycanl\u0131lar\u0131n \u0259n \u00e7ox ya\u015fad\u0131\u011f\u0131 bir b\u00f6lg\u0259 idi. Bu torpaqda yeti\u015f\u0259n \u00e7oxsayl\u0131 ziyal\u0131lar h\u0259mi\u015f\u0259 erm\u0259nil\u0259ri qorxu, s\u0259ks\u0259k\u0259 i\u00e7\u0259risind\u0259 saxlay\u0131rd\u0131. Da\u015fnaklar G\u00f6y\u00e7\u0259d\u0259 \u00f6z \u00e7irkin \u0259m\u0259ll\u0259rini h\u0259yata ke\u00e7irm\u0259y\u0259 c\u0259sar\u0259t etmirdil\u0259r. El\u0259 buna g\u00f6r\u0259 d\u0259 \u0130r\u0259vanda bel\u0259 bir m\u0259xfi g\u00f6st\u0259ri\u015f verilmi\u015fdi ki, 1946-48-ci ill\u0259rd\u0259 Erm\u0259nistandan az\u0259rbaycanl\u0131lar\u0131n k\u00f6\u00e7\u00fcr\u00fclm\u0259sin\u0259 Basarke\u00e7\u0259rd\u0259n ba\u015flans\u0131n.<\/p>\n<p>1960-c\u0131 ill\u0259rd\u0259n ba\u015flayaraq Erm\u0259nistan SSR\u0130-d\u0259 az\u0259rbaycanl\u0131lardan r\u0259hb\u0259r v\u0259zif\u0259d\u0259 olanlar\u0131n b\u00f6y\u00fck \u0259ks\u0259riyy\u0259tini erm\u0259nil\u0259r \u0259v\u0259z etdil\u0259r. G\u00f6y\u00e7\u0259 mahal\u0131n\u0131n Basarke\u00e7\u0259r, Krasnoselo, h\u0259m\u00e7inin Qaraba\u011flar, Z\u0259ngibasar, Vedi rayonlar\u0131nda (\u0259halinin 75-90 faizi az\u0259rbaycanl\u0131lar olmaqla) rayon partiya komit\u0259l\u0259rinin az\u0259rbaycanl\u0131 olan birinci v\u0259 ikinci katibl\u0259ri he\u00e7 bir \u0259sas olmadan i\u015fd\u0259n azad edildil\u0259r. Bu d\u00f6vrd\u0259 Erm\u0259nistan r\u0259hb\u0259rliyi erm\u0259ni \u015fovinizmini g\u0259ncl\u0259rin beynin\u0259 yeritm\u0259k \u00fc\u00e7\u00fcn ideoloji t\u0259bli\u011fatdan geni\u015f istifad\u0259 edirdi. Bunun m\u0259ntiqi davam\u0131 olaraq siyasi q\u0259rarla \u0130r\u0259van \u015f\u0259h\u0259rind\u0259 uydurma 1915-ci il \u201cerm\u0259ni soyq\u0131r\u0131m\u0131\u201dna abid\u0259 d\u0259 qoyulmu\u015fdur. Erm\u0259nistan SSR Nazirl\u0259r Sovetinin 18 mart 1965-ci il q\u0259rar\u0131 il\u0259 \u201c1915-ci il q\u0131r\u011f\u0131n\u0131n\u0131n qurban\u0131\u201d olan erm\u0259nil\u0259rin xatir\u0259sini \u0259b\u0259dil\u0259\u015fdirm\u0259k \u00fc\u00e7\u00fcn \u0130r\u0259van \u015f\u0259h\u0259rind\u0259 da\u015f abid\u0259 qoyulmas\u0131 q\u0259rara al\u0131nm\u0131\u015fd\u0131. 1965-ci ilin aprel ay\u0131n\u0131n 23-25-d\u0259 \u0130r\u0259van \u015f\u0259h\u0259rind\u0259 ke\u00e7iril\u0259n t\u0259dbirl\u0259r kulminasiya n\u00f6qt\u0259sin\u0259 \u00e7at\u0131r. \u0130r\u0259van \u015f\u0259h\u0259rind\u0259 400 min erm\u0259ni \u0259halisi k\u00fc\u00e7\u0259l\u0259r\u0259 \u00e7\u0131xaraq, \u201cgenosid qurbanlar\u0131\u201dn\u0131n xatir\u0259sin\u0259 ucald\u0131lm\u0131\u015f memorial tikinti yerin\u0259 do\u011fru ax\u0131\u015f\u0131rd\u0131. K\u00fctl\u0259nin \u00f6n\u00fcnd\u0259 erm\u0259ni katolikosu il\u0259 birlikd\u0259 respublikan\u0131n r\u0259hb\u0259rl\u0259ri add\u0131mlay\u0131rd\u0131lar. K\u00fctl\u0259nin ba\u015f\u0131 \u00fcz\u0259rind\u0259 qara par\u00e7a il\u0259 \u00f6rt\u00fclm\u00fc\u015f r\u0259mzi tabut v\u0259 \u201cB\u00f6y\u00fck Erm\u0259nistan\u201d, \u201cQopar\u0131lm\u0131\u015f \u0259razil\u0259r Erm\u0259nistana qaytar\u0131lmal\u0131d\u0131r!\u201d, \u201c\u0130ntiqam!\u201d, \u201c\u0130ntiqam! \u201cs\u00f6zl\u0259ri yaz\u0131lm\u0131\u015f \u015f\u00fcarlar apar\u0131l\u0131rd\u0131. Bu hadis\u0259d\u0259n sonra Erm\u0259nistan SSR-in az\u0259rbaycanl\u0131 \u0259halinin s\u0131x\u0131\u015fd\u0131r\u0131lmas\u0131na ba\u015flan\u0131ld\u0131, x\u00fcsus\u0259n \u0130r\u0259vanda, G\u00f6y\u00e7\u0259d\u0259, Leninakanda, Kirovakanda, Qafanda avtobuslarda, bazarlarda, ictimai yerl\u0259rd\u0259 az\u0259rbaycanl\u0131lar t\u0259hqir olunur, d\u00f6y\u00fcl\u00fcrd\u00fc.<\/p>\n<p>Az\u0259rbaycanl\u0131lar\u0131n \u00f6z d\u0259d\u0259-baba torpaqlar\u0131 olan indiki Erm\u0259nistan \u0259razisind\u0259n m\u0259cbur\u0259n v\u0259 k\u00fctl\u0259vi zorak\u0131l\u0131qla qovulmas\u0131n\u0131n sonuncu m\u0259rh\u0259l\u0259si 1988-1989-cu ill\u0259rd\u0259 ba\u015f vermi\u015fdir. 1988-ci il fevral\u0131n 20-d\u0259 ke\u00e7mi\u015f DQMV-nin Xalq deputatlar\u0131 Soveti \u201cDa\u011fl\u0131q Qaraba\u011f\u0131n Az\u0259rbaycan SSR-in t\u0259rkibind\u0259n \u00e7\u0131xar\u0131laraq, Erm\u0259nistan SSR-in inzibati-\u0259razi b\u00f6lg\u00fcs\u00fcn\u0259 daxil edilm\u0259si haqq\u0131nda\u201d q\u0259rar q\u0259bul etm\u0259si mill\u0259tl\u0259raras\u0131 m\u00fcnasib\u0259tl\u0259ri daha da k\u0259skinl\u0259\u015fdirdi. Bu add\u0131mlardan sonra erm\u0259nil\u0259r h\u0259r yerd\u0259 oldu\u011fu kimi, G\u00f6y\u00e7\u0259d\u0259 d\u0259 a\u00e7\u0131q h\u0259rbi t\u0259cav\u00fcz\u0259 c\u0259hd g\u00f6st\u0259rdil\u0259r. 1988-ci il mart ay\u0131n\u0131n 26-n\u0131 \u201cSumqay\u0131t\u0131n qisas g\u00fcn\u00fc\u201d elan etmi\u015f \u201cKrunk\u201d c\u0259miyy\u0259tinin \u00e7a\u011f\u0131r\u0131\u015f\u0131na cavab olaraq erm\u0259nil\u0259r Basarke\u00e7\u0259rd\u0259 d\u0259 qanl\u0131 aksiyalar t\u00f6r\u0259tm\u0259k iddias\u0131na d\u00fc\u015fm\u00fc\u015fd\u00fcl\u0259r. 1988-ci il iyun ay\u0131n\u0131n 15-d\u0259 G\u00f6y\u00e7\u0259 mahal\u0131nda erm\u0259nil\u0259rin yaramaz h\u0259r\u0259k\u0259tl\u0259rin\u0259 qar\u015f\u0131 az\u0259rbaycanl\u0131lar \u00f6z etiraz s\u0259sini qald\u0131rmal\u0131 oldular. Krasnoselo rayonunun \u015eorca v\u0259 G\u00f6lk\u0259nd k\u0259ndl\u0259rind\u0259 on min \u0259halinin mitinqi ke\u00e7irildi. S\u0259h\u0259risi g\u00fcn Basarke\u00e7\u0259r rayonunun \u015ei\u015fqaya v\u0259 N\u0259rimanl\u0131 m\u0259nt\u0259q\u0259l\u0259rind\u0259 d\u0259 az\u0259rbaycanl\u0131lar mitinq\u0259 \u00e7\u0131xd\u0131lar. \u00dcmumilikd\u0259 bu mitinql\u0259rd\u0259 iyirmi mind\u0259n \u00e7ox adam i\u015ftirak etmi\u015fdir.<\/p>\n<p>N\u0259hay\u0259t, 1988-ci ilin yaz\u0131nda 17 az\u0259rbaycanl\u0131 k\u0259ndi n\u00fcmay\u0259nd\u0259l\u0259rinin i\u015ftirak\u0131 il\u0259 N\u0259rimanl\u0131 k\u0259ndi \u0259razisind\u0259ki G\u00f6y k\u00f6rp\u00fcd\u0259 v\u0259 Krasnoselo rayonu \u0259razisind\u0259ki az\u0259rbaycanl\u0131 k\u0259ndl\u0259rinin birl\u0259\u015fmi\u015f s\u0259y\u0131 il\u0259 \u015eor\u00e7a k\u0259ndind\u0259 ba\u015flam\u0131\u015f bu mitinql\u0259rd\u0259 \u201cG\u00f6y\u00e7\u0259nin Erm\u0259nistan SSR-in t\u0259rkibind\u0259n \u00e7\u0131xar\u0131laraq, Az\u0259rbaycan SSR-in \u0259razi \u2013 inzibati b\u00f6lg\u0259sin\u0259 daxil edilm\u0259si\u201d t\u0259l\u0259bi ir\u0259li s\u00fcr\u00fclm\u00fc\u015fd\u00fcr. T\u0259\u0259ss\u00fcfl\u0259r olsun ki, G\u00f6y\u00e7\u0259 az\u0259rbaycanl\u0131lar\u0131n\u0131n bu haql\u0131 t\u0259l\u0259bl\u0259rin\u0259 d\u0259st\u0259k olaraq, noyabr ay\u0131n\u0131n 17-d\u0259 Bak\u0131da Azadl\u0131q meydan\u0131nda y\u00fczminl\u0259rl\u0259 insan\u0131n i\u015ftirak\u0131 il\u0259 ke\u00e7iril\u0259n mitinq zaman\u0131 Erm\u0259nistanda ya\u015fayan az\u0259rbaycanl\u0131lara muxtariyyat verilm\u0259si t\u0259l\u0259bi il\u0259 q\u0259tnam\u0259 q\u0259bul olunsa da, bu t\u0259l\u0259b o zamank\u0131 Az\u0259rbaycan r\u0259hb\u0259rliyi t\u0259r\u0259find\u0259n d\u0259st\u0259kl\u0259nm\u0259di. 1988-ci ilin sentyabr-oktyabr aylar\u0131nda erm\u0259ni mill\u0259t\u00e7il\u0259ri ard\u0131-aras\u0131 k\u0259silm\u0259y\u0259n mitinql\u0259r ke\u00e7irir, bu b\u00f6lg\u0259l\u0259rd\u0259n az\u0259rbaycanl\u0131lar\u0131n \u00e7\u0131xar\u0131lmas\u0131n\u0131 t\u0259l\u0259b edirdil\u0259r. Evl\u0259r\u0259 od vurulur, insanlar i\u015fg\u0259nc\u0259 il\u0259 \u00f6ld\u00fcr\u00fcl\u00fcr, qad\u0131nlar\u0131n sin\u0259sin\u0259 xa\u00e7 \u00e7\u0259kilir, u\u015fa\u011fa, qocaya r\u0259hm edilmirdi. Bu \u0259razil\u0259rd\u0259 iqtisadi blokada davam etdirilirdi. B\u00fct\u00fcn bunlara is\u0259 SSR\u0130 r\u0259hb\u0259rliyi laqeyidc\u0259sin\u0259 g\u00f6z yumurdu.<\/p>\n<p>1988-ci il noyabr ay\u0131n\u0131n 22-d\u0259 Erm\u0259nistan\u0131n SSR Ali Sovetinin sessiyas\u0131 \u00f6z i\u015fini yar\u0131m\u00e7\u0131q dayand\u0131raraq, b\u00fct\u00fcn stansiya r\u0259hb\u0259rl\u0259rin\u0259 \u201cnoyabr ay\u0131n\u0131n 28-d\u0259k respublikan\u0131n t\u00fcrkl\u0259rd\u0259n t\u0259mizl\u0259nm\u0259sini t\u0259min etm\u0259k\u201d tap\u015f\u0131r\u0131\u011f\u0131 verildi. Erm\u0259nistan\u0131n b\u00fct\u00fcn rayonlar\u0131na \u015famil edil\u0259n bu q\u0259rar\u0131n t\u0259sir dair\u0259sinin m\u0259rk\u0259zin\u0259 \u015f\u00fcbh\u0259siz ki, G\u00f6y\u00e7\u0259 mahal\u0131 v\u0259 A\u011fbaba b\u00f6lg\u0259si d\u00fc\u015f\u00fcrd\u00fc. \u00c7\u00fcnki 1988-ci ilin noyabr ay\u0131nad\u0259k dig\u0259r rayonlardan az\u0259rbaycanl\u0131lar\u0131n deportasiyas\u0131, dem\u0259k olar ki, ba\u015fa \u00e7atd\u0131r\u0131lm\u0131\u015fd\u0131. Odur ki, G\u00f6y\u00e7\u0259 v\u0259 A\u011fbabadan soyda\u015flar\u0131m\u0131z\u0131n deportasiyas\u0131na r\u0259hb\u0259rlik Erm\u0259nistan Respublikas\u0131n\u0131n ali r\u0259hb\u0259rliyin\u0259 h\u0259val\u0259 edildi. Noyabr-dekabr aylar\u0131nda Erm\u0259nistandan az\u0259rbaycanl\u0131lar\u0131n \u00e7\u0131xar\u0131lmas\u0131 \u00fc\u00e7\u00fcn son haz\u0131rl\u0131q i\u015fl\u0259rin\u0259 ba\u015fland\u0131. \u0130ll\u0259rdir h\u0259yata ke\u00e7iril\u0259n \u201cT\u00fcrks\u00fcz Erm\u0259nistan\u201d plan\u0131n\u0131n son m\u0259rh\u0259l\u0259sin\u0259 start verildi. Bu da\u015fnak-kommunistl\u0259rin r\u0259hb\u0259rliyi say\u0259sind\u0259 G\u00f6y\u00e7\u0259 \u0259halisi \u00f6z d\u0259d\u0259-baba yurdlar\u0131ndan tamamil\u0259 qovularaq Az\u0259rbaycana \u201cyola sal\u0131nd\u0131lar\u201d. Onlarla az\u0259rbaycanl\u0131 d\u00f6y\u00fcl\u0259r\u0259k yaraland\u0131 v\u0259 qarl\u0131-boranl\u0131 da\u011f yollar\u0131nda h\u0259lak oldular.<\/p>\n<p>1988-ci ilin noyabr\u0131nda erm\u0259nil\u0259rin G\u00f6y\u00e7\u0259d\u0259 h\u0259yata ke\u00e7irdikl\u0259ri soyq\u0131r\u0131m\u0131 v\u0259 deportasiya siyas\u0259tin\u0259 o zamanki Az\u0259rbaycan h\u00f6kum\u0259ti tam laqeydlikl\u0259 yana\u015fd\u0131. Az\u0259rbaycan KP MK-n\u0131n o vaxtk\u0131 birinci katibi \u018f.V\u0259zirov bilavasit\u0259 erm\u0259nil\u0259rin t\u0259r\u0259fda\u015f\u0131 rolunda \u00e7\u0131x\u0131\u015f etdi. Deportasiyan\u0131 h\u0259yata ke\u00e7irm\u0259k \u00fc\u00e7\u00fcn erm\u0259ni t\u0259r\u0259fin\u0259 n\u0259qliyyat yard\u0131m\u0131 g\u00f6st\u0259r\u0259n Az\u0259rbaycan KP MK-n\u0131n birinci katibi qa\u00e7q\u0131nlar\u0131n Az\u0259rbaycan\u0131n erm\u0259nil\u0259r ya\u015fayan b\u00f6lg\u0259sind\u0259 yerl\u0259\u015fm\u0259sin\u0259 r\u0259smi qada\u011fa qoydu ki, bunun da \u00e7ox ciddi n\u0259tic\u0259l\u0259ri oldu.<\/p>\n","protected":false},"excerpt":{"rendered":"<p>Tarixi m\u0259nb\u0259l\u0259r g\u00f6st\u0259rir ki, Q\u0259rbi Az\u0259rbaycan adlanan \u0259razid\u0259 vaxtil\u0259 erm\u0259nil\u0259r ya\u015famam\u0131\u015flar. Da\u015fnak quldurlar \u00f6z havadarlar\u0131n\u0131n d\u0259st\u0259yi il\u0259 bu yerl\u0259r\u0259 \u0259sas\u0259n T\u00fcrkiy\u0259, \u0130ran v\u0259 dig\u0259r d\u00f6vl\u0259tl\u0259rin \u0259razil\u0259rind\u0259n ax\u0131\u015f\u0131b g\u0259lmi\u015fl\u0259r. M\u0259qam d\u00fc\u015fd\u00fckc\u0259, buradak\u0131 az\u0259rbaycanl\u0131lar\u0131 \u00f6z ata-baba yurdlar\u0131ndan s\u0131x\u0131\u015fd\u0131r\u0131b \u00e7\u0131xarm\u0131\u015f bu nankorlar tarix\u0259n xalq\u0131m\u0131za qar\u015f\u0131 d\u00fc\u015fm\u0259n m\u00f6vqeyind\u0259 dayanm\u0131\u015flar. H\u0259mi\u015f\u0259 &#8220;d\u0259nizd\u0259n-d\u0259niz\u0259 b\u00f6y\u00fck Erm\u0259nistan&#8221; yaratmaq iddias\u0131 il\u0259 ya\u015fayan, tarix\u0259n Rusiyan\u0131n m\u00fc\u0259yy\u0259n dair\u0259l\u0259rinin \u0259lind\u0259 t\u00fcrk xalqlar\u0131na qar\u015f\u0131 terror\u00e7uluq al\u0259tin\u0259 \u00e7evril\u0259n erm\u0259nil\u0259r 1948-53-c\u00fc ill\u0259rd\u0259 q\u0259dim o\u011fuz ell\u0259rind\u0259 &#8211; bu g\u00fcn Erm\u0259nistan adlanan \u0259razid\u0259 daha bir m\u0259krli siyas\u0259tl\u0259rini fitn\u0259karl\u0131qla reall\u0131\u011fa \u00e7evirmi\u015fl\u0259r. Onlar d\u00fcnyaya s\u0259s sal\u0131rd\u0131lar ki, guya \u0259zab-\u0259ziyy\u0259t&hellip;<\/p>\n","protected":false},"author":2,"featured_media":572448,"comment_status":"closed","ping_status":"closed","sticky":false,"template":"","format":"standard","meta":{"om_disable_all_campaigns":false,"_monsterinsights_skip_tracking":false,"_monsterinsights_sitenote_active":false,"_monsterinsights_sitenote_note":"","_monsterinsights_sitenote_category":0},"categories":[19],"tags":[],"aioseo_notices":[],"gutentor_comment":0,"rttpg_featured_image_url":{"full":["https:\/\/arantv.az\/wp-content\/uploads\/2023\/03\/46936add167784905048689645010406529.jpg",975,540,false],"landscape":["https:\/\/arantv.az\/wp-content\/uploads\/2023\/03\/46936add167784905048689645010406529.jpg",975,540,false],"portraits":["https:\/\/arantv.az\/wp-content\/uploads\/2023\/03\/46936add167784905048689645010406529.jpg",975,540,false],"thumbnail":["https:\/\/arantv.az\/wp-content\/uploads\/2023\/03\/46936add167784905048689645010406529-500x280.jpg",500,280,true],"medium":["https:\/\/arantv.az\/wp-content\/uploads\/2023\/03\/46936add167784905048689645010406529-660x365.jpg",660,365,true],"large":["https:\/\/arantv.az\/wp-content\/uploads\/2023\/03\/46936add167784905048689645010406529-840x465.jpg",640,354,true],"1536x1536":["https:\/\/arantv.az\/wp-content\/uploads\/2023\/03\/46936add167784905048689645010406529.jpg",975,540,false],"2048x2048":["https:\/\/arantv.az\/wp-content\/uploads\/2023\/03\/46936add167784905048689645010406529.jpg",975,540,false],"post-thumbnail":["https:\/\/arantv.az\/wp-content\/uploads\/2023\/03\/46936add167784905048689645010406529-240x172.jpg",240,172,true],"advps-thumb-one":["https:\/\/arantv.az\/wp-content\/uploads\/2023\/03\/46936add167784905048689645010406529.jpg",975,540,false]},"rttpg_author":{"display_name":"V\u00fcsal Rafiqo\u011flu","author_link":"https:\/\/arantv.az\/?author=2"},"rttpg_comment":0,"rttpg_category":"<a href=\"https:\/\/arantv.az\/?cat=19\" rel=\"category\">G\u00fcnd\u0259m<\/a>","rttpg_excerpt":"Tarixi m\u0259nb\u0259l\u0259r g\u00f6st\u0259rir ki, Q\u0259rbi Az\u0259rbaycan adlanan \u0259razid\u0259 vaxtil\u0259 erm\u0259nil\u0259r ya\u015famam\u0131\u015flar. Da\u015fnak quldurlar \u00f6z havadarlar\u0131n\u0131n d\u0259st\u0259yi il\u0259 bu yerl\u0259r\u0259 \u0259sas\u0259n T\u00fcrkiy\u0259, \u0130ran v\u0259 dig\u0259r d\u00f6vl\u0259tl\u0259rin \u0259razil\u0259rind\u0259n ax\u0131\u015f\u0131b g\u0259lmi\u015fl\u0259r. M\u0259qam d\u00fc\u015fd\u00fckc\u0259, buradak\u0131 az\u0259rbaycanl\u0131lar\u0131 \u00f6z ata-baba yurdlar\u0131ndan s\u0131x\u0131\u015fd\u0131r\u0131b \u00e7\u0131xarm\u0131\u015f bu nankorlar tarix\u0259n xalq\u0131m\u0131za qar\u015f\u0131 d\u00fc\u015fm\u0259n m\u00f6vqeyind\u0259 dayanm\u0131\u015flar. H\u0259mi\u015f\u0259 &#8220;d\u0259nizd\u0259n-d\u0259niz\u0259 b\u00f6y\u00fck Erm\u0259nistan&#8221; yaratmaq iddias\u0131 il\u0259 ya\u015fayan, tarix\u0259n Rusiyan\u0131n&hellip;","_links":{"self":[{"href":"https:\/\/arantv.az\/index.php?rest_route=\/wp\/v2\/posts\/572447"}],"collection":[{"href":"https:\/\/arantv.az\/index.php?rest_route=\/wp\/v2\/posts"}],"about":[{"href":"https:\/\/arantv.az\/index.php?rest_route=\/wp\/v2\/types\/post"}],"author":[{"embeddable":true,"href":"https:\/\/arantv.az\/index.php?rest_route=\/wp\/v2\/users\/2"}],"replies":[{"embeddable":true,"href":"https:\/\/arantv.az\/index.php?rest_route=%2Fwp%2Fv2%2Fcomments&post=572447"}],"version-history":[{"count":0,"href":"https:\/\/arantv.az\/index.php?rest_route=\/wp\/v2\/posts\/572447\/revisions"}],"wp:featuredmedia":[{"embeddable":true,"href":"https:\/\/arantv.az\/index.php?rest_route=\/wp\/v2\/media\/572448"}],"wp:attachment":[{"href":"https:\/\/arantv.az\/index.php?rest_route=%2Fwp%2Fv2%2Fmedia&parent=572447"}],"wp:term":[{"taxonomy":"category","embeddable":true,"href":"https:\/\/arantv.az\/index.php?rest_route=%2Fwp%2Fv2%2Fcategories&post=572447"},{"taxonomy":"post_tag","embeddable":true,"href":"https:\/\/arantv.az\/index.php?rest_route=%2Fwp%2Fv2%2Ftags&post=572447"}],"curies":[{"name":"wp","href":"https:\/\/api.w.org\/{rel}","templated":true}]}}