{"id":572451,"date":"2023-03-04T06:30:00","date_gmt":"2023-03-04T03:30:00","guid":{"rendered":"https:\/\/arantv.az\/?p=572451"},"modified":"2023-03-04T06:30:00","modified_gmt":"2023-03-04T03:30:00","slug":"az%c9%99rbaycan-turkiy%c9%99-%c9%99sl-qardasliq-bel%c9%99-olar","status":"publish","type":"post","link":"https:\/\/arantv.az\/?p=572451","title":{"rendered":"Az\u0259rbaycan &#8211; T\u00fcrkiy\u0259: \u018fsl qarda\u015fl\u0131q bel\u0259 olar!"},"content":{"rendered":"<p>G\u00fcn\u00fcm\u00fcz\u00fcn reall\u0131\u011f\u0131 onu g\u00f6st\u0259rir ki, tarixi k\u00f6kl\u0259rl\u0259 ba\u011fl\u0131 olan Az\u0259rbaycan-T\u00fcrkiy\u0259 dostlu\u011fu v\u0259 qarda\u015fl\u0131\u011f\u0131 daim davam ed\u0259c\u0259k. Bu g\u00fcn d\u00fcnyada Az\u0259rbaycan v\u0259 T\u00fcrkiy\u0259 d\u0259d\u0259r bir-birin\u0259 yax\u0131n olan iki d\u00f6vl\u0259t tapmaq m\u00fcmk\u00fcn deyil. \u0130ki \u00f6lk\u0259 v\u0259 xalq daim xo\u015f g\u00fcnl\u0259rin sevincini birlikd\u0259 b\u00f6l\u00fc\u015f\u00fcbl\u0259r, \u00e7\u0259tinlikl\u0259rd\u0259 is\u0259 h\u0259mi\u015f\u0259 bir-birin\u0259 arxa, dayaq durublar.<\/p>\n<p>44 g\u00fcnl\u00fck V\u0259t\u0259n m\u00fcharib\u0259si zaman\u0131 qarda\u015f T\u00fcrkiy\u0259nin d\u00f6vl\u0259timiz\u0259 verdiyi siyasi-m\u0259n\u0259vi d\u0259st\u0259yin h\u0259r birimiz \u015fahidi olduq.\u00a0 2020-ci ilin 10 dekabr\u0131nda, Z\u0259f\u0259r parad\u0131m\u0131zda T\u00fcrkiy\u0259 Prezidenti R\u0259c\u0259b Tayyib \u018frdo\u011fan\u0131n ali qonaq qismind\u0259 i\u015ftirak etm\u0259sinin d\u0259 \u00f6z b\u00f6y\u00fck r\u0259mzi m\u0259nas\u0131, qarda\u015fl\u0131\u011f\u0131m\u0131z\u0131n b\u00fct\u00fcn d\u00fcnyaya bir daha\u00a0 m\u00f6ht\u0259\u015f\u0259m b\u0259yan\u0131 oldu.<\/p>\n<p>Bu dostluq v\u0259 qarda\u015fl\u0131q m\u00fcnasib\u0259tl\u0259ri q\u0259dim tarixi k\u00f6kl\u0259r\u0259 ba\u011fl\u0131d\u0131r. M\u0259hz b\u00fct\u00fcn bu tarixi k\u00f6kl\u0259r\u0259 ba\u011fl\u0131l\u0131q fevral\u0131n 6-da T\u00fcrkiy\u0259d\u0259 ba\u015f vermi\u015f \u00e7oxsayl\u0131 insan t\u0259l\u0259fat\u0131 il\u0259 n\u0259tic\u0259l\u0259n\u0259n d\u0259h\u015f\u0259tli z\u0259lz\u0259l\u0259 xalq\u0131m\u0131z\u0131 \u00e7ox m\u0259yus etdi. \u00a0Qarda\u015f T\u00fcrkiy\u0259nin bel\u0259 bir a\u011f\u0131r g\u00fcn\u00fcnd\u0259 Az\u0259rbaycan xalq\u0131 da \u00f6z g\u00fcc\u00fcn\u00fc s\u0259f\u0259rb\u0259r ed\u0259r\u0259k \u00e7\u0259tin durumda olan t\u00fcrk qarda\u015flar\u0131n\u0131n haray\u0131na birinci s\u0259s verdi. Az\u0259rbaycan Respublikas\u0131n\u0131n Prezidenti \u0130lham \u018fliyevin h\u0259min g\u00fcn T\u00fcrkiy\u0259nin Prezidenti R\u0259c\u0259b Tayyib \u018frdo\u011fana ba\u015fsa\u011fl\u0131\u011f\u0131 m\u0259ktubu \u00fcnvanlayaraq, xalq\u0131m\u0131z\u0131n bu faci\u0259d\u0259n son d\u0259r\u0259c\u0259 sars\u0131ld\u0131\u011f\u0131m\u0131 v\u0259 \u00fcz\u00fcnt\u00fc i\u00e7\u0259risind\u0259 oldu\u011funu ifad\u0259 etm\u0259si, daim t\u00fcrk qarda\u015f v\u0259 bac\u0131lar\u0131m\u0131z\u0131n yan\u0131nda olaca\u011f\u0131m\u0131z\u0131 bildirm\u0259si b\u00fct\u00fcn az\u0259rbaycanl\u0131lar\u0131n \u00fcr\u0259yind\u0259n ke\u00e7\u0259n hissl\u0259rin ifad\u0259si idi. Daha sonra d\u00f6vl\u0259t ba\u015f\u00e7\u0131s\u0131 \u0130lham \u018fliyevin T\u00fcrkiy\u0259 Prezidenti R\u0259c\u0259b Tayyib \u018frdo\u011fana telefon z\u0259ngi d\u0259 dost v\u0259 qarda\u015f kimi \u00f6lk\u0259mizin v\u0259 xalq\u0131m\u0131z\u0131n h\u0259r zaman T\u00fcrkiy\u0259 il\u0259 \u00e7iyin-\u00e7iyin\u0259 add\u0131mlad\u0131\u011f\u0131n\u0131n g\u00f6st\u0259ricisi idi. Prezident \u0130lham \u018fliyev, h\u0259m\u00e7inin T\u00fcrkiy\u0259nin \u00f6lk\u0259mizd\u0259ki s\u0259firliyind\u0259 olaraq, ba\u015fsa\u011fl\u0131\u011f\u0131n\u0131 \u00e7atd\u0131rd\u0131.<\/p>\n<p>D\u0259h\u015f\u0259tli faci\u0259nin f\u0259sadlar\u0131n\u0131n aradan qald\u0131r\u0131lmas\u0131 m\u0259qs\u0259dil\u0259 Prezident \u0130lham \u018fliyevin v\u0259 Birinci vitse &#8211; prezident Mehriban xan\u0131m \u018fliyevan\u0131n m\u00fcvafiq g\u00f6st\u0259ri\u015fl\u0259ri il\u0259 t\u0259xir\u0259sal\u0131nmaz t\u0259dbirl\u0259r h\u0259yata ke\u00e7irildi v\u0259 qarda\u015f T\u00fcrkiy\u0259 xalq\u0131na humanitar yard\u0131mlar g\u00f6st\u0259rildi. Eyni zamanda, Az\u0259rbaycan xalq\u0131 da ham\u0131l\u0131qla k\u00f6n\u00fcll\u00fc olaraq \u00f6z qarda\u015flar\u0131na yard\u0131m kampaniyas\u0131na qo\u015fuldu. \u0130lk g\u00fcnd\u0259n Prezident \u0130lham \u018fliyevin tap\u015f\u0131r\u0131\u011f\u0131na uy\u011fun olaraq T\u00fcrkiy\u0259d\u0259 ba\u015f vermi\u015f z\u0259lz\u0259l\u0259nin n\u0259tic\u0259l\u0259rinin aradan qald\u0131r\u0131lmas\u0131 v\u0259 f\u0259lak\u0259t zonas\u0131nda axtar\u0131\u015f i\u015fl\u0259rind\u0259 i\u015ftirak etm\u0259k \u00fc\u00e7\u00fcn F\u00f6vq\u0259lad\u0259 Hallar Nazirliyinin \u015f\u0259xsi hey\u0259ti qarda\u015f \u00f6lk\u0259y\u0259 yola d\u00fc\u015f\u00fcb. H\u0259m\u00e7inin Prezident \u0130lham \u018fliyevin g\u00f6st\u0259ri\u015fin\u0259 \u0259sas\u0259n Az\u0259rbaycan Ordusunun h\u0259rbi tibb personal\u0131 T\u00fcrkiy\u0259y\u0259 ezam olunub. Haz\u0131rda F\u00f6vq\u0259lad\u0259 Hallar Nazirliyinin \u00e7evik xilasetm\u0259 q\u00fcvv\u0259l\u0259ri z\u0259lz\u0259l\u0259nin f\u0259sadlar\u0131n\u0131n aradan qald\u0131r\u0131lmas\u0131 v\u0259 axtar\u0131\u015f-xilasetm\u0259 \u0259m\u0259liyyatlar\u0131n\u0131 fasil\u0259siz davam etdirirl\u0259r.<\/p>\n<p>Az\u0259rbaycanda qarda\u015f T\u00fcrkiy\u0259y\u0259 yard\u0131m kampaniyas\u0131na el\u0259 ilk g\u00fcnl\u0259rd\u0259n Heyd\u0259r \u018fliyev Fondu da qo\u015fulub. Birinci xan\u0131m Mehriban \u018fliyevan\u0131n g\u00f6st\u0259ri\u015fi il\u0259 Heyd\u0259r \u018fliyev Fondu T\u00fcrkiy\u0259nin z\u0259lz\u0259l\u0259 b\u00f6lg\u0259sin\u0259 humanitar yard\u0131m edir. Fondun \u201cRegional \u0130nki\u015faf\u201d \u0130ctimai Birliyi T\u00fcrkiy\u0259nin \u00f6lk\u0259mizd\u0259ki s\u0259firliyinin z\u0259lz\u0259l\u0259 b\u00f6lg\u0259sin\u0259 humanitar yard\u0131m g\u00f6st\u0259rilm\u0259si m\u0259qs\u0259di il\u0259 Az\u0259rbaycan v\u0259t\u0259nda\u015flar\u0131na \u00e7a\u011f\u0131r\u0131\u015f\u0131na qo\u015fularaq qarda\u015f \u00f6lk\u0259y\u0259 d\u0259st\u0259k m\u0259qs\u0259dil\u0259 humanitar yard\u0131m kampaniyas\u0131na start verib.<\/p>\n<p>Az\u0259rbaycan\u0131n \u0259n b\u00f6y\u00fck \u015firk\u0259ti SOCAR, h\u0259m\u00e7inin dig\u0259r d\u00f6vl\u0259t qurumlar\u0131 da qarda\u015f \u00f6lk\u0259y\u0259 humanitar yard\u0131m\u0131n t\u0259\u015fkilind\u0259 f\u0259all\u0131q g\u00f6st\u0259rirl\u0259r. Bu sah\u0259d\u0259 m\u00fc\u0259yy\u0259n t\u0259cr\u00fcb\u0259y\u0259 malik olan \u00a0Heyd\u0259r \u018fliyev Fondunun n\u0259zdind\u0259 f\u0259aliyy\u0259t g\u00f6st\u0259r\u0259n k\u00f6n\u00fcll\u00fcl\u0259r v\u0259 \u201cASAN k\u00f6n\u00fcll\u00fcl\u0259ri\u201d\u00a0 yard\u0131m kampaniyas\u0131nda f\u0259rql\u0259nirl\u0259r .<\/p>\n<p>D\u0259rd\u0259 t\u0259slim olanda d\u0259rd insan\u0131 yen\u0259r. M\u0259hz bel\u0259 olmamas\u0131 \u00fc\u00e7\u00fcn insanlar\u0131m\u0131z d\u0259rdin \u00fcst\u00fcn\u0259 yeridil\u0259r. &#8220;Birliyimizl\u0259 bu b\u0259lan\u0131 da a\u015faca\u011f\u0131q&#8221;, &#8211; dedil\u0259r. N\u0259n\u0259l\u0259r &#8220;y\u00fckd\u0259n&#8221; yor\u011fan-d\u00f6\u015f\u0259kl\u0259rini, analar q\u0131zlar\u0131na ald\u0131qlar\u0131 cehizlikl\u0259rini, atalar evd\u0259 &#8220;dar g\u00fcn\u00fc \u00fc\u00e7\u00fcn&#8221; saxlad\u0131qlar\u0131 son manatlar\u0131n\u0131 g\u00f6t\u00fcr\u00fcb yard\u0131m m\u0259nt\u0259q\u0259l\u0259rin\u0259 t\u0259l\u0259sdil\u0259r. K\u00f6rp\u0259l\u0259rimiz oyuncaqlar\u0131n\u0131 t\u00fcrk h\u0259mya\u015f\u0131dlar\u0131ndan \u0259sirg\u0259m\u0259dil\u0259r, g\u0259ncl\u0259rimiz ald\u0131qlar\u0131 t\u0259z\u0259 paltarlar\u0131n\u0131 f\u0259lak\u0259td\u0259n z\u0259r\u0259r\u00e7\u0259k\u0259nl\u0259r\u0259 g\u00f6nd\u0259rdil\u0259r. M\u0259scidl\u0259rd\u0259 ehsanlar verilib, dualar oxundu. Kils\u0259l\u0259rd\u0259, sinaqoqlarda &#8220;z\u0259ngl\u0259r&#8221; \u00e7al\u0131nd\u0131. Toy, ni\u015fan ed\u0259c\u0259k g\u0259ncl\u0259rimiz xeyir i\u015fl\u0259rini t\u0259xir\u0259 sald\u0131lar. &#8220;Qarda\u015f\u0131m\u0131n evind\u0259 yas var ik\u0259n toy ed\u0259 bilm\u0259r\u0259m&#8221;, &#8211; dedi g\u0259ncl\u0259rimiz. Xalq\u0131m\u0131z &#8220;el bir, dil bir&#8221; oldu. \u00a0Az\u0259rbaycan\u0131n b\u00fct\u00fcn rayonlar\u0131nda xalq he\u00e7 kims\u0259d\u0259n tap\u015f\u0131r\u0131q almadan, t\u0259\u015f\u0259bb\u00fcs g\u00f6zl\u0259m\u0259d\u0259n h\u0259r\u0259k\u0259t\u0259 ke\u00e7di.<\/p>\n<p>&#8220;T\u00fcrkiy\u0259 &#8211; t\u0259k \u00fcr\u0259k&#8221; oldu, q\u0259lbi yaln\u0131z z\u0259lz\u0259l\u0259d\u0259n z\u0259r\u0259r \u00e7\u0259k\u0259n milyonlarla insana dayaq-d\u0259st\u0259k olmaq \u00fc\u00e7\u00fcn atd\u0131.<br \/>\nAz\u0259rbaycan Televiziyas\u0131, T\u00fcrkiy\u0259, el\u0259c\u0259 d\u0259 \u015eimali Kiprin televiziya v\u0259 radio kanallar\u0131n\u0131n i\u015ftirak\u0131 il\u0259 xeyriyy\u0259 m\u0259qs\u0259dil\u0259 ke\u00e7iril\u0259n ortaq yay\u0131mda C\u00fcmhuriyy\u0259t tarixinin \u0259n b\u00f6y\u00fck yard\u0131m kampaniyas\u0131 ba\u015f tutdu. D\u00fcnyan\u0131n h\u0259r yerind\u0259n i\u015f adamlar\u0131, s\u0259n\u0259t\u00e7il\u0259r, siyas\u0259t\u00e7il\u0259r, QHT r\u0259smil\u0259ri v\u0259 sad\u0259 v\u0259t\u0259nda\u015flar\u0131n qat\u0131ld\u0131\u011f\u0131 &#8220;T\u00fcrkiy\u0259 &#8211; t\u0259k \u00fcr\u0259k&#8221; kampaniyas\u0131na Az\u0259rbaycan v\u0259t\u0259nda\u015flar\u0131 da f\u0259al \u015f\u0259kild\u0259 d\u0259st\u0259k verdil\u0259r. Xalq\u0131m\u0131z h\u0259r zaman oldu\u011fu kimi, bu m\u00fch\u00fcm m\u0259qamda da t\u00fcrkiy\u0259li qarda\u015flar\u0131 il\u0259 h\u0259mr\u0259y oldu\u011funu n\u00fcmayi\u015f etdirdi.<\/p>\n<p><em><strong>T\u00fcrkiy\u0259y\u0259 yard\u0131m \u00fc\u00e7\u00fcn Az\u0259rbaycan he\u00e7 zaman t\u0259klif g\u00f6zl\u0259m\u0259yib<\/strong><\/em><\/p>\n<p>H\u0259l\u0259 1999-cu ild\u0259 T\u00fcrkiy\u0259d\u0259 ba\u015f ver\u0259n d\u0259h\u015f\u0259tli z\u0259lz\u0259l\u0259 , 2000-ci ilin \u0259vv\u0259ll\u0259rind\u0259ki me\u015f\u0259 yan\u011f\u0131nlar\u0131 zaman\u0131 da qarda\u015f xalqa ilk yard\u0131m \u0259lini uzadan m\u0259hz Az\u0259rbaycan \u00a0olub. Bir s\u00f6zl\u0259,\u00a0Az\u0259rbaycan\u0131n qarda\u015f T\u00fcrkiy\u0259y\u0259 dayaq durmas\u0131 t\u0259kc\u0259 yax\u0131n tariximizd\u0259 deyil, uzaq ke\u00e7mi\u015fimizd\u0259 d\u0259 ya\u015fan\u0131b. O da t\u0259sad\u00fcfi deyildi ki, \u00c7anaqqala sava\u015f\u0131ndan sonra, \u00a0XX \u0259srin \u0259vv\u0259ll\u0259rind\u0259 T\u00fcrkiy\u0259nin a\u011f\u0131r iqtisadi b\u00f6hran ya\u015fad\u0131\u011f\u0131 bir zamanda Mustafa Kamal Pa\u015fa k\u00f6m\u0259k \u00fc\u00e7\u00fcn \u00fcz\u00fcn\u00fc m\u0259hz Az\u0259rbaycana tutmu\u015fdu&#8230; T\u00fcrkiy\u0259 tarixinin \u0259n \u00e7\u0259tin s\u0131naqlardan ke\u00e7diyi h\u0259min d\u00f6n\u0259md\u0259 d\u0259 Az\u0259rbaycan h\u0259r c\u00fcr maddi yard\u0131m\u0131 il\u0259 qarda\u015f\u0131n\u0131n imdad\u0131na yeti\u015fmi\u015fdi. G\u0259tirdiyimiz bir ne\u00e7\u0259 n\u00fcmun\u0259d\u0259n d\u0259 xalqlar\u0131m\u0131z aras\u0131ndak\u0131 qarda\u015fl\u0131\u011f\u0131n hans\u0131 y\u00fcks\u0259k s\u0259viyy\u0259d\u0259 oldu\u011fu bariz \u015f\u0259kild\u0259 g\u00f6r\u00fcr\u00fck. Az\u0259rbaycan\u0131n da \u0259n \u00e7\u0259tin anlar\u0131nda qarda\u015f T\u00fcrkiy\u0259 h\u0259r zaman yan\u0131m\u0131zda, biziml\u0259 \u00e7iyin-\u00e7iyin\u0259 olub. El\u0259c\u0259 d\u0259 V\u0259t\u0259n m\u00fcharib\u0259sind\u0259 qarda\u015f \u00f6lk\u0259nin yax\u0131ndan d\u0259st\u0259yini hiss etm\u0259yimiz biz\u0259 ruh, g\u00fcc verib.\u00a0\u018fminik ki, \u201cbir mill\u0259t, iki d\u00f6vl\u0259t\u201d olan Az\u0259rbaycanla T\u00fcrkiy\u0259 qarda\u015fl\u0131q v\u0259 h\u0259mr\u0259yliyinin g\u00fcc\u00fc il\u0259 b\u00fct\u00fcn \u00e7\u0259tinlikl\u0259rd\u0259n qalib \u00e7\u0131xacaq. Qarda\u015f \u00f6lk\u0259y\u0259 d\u0259st\u0259k m\u0259n\u0259vi borcumuzdur.<\/p>\n<p>Qarda\u015f T\u00fcrkiy\u0259 Az\u0259rbaycan xalq\u0131n\u0131n \u00fcr\u0259kd\u0259n g\u0259l\u0259n a\u011fr\u0131s\u0131n\u0131, d\u0259st\u0259k \u00fc\u00e7\u00fcn \u00e7abalar\u0131n\u0131 y\u00fcks\u0259k qiym\u0259tl\u0259ndirir. Az\u0259rbaycan xalq\u0131n\u0131n ham\u0131l\u0131qla z\u0259lz\u0259l\u0259 qurbanlar\u0131 \u00fc\u00e7\u00fcn humanitar yard\u0131ma qo\u015fulmas\u0131ndan v\u0259 g\u00f6nd\u0259ril\u0259n yard\u0131mlar bar\u0259d\u0259 m\u0259lumatl\u0131 oldu\u011funu dey\u0259n T\u00fcrkiy\u0259 Prezidenti c\u0259nab R\u0259c\u0259b Tayyib \u018frdo\u011fan V\u0259t\u0259n m\u00fcharib\u0259si zaman\u0131 T\u00fcrkiy\u0259 Az\u0259rbaycan\u0131n yan\u0131nda nec\u0259 olmu\u015fdursa, indi d\u0259 bel\u0259 \u00e7\u0259tin g\u00fcnd\u0259 Az\u0259rbaycan\u0131n T\u00fcrkiy\u0259nin yan\u0131nda oldu\u011funu bildirdi: \u201c\u00d6z ad\u0131mdan, ail\u0259m v\u0259 xalq\u0131m\u0131z ad\u0131ndan minn\u0259tdarl\u0131qlar\u0131m\u0131 \u00e7atd\u0131r\u0131ram. Biz t\u0259k bu g\u00fcn deyil, \u00f6l\u0259n\u0259d\u0259k birlikd\u0259 olaca\u011f\u0131q. Bir mill\u0259t, iki d\u00f6vl\u0259t olaraq yola davam ed\u0259c\u0259yik!\u201d<\/p>\n","protected":false},"excerpt":{"rendered":"<p>G\u00fcn\u00fcm\u00fcz\u00fcn reall\u0131\u011f\u0131 onu g\u00f6st\u0259rir ki, tarixi k\u00f6kl\u0259rl\u0259 ba\u011fl\u0131 olan Az\u0259rbaycan-T\u00fcrkiy\u0259 dostlu\u011fu v\u0259 qarda\u015fl\u0131\u011f\u0131 daim davam ed\u0259c\u0259k. Bu g\u00fcn d\u00fcnyada Az\u0259rbaycan v\u0259 T\u00fcrkiy\u0259 d\u0259d\u0259r bir-birin\u0259 yax\u0131n olan iki d\u00f6vl\u0259t tapmaq m\u00fcmk\u00fcn deyil. \u0130ki \u00f6lk\u0259 v\u0259 xalq daim xo\u015f g\u00fcnl\u0259rin sevincini birlikd\u0259 b\u00f6l\u00fc\u015f\u00fcbl\u0259r, \u00e7\u0259tinlikl\u0259rd\u0259 is\u0259 h\u0259mi\u015f\u0259 bir-birin\u0259 arxa, dayaq durublar. 44 g\u00fcnl\u00fck V\u0259t\u0259n m\u00fcharib\u0259si zaman\u0131 qarda\u015f T\u00fcrkiy\u0259nin d\u00f6vl\u0259timiz\u0259 verdiyi siyasi-m\u0259n\u0259vi d\u0259st\u0259yin h\u0259r birimiz \u015fahidi olduq.\u00a0 2020-ci ilin 10 dekabr\u0131nda, Z\u0259f\u0259r parad\u0131m\u0131zda T\u00fcrkiy\u0259 Prezidenti R\u0259c\u0259b Tayyib \u018frdo\u011fan\u0131n ali qonaq qismind\u0259 i\u015ftirak etm\u0259sinin d\u0259 \u00f6z b\u00f6y\u00fck r\u0259mzi m\u0259nas\u0131, qarda\u015fl\u0131\u011f\u0131m\u0131z\u0131n b\u00fct\u00fcn d\u00fcnyaya bir daha\u00a0 m\u00f6ht\u0259\u015f\u0259m&hellip;<\/p>\n","protected":false},"author":2,"featured_media":572452,"comment_status":"closed","ping_status":"closed","sticky":false,"template":"","format":"standard","meta":{"om_disable_all_campaigns":false,"_monsterinsights_skip_tracking":false,"_monsterinsights_sitenote_active":false,"_monsterinsights_sitenote_note":"","_monsterinsights_sitenote_category":0},"categories":[19],"tags":[],"aioseo_notices":[],"gutentor_comment":0,"rttpg_featured_image_url":{"full":["https:\/\/arantv.az\/wp-content\/uploads\/2023\/03\/72b38622167610336547761456610445875-1.jpg",975,540,false],"landscape":["https:\/\/arantv.az\/wp-content\/uploads\/2023\/03\/72b38622167610336547761456610445875-1.jpg",975,540,false],"portraits":["https:\/\/arantv.az\/wp-content\/uploads\/2023\/03\/72b38622167610336547761456610445875-1.jpg",975,540,false],"thumbnail":["https:\/\/arantv.az\/wp-content\/uploads\/2023\/03\/72b38622167610336547761456610445875-1-500x280.jpg",500,280,true],"medium":["https:\/\/arantv.az\/wp-content\/uploads\/2023\/03\/72b38622167610336547761456610445875-1-660x365.jpg",660,365,true],"large":["https:\/\/arantv.az\/wp-content\/uploads\/2023\/03\/72b38622167610336547761456610445875-1-840x465.jpg",640,354,true],"1536x1536":["https:\/\/arantv.az\/wp-content\/uploads\/2023\/03\/72b38622167610336547761456610445875-1.jpg",975,540,false],"2048x2048":["https:\/\/arantv.az\/wp-content\/uploads\/2023\/03\/72b38622167610336547761456610445875-1.jpg",975,540,false],"post-thumbnail":["https:\/\/arantv.az\/wp-content\/uploads\/2023\/03\/72b38622167610336547761456610445875-1-240x172.jpg",240,172,true],"advps-thumb-one":["https:\/\/arantv.az\/wp-content\/uploads\/2023\/03\/72b38622167610336547761456610445875-1.jpg",975,540,false]},"rttpg_author":{"display_name":"V\u00fcsal Rafiqo\u011flu","author_link":"https:\/\/arantv.az\/?author=2"},"rttpg_comment":0,"rttpg_category":"<a href=\"https:\/\/arantv.az\/?cat=19\" rel=\"category\">G\u00fcnd\u0259m<\/a>","rttpg_excerpt":"G\u00fcn\u00fcm\u00fcz\u00fcn reall\u0131\u011f\u0131 onu g\u00f6st\u0259rir ki, tarixi k\u00f6kl\u0259rl\u0259 ba\u011fl\u0131 olan Az\u0259rbaycan-T\u00fcrkiy\u0259 dostlu\u011fu v\u0259 qarda\u015fl\u0131\u011f\u0131 daim davam ed\u0259c\u0259k. Bu g\u00fcn d\u00fcnyada Az\u0259rbaycan v\u0259 T\u00fcrkiy\u0259 d\u0259d\u0259r bir-birin\u0259 yax\u0131n olan iki d\u00f6vl\u0259t tapmaq m\u00fcmk\u00fcn deyil. \u0130ki \u00f6lk\u0259 v\u0259 xalq daim xo\u015f g\u00fcnl\u0259rin sevincini birlikd\u0259 b\u00f6l\u00fc\u015f\u00fcbl\u0259r, \u00e7\u0259tinlikl\u0259rd\u0259 is\u0259 h\u0259mi\u015f\u0259 bir-birin\u0259 arxa, dayaq durublar. 44 g\u00fcnl\u00fck V\u0259t\u0259n m\u00fcharib\u0259si zaman\u0131 qarda\u015f T\u00fcrkiy\u0259nin&hellip;","_links":{"self":[{"href":"https:\/\/arantv.az\/index.php?rest_route=\/wp\/v2\/posts\/572451"}],"collection":[{"href":"https:\/\/arantv.az\/index.php?rest_route=\/wp\/v2\/posts"}],"about":[{"href":"https:\/\/arantv.az\/index.php?rest_route=\/wp\/v2\/types\/post"}],"author":[{"embeddable":true,"href":"https:\/\/arantv.az\/index.php?rest_route=\/wp\/v2\/users\/2"}],"replies":[{"embeddable":true,"href":"https:\/\/arantv.az\/index.php?rest_route=%2Fwp%2Fv2%2Fcomments&post=572451"}],"version-history":[{"count":0,"href":"https:\/\/arantv.az\/index.php?rest_route=\/wp\/v2\/posts\/572451\/revisions"}],"wp:featuredmedia":[{"embeddable":true,"href":"https:\/\/arantv.az\/index.php?rest_route=\/wp\/v2\/media\/572452"}],"wp:attachment":[{"href":"https:\/\/arantv.az\/index.php?rest_route=%2Fwp%2Fv2%2Fmedia&parent=572451"}],"wp:term":[{"taxonomy":"category","embeddable":true,"href":"https:\/\/arantv.az\/index.php?rest_route=%2Fwp%2Fv2%2Fcategories&post=572451"},{"taxonomy":"post_tag","embeddable":true,"href":"https:\/\/arantv.az\/index.php?rest_route=%2Fwp%2Fv2%2Ftags&post=572451"}],"curies":[{"name":"wp","href":"https:\/\/api.w.org\/{rel}","templated":true}]}}