{"id":572463,"date":"2023-03-04T06:32:18","date_gmt":"2023-03-04T03:32:18","guid":{"rendered":"https:\/\/arantv.az\/?p=572463"},"modified":"2023-03-04T06:32:18","modified_gmt":"2023-03-04T03:32:18","slug":"aparici-beyn%c9%99lxalq-t%c9%99skilatlarin-q%c9%99rarlari-ya-icra-olunmur-ya-da","status":"publish","type":"post","link":"https:\/\/arantv.az\/?p=572463","title":{"rendered":"Apar\u0131c\u0131 beyn\u0259lxalq t\u0259\u015fkilatlar\u0131n q\u0259rarlar\u0131 ya icra olunmur, ya da\u2026"},"content":{"rendered":"<p><em><strong>Qo\u015fulmama H\u0259r\u0259kat\u0131n\u0131n COVID-19-a qar\u015f\u0131 m\u00fcbariz\u0259 \u00fczr\u0259 T\u0259mas Qrupunun Zirv\u0259 g\u00f6r\u00fc\u015f\u00fc i\u015f\u011fal v\u0259 postm\u00fcnaqi\u015f\u0259 d\u00f6vr\u00fcn\u00fcn reall\u0131qlar\u0131n\u0131n t\u0259bli\u011find\u0259 d\u0259 \u00f6z s\u00f6z\u00fcn\u00fc dedi<\/strong><\/em><\/p>\n<p>Bak\u0131da ke\u00e7iril\u0259n Qo\u015fulmama H\u0259r\u0259kat\u0131n\u0131n COVID-19-a qar\u015f\u0131 m\u00fcbariz\u0259 \u00fczr\u0259 T\u0259mas Qrupunun Zirv\u0259 g\u00f6r\u00fc\u015f\u00fc ba\u015fa \u00e7atd\u0131. H\u0259r bir beyn\u0259lxalq \u0259h\u0259miyy\u0259tli t\u0259dbir sona \u00e7atsa da g\u00fcnd\u0259m\u0259 g\u0259tirdiyi m\u0259s\u0259l\u0259l\u0259r, s\u0259sl\u0259ndiril\u0259n \u00e7a\u011f\u0131r\u0131\u015flar\u0131n d\u00fczg\u00fcn cavabland\u0131r\u0131lmas\u0131 \u00fc\u00e7\u00fcn m\u00fc\u0259yy\u0259nl\u0259\u015fdiril\u0259n yol x\u0259rit\u0259si uzun m\u00fcdd\u0259t m\u00fczakir\u0259 olunur. Bu bax\u0131mdan s\u00f6z\u00fcged\u0259n Zirv\u0259 g\u00f6r\u00fc\u015f\u00fc, \u0259n \u0259sas\u0131 Qo\u015fulmama H\u0259r\u0259kat\u0131n\u0131n s\u0259dri olan Az\u0259rbaycan\u0131n bug\u00fcn\u0259d\u0259k ir\u0259li s\u00fcrd\u00fcy\u00fc t\u0259\u015f\u0259bb\u00fcsl\u0259rin ger\u00e7\u0259kl\u0259\u015fm\u0259si fonunda H\u0259r\u0259kat\u0131n artan n\u00fcfuzu, s\u00f6z sahibliyi geni\u015f m\u00fczakir\u0259 olunmaqdad\u0131r. Bu t\u0259dbirl\u0259rin diqq\u0259t \u00e7\u0259k\u0259n m\u0259qamlar\u0131ndan biri d\u0259 Az\u0259rbaycan\u0131n tarixi h\u0259qiq\u0259tl\u0259rinin, m\u00f6vcud reall\u0131qlar\u0131n d\u00fcnya ictimaiyy\u0259tin\u0259 \u00e7atd\u0131r\u0131lmas\u0131 \u00fc\u00e7\u00fcn geni\u015f imkanlar\u0131n yarad\u0131lmas\u0131d\u0131r. Az\u0259rbaycan d\u00f6vl\u0259ti h\u0259r zaman \u0259n y\u00fcks\u0259k tribunalardan haqq s\u0259simizi d\u00fcnyaya \u00e7atd\u0131r\u0131b, \u0259dal\u0259tin v\u0259 beyn\u0259lxalq h\u00fcququn yan\u0131nda oldu\u011funu bildirir. BMT-d\u0259n sonra ikinci b\u00f6y\u00fck t\u0259sisat olan Qo\u015fulmama H\u0259r\u0259kat\u0131n\u0131n s\u0131ralar\u0131nda 120 \u00fczv\u00fc birl\u0259\u015fdirdiyini n\u0259z\u0259r\u0259 alsaq h\u0259qiq\u0259tl\u0259rimizin t\u0259bli\u011fi \u00fc\u00e7\u00fcn hans\u0131 imkanlar\u0131n yarand\u0131\u011f\u0131n\u0131 geni\u015f \u015f\u0259rh etm\u0259y\u0259 ehtiyac olmaz.<\/p>\n<p>D\u00f6vl\u0259t ba\u015f\u00e7\u0131s\u0131 \u0130lham \u018fliyev Zirv\u0259 g\u00f6r\u00fc\u015f\u00fcnd\u0259 yen\u0259 d\u0259 diqq\u0259ti d\u00fcnyan\u0131n ikili standartlara \u0259saslanan siyas\u0259tin\u0259 y\u00f6n\u0259ltdi. BMT sistemind\u0259 islahatlar\u0131n apar\u0131lmas\u0131n\u0131n vacibliyi m\u0259s\u0259l\u0259sinin g\u00fcnd\u0259md\u0259 saxlan\u0131lmas\u0131 da bu kimi m\u0259qamlara i\u015f\u0131q sald\u0131. \u00abBMT T\u0259hl\u00fck\u0259sizlik \u015euras\u0131 ke\u00e7mi\u015fi xat\u0131rlad\u0131r v\u0259 indiki reall\u0131\u011f\u0131 \u0259ks etdirmir\u00bb s\u00f6yl\u0259y\u0259n d\u00f6vl\u0259t ba\u015f\u00e7\u0131s\u0131 \u0130lham \u018fliyev bildirdi ki, T\u0259hl\u00fck\u0259sizlik \u015euras\u0131n\u0131n t\u0259rkibi geni\u015fl\u0259ndirilm\u0259lidir ki, orada daha \u00e7ox \u00f6lk\u0259 t\u0259msil olunsun v\u0259 co\u011frafi bax\u0131mdan daha \u0259dal\u0259tli olsun. Bir daimi yer Qo\u015fulmama H\u0259r\u0259kat\u0131na verilm\u0259lidir v\u0259 Qo\u015fulmama H\u0259r\u0259kat\u0131na s\u0259drlik ed\u0259n \u00f6lk\u0259 n\u00f6vb\u0259li \u015f\u0259kild\u0259 bu yer\u0259 sahib olmal\u0131d\u0131r. \u00d6lk\u0259 Prezidenti Qo\u015fulmama H\u0259r\u0259kat\u0131na \u00fczv \u00f6lk\u0259l\u0259ri bu m\u0259s\u0259l\u0259 il\u0259 ba\u011fl\u0131 m\u0259sl\u0259h\u0259tl\u0259\u015fm\u0259l\u0259r\u0259 ba\u015flama\u011fa v\u0259 \u00f6z fikirl\u0259rini BMT-nin m\u00fcvafiq komit\u0259sin\u0259 t\u0259qdim etm\u0259y\u0259 \u00e7a\u011f\u0131rd\u0131.<\/p>\n<p>T\u0259bii ki, h\u0259r bir m\u0259s\u0259l\u0259nin g\u00fcnd\u0259m\u0259 g\u0259tirilm\u0259sini z\u0259ruri ed\u0259n s\u0259b\u0259bl\u0259r vard\u0131r. Reall\u0131q budur ki, BMT T\u0259hl\u00fck\u0259sizlik \u015euras\u0131 bu g\u00fcn s\u0259m\u0259r\u0259li deyil. T\u0259hl\u00fck\u0259sizlik \u015euras\u0131n\u0131n b\u0259zi q\u0259tnam\u0259l\u0259ri bir ne\u00e7\u0259 g\u00fcn\u00fcn i\u00e7ind\u0259 icra olunub. Lakin Az\u0259rbaycana g\u0259ldikd\u0259 is\u0259, Erm\u0259nistan silahl\u0131 q\u00fcvv\u0259l\u0259rinin Az\u0259rbaycan \u0259razisind\u0259n d\u0259rhal v\u0259 qeyd-\u015f\u0259rtsiz \u00e7\u0131xar\u0131lmas\u0131na dair BMT T\u0259hl\u00fck\u0259sizlik \u015euras\u0131n\u0131n d\u00f6rd q\u0259tnam\u0259sin\u0259 30 il\u0259 yax\u0131n bir m\u00fcdd\u0259td\u0259 m\u0259h\u0259l qoyulmam\u0131\u015fd\u0131r. Apar\u0131c\u0131 beyn\u0259lxalq t\u0259\u015fkilatlar\u0131n q\u0259rarlar\u0131 ya icra olunmur, ya da selektiv yana\u015fma v\u0259 ikili standartlar t\u0259tbiq edilir. \u0130ki il \u0259vv\u0259l Az\u0259rbaycan \u0259razi b\u00fct\u00f6vl\u00fcy\u00fcn\u00fc v\u0259 tarixi \u0259dal\u0259ti h\u0259rbi-siyasi yolla b\u0259rpa etdi v\u0259 T\u0259hl\u00fck\u0259sizlik \u015euras\u0131 q\u0259tnam\u0259l\u0259rinin icras\u0131n\u0131 \u00f6z\u00fc t\u0259min etdi. D\u00f6vl\u0259t ba\u015f\u00e7\u0131s\u0131 \u0130lham \u018fliyevin qeyd etdiyi kimi, bu hadis\u0259 BMT-nin \u0259sas\u0131 qoyulandan b\u0259ri d\u00fcnyada ilk d\u0259f\u0259 idi ba\u015f verirdi.<\/p>\n<p>Bu g\u00fcn b\u00f6y\u00fck \u0259minlikl\u0259 qeyd edirik ki, i\u015f\u011faldan azad edilmi\u015f \u0259razil\u0259rimiz erm\u0259ni v\u0259h\u015filikl\u0259rinin \u015fahidl\u0259ridir. Bu \u0259razil\u0259r tamamil\u0259 da\u011f\u0131d\u0131l\u0131b. Tarixi, dini abid\u0259l\u0259rimiz yerl\u0259-yeksan edilib. Bu g\u00fcn erm\u0259ni vandalizminin g\u00f6st\u0259ricisi olan h\u0259min da\u011f\u0131nt\u0131lar, evl\u0259rin yand\u0131r\u0131lmas\u0131, ya\u015f\u0131ll\u0131qlar\u0131n m\u0259hvi, ekologiyaya vurulan ziyan Erm\u0259nistan\u0131n beyn\u0259lxalq h\u00fcquq \u00e7\u0259r\u00e7iv\u0259sind\u0259 d\u0259ymi\u015f ziyan\u0131 \u00f6d\u0259m\u0259si t\u0259l\u0259bini yerin\u0259 yetirm\u0259y\u0259 m\u0259cbur ed\u0259c\u0259k. He\u00e7 bir cinay\u0259t c\u0259zas\u0131z qalm\u0131r. 30 il havadarlar\u0131n\u0131n \u0259lind\u0259 \u0259rk\u00f6y\u00fcn u\u015faq kimi b\u00f6y\u00fcy\u0259n i\u015f\u011fal\u00e7\u0131 Erm\u0259nistana Az\u0259rbaycan 44 g\u00fcnl\u00fck \u0130kinci Qaraba\u011f m\u00fcharib\u0259sind\u0259 el\u0259 bir d\u0259rs verdi ki, he\u00e7 zaman unutmayacaq. Art\u0131q bundan sonra i\u015f\u011fal\u00e7\u0131 d\u00f6vl\u0259tin r\u0259hb\u0259rliyi beyn\u0259lxalq h\u00fcququn m\u00f6vcudlu\u011fundan \u00f6z\u00fcn\u00fc x\u0259b\u0259rsiz aparmayacaq. \u00c7ox q\u0131sa zamanda Az\u0259rbaycan\u0131n malik oldu\u011fu iqtisadi v\u0259 maliyy\u0259 imkanlar\u0131 i\u015f\u011faldan azad olunan \u0259razil\u0259rimizin \u0259vv\u0259lki v\u0259ziyy\u0259tin\u0259 qay\u0131tmas\u0131n\u0131 t\u0259min ed\u0259c\u0259k. M\u0259scidl\u0259rin, tarix memarl\u0131q abid\u0259l\u0259rinin da\u011f\u0131d\u0131lmas\u0131, mal-qara saxlan\u0131laraq t\u0259hqir edilm\u0259si erm\u0259ni vandalizminin bariz n\u00fcmun\u0259sidir v\u0259 bu fakt t\u0259kc\u0259 Az\u0259rbaycan\u0131n deyil, \u00fcmumilikd\u0259, d\u00fcnyan\u0131n m\u0259d\u0259ni irsin\u0259 barbar m\u00fcnasib\u0259t kimi beyn\u0259lxalq ictimaiyy\u0259t t\u0259r\u0259find\u0259n k\u0259skin q\u0131nanmal\u0131d\u0131r.<\/p>\n<p>D\u00f6vl\u0259t ba\u015f\u00e7\u0131s\u0131 \u0130lham \u018fliyev Zirv\u0259 g\u00f6r\u00fc\u015f\u00fcnd\u0259ki \u00e7\u0131x\u0131\u015f\u0131nda bu faktlara \u0259sasl\u0131 \u015f\u0259kild\u0259 diqq\u0259ti y\u00f6n\u0259ld\u0259r\u0259k bildirdi ki, i\u015f\u011fal ill\u0259ri \u0259rzind\u0259 Az\u0259rbaycan\u0131n y\u00fczl\u0259rl\u0259 \u015f\u0259h\u0259r v\u0259 k\u0259ndi Erm\u0259nistan t\u0259r\u0259find\u0259n m\u0259qs\u0259dy\u00f6nl\u00fc \u015f\u0259kild\u0259 da\u011f\u0131d\u0131lm\u0131\u015f, b\u00fct\u00fcn m\u0259d\u0259ni v\u0259 dini abid\u0259l\u0259r talan v\u0259 qar\u0259t edilmi\u015fdir. Az\u0259rbaycan\u0131n i\u015f\u011faldan azad olunmu\u015f \u0259razil\u0259ri klassik urbisid, kultursid v\u0259 ekosid n\u00fcmun\u0259l\u0259ridir. 2020-ci ilin sonundan etibar\u0259n Qo\u015fulmama H\u0259r\u0259kat\u0131na \u00fczv \u00f6lk\u0259l\u0259r d\u0259 daxil olmaqla, bir \u00e7ox \u00f6lk\u0259l\u0259rd\u0259n minl\u0259rl\u0259 xarici diplomat, jurnalist, QHT \u00fczv\u00fc v\u0259 siyas\u0259t\u00e7i i\u015f\u011faldan azad olunmu\u015f \u0259razil\u0259ri ziyar\u0259t ed\u0259r\u0259k Erm\u0259nistan t\u0259r\u0259find\u0259n t\u00f6r\u0259dilmi\u015f v\u0259h\u015filikl\u0259rin \u015fahidi olmu\u015fdur.<\/p>\n<p>Az\u0259rbaycan i\u015f\u011faldan azad olunmu\u015f \u0259razil\u0259rd\u0259 \u00f6z maliyy\u0259 resurslar\u0131 il\u0259 geni\u015fmiqyasl\u0131 yenid\u0259nqurma i\u015fl\u0259ri apar\u0131r. Az\u0259rbaycan\u0131n h\u0259rbi-siyasi Q\u0259l\u0259b\u0259sinin, Erm\u0259nistan\u0131n kapitulyasiyas\u0131n\u0131n t\u0259sdiqi olan 10 noyabr 2020-ci il tarixli \u00fc\u00e7t\u0259r\u0259fli B\u0259yanat\u0131n imzalanmas\u0131ndan d\u0259rhal sonra d\u00f6vl\u0259t ba\u015f\u00e7\u0131s\u0131, M\u00fcz\u0259ff\u0259r Ali Ba\u015f Komandan \u0130lham \u018fliyevin v\u0259 birinci xan\u0131m Mehriban \u018fliyevan\u0131n i\u015f\u011faldan azad edilmi\u015f \u0259razil\u0259rimiz\u0259 s\u0259f\u0259rl\u0259ri b\u0259rpa-quruculuq i\u015fl\u0259rinin sonrak\u0131 m\u0259rh\u0259l\u0259si bar\u0259d\u0259 ayd\u0131n t\u0259s\u0259vv\u00fcr yaratd\u0131. \u00d6lk\u0259 Prezidentinin h\u0259r bir s\u0259f\u0259ri tarixi hadis\u0259 olmaqla yana\u015f\u0131, B\u00f6y\u00fck Qay\u0131d\u0131\u015f\u0131 daha da s\u00fcr\u0259tl\u0259ndir\u0259n m\u00fch\u00fcm add\u0131mlarla yadda qal\u0131r. \u00d6t\u0259n iki ild\u0259n art\u0131q d\u00f6vrd\u0259 bu \u0259razil\u0259rd\u0259 infrastrukturun yenil\u0259nm\u0259si, t\u0259kmill\u0259\u015fdirilm\u0259si, yenid\u0259n qurulmas\u0131 prioritet m\u0259s\u0259l\u0259 kimi \u00f6nd\u0259 dayand\u0131. Bir m\u00fch\u00fcm hadis\u0259ni x\u00fcsusi qeyd etm\u0259liyik ki, 2021-ci ild\u0259 Qaraba\u011f\u0131n, \u00f6t\u0259n il is\u0259 \u015e\u0259rqi Z\u0259ng\u0259zurun hava qap\u0131lar\u0131 d\u00fcnyaya a\u00e7\u0131ld\u0131. F\u00fczuli v\u0259 Z\u0259ngilan Beyn\u0259lxalq Hava limanlar\u0131n\u0131n istifad\u0259y\u0259 verilm\u0259sinin iqtisadi v\u0259 strateji \u0259h\u0259miyy\u0259ti bu g\u00fcn d\u0259 geni\u015f m\u00fczakir\u0259 olunmaqdad\u0131r. \u00dc\u00e7\u00fcnc\u00fc beyn\u0259lxalq hava liman\u0131- La\u00e7\u0131n aeroportu is\u0259 2025-ci ild\u0259 istifad\u0259y\u0259 veril\u0259c\u0259k. H\u0259r bir b\u00f6lg\u0259d\u0259 yol infrastrukturunun t\u0259kmill\u0259\u015fdirilm\u0259si sahibkarl\u0131\u011f\u0131n inki\u015faf\u0131nda, h\u0259min rayonlar\u0131n malik olduqlar\u0131 potensialdan s\u0259m\u0259r\u0259li istifad\u0259 d\u0259 m\u00fch\u00fcm rol oynay\u0131r. C\u0259nab \u0130lham \u018fliyevin S\u0259r\u0259ncam\u0131 il\u0259 t\u0259sdiql\u0259n\u0259n \u201cAz\u0259rbaycan 2030: sosial-iqtisadi inki\u015fafa dair Milli Prioritetl\u0259r\u201dd\u0259 qar\u015f\u0131dak\u0131 d\u00f6vr\u00fcn \u0259sas prioritetl\u0259ri v\u0259 icra mexanizmi \u00f6z \u0259ksini tap\u0131b. D\u00f6vl\u0259t ba\u015f\u00e7\u0131s\u0131 \u0130lham \u018fliyevin i\u015f\u011faldan azad edilmi\u015f \u0259razil\u0259r\u0259 s\u0259f\u0259rl\u0259ri il\u0259 yana\u015f\u0131, bu \u0259razil\u0259rimizin b\u0259rpas\u0131na, sosial-iqtisadi inki\u015faf\u0131na y\u00f6n\u0259l\u0259n F\u0259rman v\u0259 s\u0259r\u0259ncamlar\u0131 da silsil\u0259 xarakteri da\u015f\u0131y\u0131r.<\/p>\n<p>D\u00f6vl\u0259t ba\u015f\u00e7\u0131s\u0131 \u0130lham \u018fliyev Zirv\u0259 g\u00f6r\u00fc\u015f\u00fcnd\u0259 bu r\u0259q\u0259ml\u0259ri a\u00e7\u0131qlad\u0131 ki, Az\u0259rbaycan h\u00f6kum\u0259ti 2021-2022-ci ill\u0259rd\u0259 yenid\u0259nqurma i\u015fl\u0259rin\u0259 4 milyard AB\u015e dollar\u0131na yax\u0131n pul x\u0259rcl\u0259yib. Bu il bu m\u0259qs\u0259d \u00fc\u00e7\u00fcn \u0259n az\u0131 1,7 milyard AB\u015e dollar\u0131 m\u0259bl\u0259\u011find\u0259 v\u0259sait ay\u0131rma\u011f\u0131 planla\u015fd\u0131r\u0131r\u0131q. M\u00fcasir \u015f\u0259h\u0259rsalma &#8211; \u201ca\u011f\u0131ll\u0131 \u015f\u0259h\u0259r\u201d, \u201ca\u011f\u0131ll\u0131 k\u0259nd\u201d konsepsiyalar\u0131ndan istifad\u0259 ed\u0259r\u0259k yeni \u015f\u0259h\u0259r v\u0259 k\u0259ndl\u0259r s\u0131f\u0131rdan yarad\u0131l\u0131r. Bu, milli h\u00f6kum\u0259tl\u0259r t\u0259r\u0259find\u0259n postm\u00fcnaqi\u015f\u0259 d\u00f6vr\u00fcnd\u0259 icra olunan nadir v\u0259 daha \u00f6nc\u0259 g\u00f6r\u00fcnm\u0259mi\u015f bir inki\u015faf v\u0259 yenid\u0259nqurma modelidir.<\/p>\n<p>Bu fakt da t\u0259dbir i\u015ftirak\u00e7\u0131lar\u0131n\u0131n diqq\u0259tin\u0259 \u00e7atd\u0131r\u0131ld\u0131 ki, Erm\u0259nistan\u0131n i\u015f\u011fal\u0131na g\u00f6r\u0259 Az\u0259rbaycan d\u00fcnyada mina il\u0259 \u0259n \u00e7ox \u00e7irkl\u0259ndirilmi\u015f \u00f6lk\u0259l\u0259r aras\u0131ndad\u0131r. \u0130kinci Qaraba\u011f m\u00fcharib\u0259sind\u0259n sonra, y\u0259ni 2020-ci ilin noyabr ay\u0131ndan b\u0259ri 300 az\u0259rbaycanl\u0131 mina partlay\u0131\u015f\u0131 n\u0259tic\u0259sind\u0259 h\u0259lak olmu\u015f v\u0259 ya yaralanm\u0131\u015fd\u0131r.<\/p>\n<p>Qo\u015fulmama H\u0259r\u0259kat\u0131, eyni zamanda, H\u0259r\u0259kata \u00fczv d\u00f6vl\u0259tl\u0259rin h\u0259r biri Az\u0259rbaycan\u0131n \u0259dal\u0259t\u0259 v\u0259 beyn\u0259lxalq h\u00fcquqa s\u00f6yk\u0259n\u0259n m\u00f6vqeyini d\u0259st\u0259kl\u0259yir. \u00d6lk\u0259miz\u0259 artan inam\u0131n v\u0259 etimad\u0131n g\u00f6st\u0259ricisi H\u0259r\u0259kata s\u0259drlik m\u00fcdd\u0259tinin bir il uzad\u0131lmas\u0131 oldu. Az\u0259rbaycan h\u0259qiq\u0259tin yan\u0131ndad\u0131r. Real faktlara, tarixi h\u0259qiq\u0259tl\u0259r\u0259 \u0259saslanan t\u0259bli\u011fat uzun\u00f6m\u00fcrl\u00fc olmaqla yana\u015f\u0131, gec-tez z\u0259f\u0259r \u00e7al\u0131r. D\u00f6vl\u0259t ba\u015f\u00e7\u0131s\u0131 \u0130lham \u018fliyev Zirv\u0259 g\u00f6r\u00fc\u015f\u00fcnd\u0259 Qo\u015fulmama H\u0259r\u0259kat\u0131na \u00fczv \u00f6lk\u0259l\u0259r\u0259 Az\u0259rbaycan\u0131n \u0259dal\u0259tli m\u00f6vqeyini d\u0259st\u0259kl\u0259m\u0259kd\u0259, h\u0259m\u00e7inin 2020-ci v\u0259 2022-ci ill\u0259rd\u0259 BMT T\u0259hl\u00fck\u0259sizlik \u015euras\u0131nda Az\u0259rbaycan \u0259leyhin\u0259 birt\u0259r\u0259fli v\u0259 q\u0259r\u0259zli b\u0259yanatlar\u0131n q\u0259buluna imkan verm\u0259m\u0259kd\u0259 g\u00f6st\u0259rdikl\u0259ri q\u0259tiyy\u0259t\u0259 g\u00f6r\u0259 t\u0259\u015f\u0259kk\u00fcr ed\u0259r\u0259k bu \u0259minliyi ifad\u0259 etdi ki, Az\u0259rbaycan Qo\u015fulmama H\u0259r\u0259kat\u0131n\u0131n s\u0259dri kimi \u00fczv d\u00f6vl\u0259tl\u0259rin legitim maraqlar\u0131n\u0131n m\u00fcdafi\u0259si v\u0259 H\u0259r\u0259kat\u0131n beyn\u0259lxalq arenada m\u00f6vqeyinin g\u00fccl\u0259nm\u0259si \u00fczr\u0259 s\u0259yl\u0259rini \u0259sirg\u0259m\u0259y\u0259c\u0259k.<\/p>\n","protected":false},"excerpt":{"rendered":"<p>Qo\u015fulmama H\u0259r\u0259kat\u0131n\u0131n COVID-19-a qar\u015f\u0131 m\u00fcbariz\u0259 \u00fczr\u0259 T\u0259mas Qrupunun Zirv\u0259 g\u00f6r\u00fc\u015f\u00fc i\u015f\u011fal v\u0259 postm\u00fcnaqi\u015f\u0259 d\u00f6vr\u00fcn\u00fcn reall\u0131qlar\u0131n\u0131n t\u0259bli\u011find\u0259 d\u0259 \u00f6z s\u00f6z\u00fcn\u00fc dedi Bak\u0131da ke\u00e7iril\u0259n Qo\u015fulmama H\u0259r\u0259kat\u0131n\u0131n COVID-19-a qar\u015f\u0131 m\u00fcbariz\u0259 \u00fczr\u0259 T\u0259mas Qrupunun Zirv\u0259 g\u00f6r\u00fc\u015f\u00fc ba\u015fa \u00e7atd\u0131. H\u0259r bir beyn\u0259lxalq \u0259h\u0259miyy\u0259tli t\u0259dbir sona \u00e7atsa da g\u00fcnd\u0259m\u0259 g\u0259tirdiyi m\u0259s\u0259l\u0259l\u0259r, s\u0259sl\u0259ndiril\u0259n \u00e7a\u011f\u0131r\u0131\u015flar\u0131n d\u00fczg\u00fcn cavabland\u0131r\u0131lmas\u0131 \u00fc\u00e7\u00fcn m\u00fc\u0259yy\u0259nl\u0259\u015fdiril\u0259n yol x\u0259rit\u0259si uzun m\u00fcdd\u0259t m\u00fczakir\u0259 olunur. Bu bax\u0131mdan s\u00f6z\u00fcged\u0259n Zirv\u0259 g\u00f6r\u00fc\u015f\u00fc, \u0259n \u0259sas\u0131 Qo\u015fulmama H\u0259r\u0259kat\u0131n\u0131n s\u0259dri olan Az\u0259rbaycan\u0131n bug\u00fcn\u0259d\u0259k ir\u0259li s\u00fcrd\u00fcy\u00fc t\u0259\u015f\u0259bb\u00fcsl\u0259rin ger\u00e7\u0259kl\u0259\u015fm\u0259si fonunda H\u0259r\u0259kat\u0131n artan n\u00fcfuzu, s\u00f6z sahibliyi geni\u015f m\u00fczakir\u0259 olunmaqdad\u0131r. Bu t\u0259dbirl\u0259rin diqq\u0259t \u00e7\u0259k\u0259n m\u0259qamlar\u0131ndan biri d\u0259&hellip;<\/p>\n","protected":false},"author":2,"featured_media":572464,"comment_status":"closed","ping_status":"closed","sticky":false,"template":"","format":"standard","meta":{"om_disable_all_campaigns":false,"_monsterinsights_skip_tracking":false,"_monsterinsights_sitenote_active":false,"_monsterinsights_sitenote_note":"","_monsterinsights_sitenote_category":0},"categories":[19],"tags":[],"aioseo_notices":[],"gutentor_comment":0,"rttpg_featured_image_url":{"full":["https:\/\/arantv.az\/wp-content\/uploads\/2023\/03\/7f3fcfed167785279767803624810118958.jpg",975,540,false],"landscape":["https:\/\/arantv.az\/wp-content\/uploads\/2023\/03\/7f3fcfed167785279767803624810118958.jpg",975,540,false],"portraits":["https:\/\/arantv.az\/wp-content\/uploads\/2023\/03\/7f3fcfed167785279767803624810118958.jpg",975,540,false],"thumbnail":["https:\/\/arantv.az\/wp-content\/uploads\/2023\/03\/7f3fcfed167785279767803624810118958-500x280.jpg",500,280,true],"medium":["https:\/\/arantv.az\/wp-content\/uploads\/2023\/03\/7f3fcfed167785279767803624810118958-660x365.jpg",660,365,true],"large":["https:\/\/arantv.az\/wp-content\/uploads\/2023\/03\/7f3fcfed167785279767803624810118958-840x465.jpg",640,354,true],"1536x1536":["https:\/\/arantv.az\/wp-content\/uploads\/2023\/03\/7f3fcfed167785279767803624810118958.jpg",975,540,false],"2048x2048":["https:\/\/arantv.az\/wp-content\/uploads\/2023\/03\/7f3fcfed167785279767803624810118958.jpg",975,540,false],"post-thumbnail":["https:\/\/arantv.az\/wp-content\/uploads\/2023\/03\/7f3fcfed167785279767803624810118958-240x172.jpg",240,172,true],"advps-thumb-one":["https:\/\/arantv.az\/wp-content\/uploads\/2023\/03\/7f3fcfed167785279767803624810118958.jpg",975,540,false]},"rttpg_author":{"display_name":"V\u00fcsal Rafiqo\u011flu","author_link":"https:\/\/arantv.az\/?author=2"},"rttpg_comment":0,"rttpg_category":"<a href=\"https:\/\/arantv.az\/?cat=19\" rel=\"category\">G\u00fcnd\u0259m<\/a>","rttpg_excerpt":"Qo\u015fulmama H\u0259r\u0259kat\u0131n\u0131n COVID-19-a qar\u015f\u0131 m\u00fcbariz\u0259 \u00fczr\u0259 T\u0259mas Qrupunun Zirv\u0259 g\u00f6r\u00fc\u015f\u00fc i\u015f\u011fal v\u0259 postm\u00fcnaqi\u015f\u0259 d\u00f6vr\u00fcn\u00fcn reall\u0131qlar\u0131n\u0131n t\u0259bli\u011find\u0259 d\u0259 \u00f6z s\u00f6z\u00fcn\u00fc dedi Bak\u0131da ke\u00e7iril\u0259n Qo\u015fulmama H\u0259r\u0259kat\u0131n\u0131n COVID-19-a qar\u015f\u0131 m\u00fcbariz\u0259 \u00fczr\u0259 T\u0259mas Qrupunun Zirv\u0259 g\u00f6r\u00fc\u015f\u00fc ba\u015fa \u00e7atd\u0131. H\u0259r bir beyn\u0259lxalq \u0259h\u0259miyy\u0259tli t\u0259dbir sona \u00e7atsa da g\u00fcnd\u0259m\u0259 g\u0259tirdiyi m\u0259s\u0259l\u0259l\u0259r, s\u0259sl\u0259ndiril\u0259n \u00e7a\u011f\u0131r\u0131\u015flar\u0131n d\u00fczg\u00fcn cavabland\u0131r\u0131lmas\u0131 \u00fc\u00e7\u00fcn m\u00fc\u0259yy\u0259nl\u0259\u015fdiril\u0259n yol x\u0259rit\u0259si uzun m\u00fcdd\u0259t&hellip;","_links":{"self":[{"href":"https:\/\/arantv.az\/index.php?rest_route=\/wp\/v2\/posts\/572463"}],"collection":[{"href":"https:\/\/arantv.az\/index.php?rest_route=\/wp\/v2\/posts"}],"about":[{"href":"https:\/\/arantv.az\/index.php?rest_route=\/wp\/v2\/types\/post"}],"author":[{"embeddable":true,"href":"https:\/\/arantv.az\/index.php?rest_route=\/wp\/v2\/users\/2"}],"replies":[{"embeddable":true,"href":"https:\/\/arantv.az\/index.php?rest_route=%2Fwp%2Fv2%2Fcomments&post=572463"}],"version-history":[{"count":0,"href":"https:\/\/arantv.az\/index.php?rest_route=\/wp\/v2\/posts\/572463\/revisions"}],"wp:featuredmedia":[{"embeddable":true,"href":"https:\/\/arantv.az\/index.php?rest_route=\/wp\/v2\/media\/572464"}],"wp:attachment":[{"href":"https:\/\/arantv.az\/index.php?rest_route=%2Fwp%2Fv2%2Fmedia&parent=572463"}],"wp:term":[{"taxonomy":"category","embeddable":true,"href":"https:\/\/arantv.az\/index.php?rest_route=%2Fwp%2Fv2%2Fcategories&post=572463"},{"taxonomy":"post_tag","embeddable":true,"href":"https:\/\/arantv.az\/index.php?rest_route=%2Fwp%2Fv2%2Ftags&post=572463"}],"curies":[{"name":"wp","href":"https:\/\/api.w.org\/{rel}","templated":true}]}}