{"id":573161,"date":"2023-03-06T13:38:24","date_gmt":"2023-03-06T10:38:24","guid":{"rendered":"https:\/\/arantv.az\/?p=573161"},"modified":"2023-03-06T13:38:24","modified_gmt":"2023-03-06T10:38:24","slug":"ilham-%c9%99liyev-abs-dovl%c9%99t-departamentinin-bas-musavirini-q%c9%99bul-edib-yenil%c9%99nib","status":"publish","type":"post","link":"https:\/\/arantv.az\/?p=573161","title":{"rendered":"\u0130lham \u018fliyev AB\u015e D\u00f6vl\u0259t Departamentinin ba\u015f m\u00fc\u015favirini q\u0259bul edib &#8211; YEN\u0130L\u018fN\u0130B"},"content":{"rendered":"<p>Az\u0259rbaycan Respublikas\u0131n\u0131n Prezidenti\u00a0<strong>\u0130lham \u018fliyev\u00a0<\/strong>mart\u0131n 6-da AB\u015e D\u00f6vl\u0259t Departamentinin Qafqaz dan\u0131\u015f\u0131qlar\u0131 \u00fczr\u0259 ba\u015f m\u00fc\u015faviri Lui Bononu q\u0259bul edib.<\/p>\n<p><a href=\"https:\/\/azertag.az\/xeber\/Prezident_Ilham_Aliyev_ABS_Dovlet_Departamentinin_bas_musavirini_qebul_edib__YENILANIB-2519228\" target=\"_blank\" rel=\"noopener\">AZ\u018fRTAC<\/a>\u00a0x\u0259b\u0259r verir ki, d\u00f6vl\u0259timizin ba\u015f\u00e7\u0131s\u0131 M\u00fcnhen T\u0259hl\u00fck\u0259sizlik Konfrans\u0131 \u00e7\u0259r\u00e7iv\u0259sind\u0259 Az\u0259rbaycan v\u0259 Erm\u0259nistan r\u0259hb\u0259rl\u0259rinin g\u00f6r\u00fc\u015f\u00fcn\u00fcn n\u0259tic\u0259l\u0259rind\u0259n m\u0259mnunlu\u011funu bildirdi v\u0259 bu istiqam\u0259td\u0259 g\u00f6st\u0259rdiyi davaml\u0131 s\u0259yl\u0259rin\u0259 g\u00f6r\u0259 AB\u015e D\u00f6vl\u0259t katibi Antoni Blinken\u0259 t\u0259\u015f\u0259kk\u00fcr\u00fcn\u00fc ifad\u0259 etdi.<\/p>\n<div class=\"AdviadNativeVideo\"><\/div>\n<p>Qonaq AB\u015e D\u00f6vl\u0259t katibinin salamlar\u0131n\u0131 Prezident \u0130lham \u018fliyev\u0259 \u00e7atd\u0131raraq vur\u011fulad\u0131 ki, Antoni Blinken d\u0259 M\u00fcnhen g\u00f6r\u00fc\u015f\u00fcn\u00fcn s\u0259m\u0259r\u0259li ke\u00e7diyi q\u0259na\u0259tind\u0259dir.<\/p>\n<p>D\u00f6vl\u0259timizin ba\u015f\u00e7\u0131s\u0131 salamlara g\u00f6r\u0259 minn\u0259tdarl\u0131\u011f\u0131n\u0131 bildirdi, onun da salamlar\u0131n\u0131 Antoni Blinken\u0259 \u00e7atd\u0131rma\u011f\u0131 xahi\u015f etdi.<\/p>\n<p>S\u00f6hb\u0259t zaman\u0131 Az\u0259rbaycan il\u0259 Erm\u0259nistan aras\u0131nda m\u00fcnasib\u0259tl\u0259rin normalla\u015fd\u0131r\u0131lmas\u0131 v\u0259 s\u00fclh m\u00fcqavil\u0259si \u00fczr\u0259 dan\u0131\u015f\u0131qlar prosesi \u0259traf\u0131nda fikir m\u00fcbadil\u0259si apar\u0131ld\u0131.<\/p>\n<p><strong>12:33<\/strong><\/p>\n<p>Az\u0259rbaycan Respublikas\u0131n\u0131n Prezidenti\u00a0<strong>\u0130lham \u018fliyev<\/strong>\u00a0mart\u0131n 6-da AB\u015e D\u00f6vl\u0259t Departamentinin Qafqaz dan\u0131\u015f\u0131qlar\u0131 \u00fczr\u0259 ba\u015f m\u00fc\u015faviri Lui Bononu q\u0259bul edib.<\/p>\n<p>Bununla ba\u011fl\u0131\u00a0<a href=\"https:\/\/azertag.az\/xeber\/Prezident_Ilham_Aliyev_ABS_Dovlet_Departamentinin_bas_musavirini_qebul_edib_YENILANACAK-2519228\" target=\"_blank\" rel=\"noopener\">AZ\u018fRTAC<\/a>\u00a0m\u0259lumat yay\u0131b.<\/p>\n","protected":false},"excerpt":{"rendered":"<p>Az\u0259rbaycan Respublikas\u0131n\u0131n Prezidenti\u00a0\u0130lham \u018fliyev\u00a0mart\u0131n 6-da AB\u015e D\u00f6vl\u0259t Departamentinin Qafqaz dan\u0131\u015f\u0131qlar\u0131 \u00fczr\u0259 ba\u015f m\u00fc\u015faviri Lui Bononu q\u0259bul edib. AZ\u018fRTAC\u00a0x\u0259b\u0259r verir ki, d\u00f6vl\u0259timizin ba\u015f\u00e7\u0131s\u0131 M\u00fcnhen T\u0259hl\u00fck\u0259sizlik Konfrans\u0131 \u00e7\u0259r\u00e7iv\u0259sind\u0259 Az\u0259rbaycan v\u0259 Erm\u0259nistan r\u0259hb\u0259rl\u0259rinin g\u00f6r\u00fc\u015f\u00fcn\u00fcn n\u0259tic\u0259l\u0259rind\u0259n m\u0259mnunlu\u011funu bildirdi v\u0259 bu istiqam\u0259td\u0259 g\u00f6st\u0259rdiyi davaml\u0131 s\u0259yl\u0259rin\u0259 g\u00f6r\u0259 AB\u015e D\u00f6vl\u0259t katibi Antoni Blinken\u0259 t\u0259\u015f\u0259kk\u00fcr\u00fcn\u00fc ifad\u0259 etdi. Qonaq AB\u015e D\u00f6vl\u0259t katibinin salamlar\u0131n\u0131 Prezident \u0130lham \u018fliyev\u0259 \u00e7atd\u0131raraq vur\u011fulad\u0131 ki, Antoni Blinken d\u0259 M\u00fcnhen g\u00f6r\u00fc\u015f\u00fcn\u00fcn s\u0259m\u0259r\u0259li ke\u00e7diyi q\u0259na\u0259tind\u0259dir. D\u00f6vl\u0259timizin ba\u015f\u00e7\u0131s\u0131 salamlara g\u00f6r\u0259 minn\u0259tdarl\u0131\u011f\u0131n\u0131 bildirdi, onun da salamlar\u0131n\u0131 Antoni Blinken\u0259 \u00e7atd\u0131rma\u011f\u0131 xahi\u015f etdi. S\u00f6hb\u0259t zaman\u0131 Az\u0259rbaycan il\u0259 Erm\u0259nistan aras\u0131nda m\u00fcnasib\u0259tl\u0259rin normalla\u015fd\u0131r\u0131lmas\u0131&hellip;<\/p>\n","protected":false},"author":2,"featured_media":573162,"comment_status":"closed","ping_status":"closed","sticky":false,"template":"","format":"standard","meta":{"om_disable_all_campaigns":false,"_monsterinsights_skip_tracking":false,"_monsterinsights_sitenote_active":false,"_monsterinsights_sitenote_note":"","_monsterinsights_sitenote_category":0},"categories":[4],"tags":[],"aioseo_notices":[],"gutentor_comment":0,"rttpg_featured_image_url":{"full":["https:\/\/arantv.az\/wp-content\/uploads\/2023\/03\/16780915045070940607_1200x630.jpg",620,413,false],"landscape":["https:\/\/arantv.az\/wp-content\/uploads\/2023\/03\/16780915045070940607_1200x630.jpg",620,413,false],"portraits":["https:\/\/arantv.az\/wp-content\/uploads\/2023\/03\/16780915045070940607_1200x630.jpg",620,413,false],"thumbnail":["https:\/\/arantv.az\/wp-content\/uploads\/2023\/03\/16780915045070940607_1200x630-500x280.jpg",500,280,true],"medium":["https:\/\/arantv.az\/wp-content\/uploads\/2023\/03\/16780915045070940607_1200x630-548x365.jpg",548,365,true],"large":["https:\/\/arantv.az\/wp-content\/uploads\/2023\/03\/16780915045070940607_1200x630.jpg",620,413,false],"1536x1536":["https:\/\/arantv.az\/wp-content\/uploads\/2023\/03\/16780915045070940607_1200x630.jpg",620,413,false],"2048x2048":["https:\/\/arantv.az\/wp-content\/uploads\/2023\/03\/16780915045070940607_1200x630.jpg",620,413,false],"post-thumbnail":["https:\/\/arantv.az\/wp-content\/uploads\/2023\/03\/16780915045070940607_1200x630-240x172.jpg",240,172,true],"advps-thumb-one":["https:\/\/arantv.az\/wp-content\/uploads\/2023\/03\/16780915045070940607_1200x630.jpg",620,413,false]},"rttpg_author":{"display_name":"V\u00fcsal Rafiqo\u011flu","author_link":"https:\/\/arantv.az\/?author=2"},"rttpg_comment":0,"rttpg_category":"<a href=\"https:\/\/arantv.az\/?cat=4\" rel=\"category\">Siyas\u0259t<\/a>","rttpg_excerpt":"Az\u0259rbaycan Respublikas\u0131n\u0131n Prezidenti\u00a0\u0130lham \u018fliyev\u00a0mart\u0131n 6-da AB\u015e D\u00f6vl\u0259t Departamentinin Qafqaz dan\u0131\u015f\u0131qlar\u0131 \u00fczr\u0259 ba\u015f m\u00fc\u015faviri Lui Bononu q\u0259bul edib. AZ\u018fRTAC\u00a0x\u0259b\u0259r verir ki, d\u00f6vl\u0259timizin ba\u015f\u00e7\u0131s\u0131 M\u00fcnhen T\u0259hl\u00fck\u0259sizlik Konfrans\u0131 \u00e7\u0259r\u00e7iv\u0259sind\u0259 Az\u0259rbaycan v\u0259 Erm\u0259nistan r\u0259hb\u0259rl\u0259rinin g\u00f6r\u00fc\u015f\u00fcn\u00fcn n\u0259tic\u0259l\u0259rind\u0259n m\u0259mnunlu\u011funu bildirdi v\u0259 bu istiqam\u0259td\u0259 g\u00f6st\u0259rdiyi davaml\u0131 s\u0259yl\u0259rin\u0259 g\u00f6r\u0259 AB\u015e D\u00f6vl\u0259t katibi Antoni Blinken\u0259 t\u0259\u015f\u0259kk\u00fcr\u00fcn\u00fc ifad\u0259 etdi. Qonaq AB\u015e D\u00f6vl\u0259t katibinin salamlar\u0131n\u0131 Prezident&hellip;","_links":{"self":[{"href":"https:\/\/arantv.az\/index.php?rest_route=\/wp\/v2\/posts\/573161"}],"collection":[{"href":"https:\/\/arantv.az\/index.php?rest_route=\/wp\/v2\/posts"}],"about":[{"href":"https:\/\/arantv.az\/index.php?rest_route=\/wp\/v2\/types\/post"}],"author":[{"embeddable":true,"href":"https:\/\/arantv.az\/index.php?rest_route=\/wp\/v2\/users\/2"}],"replies":[{"embeddable":true,"href":"https:\/\/arantv.az\/index.php?rest_route=%2Fwp%2Fv2%2Fcomments&post=573161"}],"version-history":[{"count":0,"href":"https:\/\/arantv.az\/index.php?rest_route=\/wp\/v2\/posts\/573161\/revisions"}],"wp:featuredmedia":[{"embeddable":true,"href":"https:\/\/arantv.az\/index.php?rest_route=\/wp\/v2\/media\/573162"}],"wp:attachment":[{"href":"https:\/\/arantv.az\/index.php?rest_route=%2Fwp%2Fv2%2Fmedia&parent=573161"}],"wp:term":[{"taxonomy":"category","embeddable":true,"href":"https:\/\/arantv.az\/index.php?rest_route=%2Fwp%2Fv2%2Fcategories&post=573161"},{"taxonomy":"post_tag","embeddable":true,"href":"https:\/\/arantv.az\/index.php?rest_route=%2Fwp%2Fv2%2Ftags&post=573161"}],"curies":[{"name":"wp","href":"https:\/\/api.w.org\/{rel}","templated":true}]}}