{"id":573164,"date":"2023-03-06T13:40:24","date_gmt":"2023-03-06T10:40:24","guid":{"rendered":"https:\/\/arantv.az\/?p=573164"},"modified":"2023-03-06T13:40:24","modified_gmt":"2023-03-06T10:40:24","slug":"pakistan-mediasinda-heyd%c9%99r-%c9%99liyev-pakistan-az%c9%99rbaycan-munasib%c9%99tl%c9%99ri-movzusunda-m%c9%99qal%c9%99-cap-olunub","status":"publish","type":"post","link":"https:\/\/arantv.az\/?p=573164","title":{"rendered":"Pakistan medias\u0131nda &#8220;Heyd\u0259r \u018fliyev: Pakistan-Az\u0259rbaycan m\u00fcnasib\u0259tl\u0259ri&#8221; m\u00f6vzusunda m\u0259qal\u0259 \u00e7ap olunub"},"content":{"rendered":"<p>T\u00fcrk A\u011fsaqqallar\u0131 Birliyinin t\u0259sis\u00e7isi, Missiya Media Qrupunun r\u0259hb\u0259ri Ramin \u018fhm\u0259dovun &#8220;Heyd\u0259r \u018fliyev: Pakistan-Az\u0259rbaycan m\u00fcnasib\u0259tl\u0259ri&#8221; s\u0259rl\u00f6vh\u0259li m\u0259qal\u0259si Pakistan\u0131n &#8220;Pakistaneconomicnet.com&#8221;, &#8220;En.dailyittehad.com&#8221;, &#8220;Thegulfobserver.com&#8221;, &#8220;Pakistanintheworld.pk&#8221; agentlikl\u0259rind\u0259 n\u00fcfuzlu media orqanlar\u0131nda yay\u0131mlan\u0131b.<\/p>\n<p><strong>ARANTV.AZ x\u0259b\u0259r verir ki,<\/strong>\u00a0Pakistan\u0131n 4 m\u0259tbuat orqan\u0131nda yay\u0131mlanan m\u0259qal\u0259d\u0259 \u00fcmummilli lider Heyd\u0259r \u018fliyevin Az\u0259rbaycan-Pakistan m\u00fcnasib\u0259tl\u0259rinin inki\u015faf\u0131ndak\u0131 rolundan s\u00f6z a\u00e7\u0131l\u0131r.<\/p>\n<p>M\u0259qal\u0259d\u0259 bildirilir ki, Az\u0259rbaycanla-Pakistan aras\u0131nda m\u00fcnasib\u0259tl\u0259r qarda\u015fl\u0131q s\u0259viyy\u0259sind\u0259dir. 44 g\u00fcnl\u00fck V\u0259t\u0259n m\u00fcharib\u0259sind\u0259 Pakistan\u0131n Az\u0259rbaycana verdiyi d\u0259st\u0259k \u00f6lk\u0259l\u0259rimiz aras\u0131ndak\u0131 m\u00fcnasib\u0259tl\u0259rin s\u0259viyy\u0259sind\u0259n x\u0259b\u0259r verir. Pakistan Erm\u0259nistan\u0131 d\u00f6vl\u0259t kimi tan\u0131m\u0131r.<\/p>\n<p>Qeyd edilir ki, Ulu \u00f6nd\u0259r Heyd\u0259r \u018fliyev Pakistana b\u00f6y\u00fck \u00f6n\u0259m verib v\u0259 bu d\u00f6vl\u0259tl\u0259 \u0259laq\u0259l\u0259rin inki\u015faf\u0131 \u00fc\u00e7\u00fcn \u00f6n\u0259mli add\u0131mlar at\u0131b. \u00dcmummilli liderin Pakistanla-Az\u0259rbaycan \u0259laq\u0259l\u0259rin qurulmas\u0131 v\u0259 inki\u015faf\u0131nda m\u00fch\u00fcm rolu olub.<\/p>\n<p>Pakistan Az\u0259rbaycan\u0131n T\u00fcrkiy\u0259 il\u0259 yana\u015f\u0131 d\u00fcnyadak\u0131 \u0259sas strateji m\u00fctt\u0259fiql\u0259rind\u0259n biridir. \u0130ki \u00f6lk\u0259 aras\u0131nda m\u00fcnasib\u0259tl\u0259r h\u0259m ikit\u0259r\u0259fli, h\u0259m d\u0259 \u00e7oxt\u0259r\u0259fli \u0259laq\u0259l\u0259r \u00e7\u0259r\u00e7iv\u0259sind\u0259 intensiv xarakter da\u015f\u0131y\u0131r.<\/p>\n<p>M\u0259qal\u0259d\u0259 Ulu \u00f6nd\u0259rin Pakistan haqq\u0131nda fikirl\u0259rin\u0259 yer verilir: &#8220;Pakistan il\u0259 Az\u0259rbaycan aras\u0131nda \u00e7ox yax\u015f\u0131 \u0259laq\u0259l\u0259r, dostluq \u0259laq\u0259l\u0259ri var. Bu \u0259laq\u0259l\u0259r ke\u00e7mi\u015f tarixi \u0259n\u0259n\u0259l\u0259rimiz \u00fcz\u0259rind\u0259 qurulur. T\u0259sad\u00fcfi deyil ki, Az\u0259rbaycan m\u00fcst\u0259qilliyi haqq\u0131nda b\u0259yanat verdikd\u0259n sonra Pakistan \u00f6lk\u0259mizin \u00f6z m\u00fcst\u0259qilliyini tan\u0131yan ilk d\u00f6vl\u0259tl\u0259rd\u0259n biridir. Sonrak\u0131 d\u00f6vrd\u0259, x\u00fcsus\u0259n ax\u0131r\u0131nc\u0131 ill\u0259rd\u0259 d\u0259 Pakistanla Az\u0259rbaycan aras\u0131nda \u00e7ox yax\u015f\u0131 \u0259laq\u0259l\u0259r yaran\u0131bd\u0131r&#8221;.<\/p>\n<p>M\u0259qal\u0259d\u0259 1996-c\u0131 ilin aprelind\u0259 Az\u0259rbaycan\u0131n Prezidenti Heyd\u0259r \u018fliyevin Pakistana s\u0259f\u0259ri, s\u0259f\u0259r \u00e7\u0259r\u00e7iv\u0259sind\u0259 ke\u00e7irdiyi g\u00f6r\u00fc\u015fl\u0259r v\u0259 imzalanan sazi\u015fl\u0259rin \u0259h\u0259miyy\u0259ti \u00f6n\u0259 \u00e7\u0259kilir.<\/p>\n<p>H\u0259m\u00e7inin bildirilir ki, Ulu \u00f6nd\u0259r qarda\u015f Pakistanda da sevil\u0259n lider idi.<\/p>\n<p>R.\u018fhm\u0259dov m\u0259qal\u0259sind\u0259 h\u0259m\u00e7inin qeyd edir ki, d\u00f6vl\u0259tl\u0259rimiz aras\u0131nda haz\u0131rda m\u00fcnasib\u0259tl\u0259r \u0259n y\u00fcks\u0259k s\u0259viyy\u0259y\u0259 \u00e7atd\u0131r\u0131l\u0131b v\u0259 Prezident \u0130lham \u018fliyev ulu \u00f6nd\u0259r t\u0259r\u0259find\u0259n qoyulan strategiyan\u0131 u\u011furla davam etdirir.<\/p>\n<p>M\u0259qal\u0259d\u0259 Birinci vitse-prezident, Heyd\u0259r \u018fliyev Fondunun prezidenti Mehriban xan\u0131m \u018fliyevan\u0131n da h\u0259mi\u015f\u0259 Pakistanla m\u00fcnasib\u0259tl\u0259rin inki\u015faf\u0131na x\u00fcsusi \u00f6n\u0259m verdiyi qeyd edilir: &#8220;Onun t\u0259\u015f\u0259bb\u00fcs\u00fc v\u0259 r\u0259hb\u0259rliyi il\u0259 Pakistanda xeyriyy\u0259 t\u0259dbirl\u0259ri realla\u015fd\u0131r\u0131l\u0131b. Buna g\u00f6r\u0259 d\u0259, 2015-ci il mart\u0131n 11-d\u0259 Heyd\u0259r \u018fliyev Fondunun prezidenti Mehriban xan\u0131m \u018fliyevaya Pakistan\u0131n &#8220;Hilal-e-Pakistan&#8221; ordeni t\u0259qdim olunub&#8221;.<\/p>\n<p>M\u0259qal\u0259nin sonunda qeyd edilir ki, Az\u0259rbaycan, Pakistan v\u0259 T\u00fcrkiy\u0259nin \u00fc\u00e7t\u0259r\u0259fli formatda qurulan \u0259m\u0259kda\u015fl\u0131q m\u00fcnasib\u0259tl\u0259ri m\u00fch\u00fcm \u0259h\u0259miyy\u0259t da\u015f\u0131y\u0131r v\u0259 bu \u0259laq\u0259l\u0259rin davaml\u0131 olmas\u0131 \u0259h\u0259miyy\u0259tlidir.<\/p>\n<p>Qeyd ed\u0259k ki, Prezident \u0130lham \u018fliyev 2023-c\u00fc ili &#8220;Heyd\u0259r \u018fliyev \u0130li&#8221; elan edib.<\/p>\n","protected":false},"excerpt":{"rendered":"<p>T\u00fcrk A\u011fsaqqallar\u0131 Birliyinin t\u0259sis\u00e7isi, Missiya Media Qrupunun r\u0259hb\u0259ri Ramin \u018fhm\u0259dovun &#8220;Heyd\u0259r \u018fliyev: Pakistan-Az\u0259rbaycan m\u00fcnasib\u0259tl\u0259ri&#8221; s\u0259rl\u00f6vh\u0259li m\u0259qal\u0259si Pakistan\u0131n &#8220;Pakistaneconomicnet.com&#8221;, &#8220;En.dailyittehad.com&#8221;, &#8220;Thegulfobserver.com&#8221;, &#8220;Pakistanintheworld.pk&#8221; agentlikl\u0259rind\u0259 n\u00fcfuzlu media orqanlar\u0131nda yay\u0131mlan\u0131b. ARANTV.AZ x\u0259b\u0259r verir ki,\u00a0Pakistan\u0131n 4 m\u0259tbuat orqan\u0131nda yay\u0131mlanan m\u0259qal\u0259d\u0259 \u00fcmummilli lider Heyd\u0259r \u018fliyevin Az\u0259rbaycan-Pakistan m\u00fcnasib\u0259tl\u0259rinin inki\u015faf\u0131ndak\u0131 rolundan s\u00f6z a\u00e7\u0131l\u0131r. M\u0259qal\u0259d\u0259 bildirilir ki, Az\u0259rbaycanla-Pakistan aras\u0131nda m\u00fcnasib\u0259tl\u0259r qarda\u015fl\u0131q s\u0259viyy\u0259sind\u0259dir. 44 g\u00fcnl\u00fck V\u0259t\u0259n m\u00fcharib\u0259sind\u0259 Pakistan\u0131n Az\u0259rbaycana verdiyi d\u0259st\u0259k \u00f6lk\u0259l\u0259rimiz aras\u0131ndak\u0131 m\u00fcnasib\u0259tl\u0259rin s\u0259viyy\u0259sind\u0259n x\u0259b\u0259r verir. Pakistan Erm\u0259nistan\u0131 d\u00f6vl\u0259t kimi tan\u0131m\u0131r. Qeyd edilir ki, Ulu \u00f6nd\u0259r Heyd\u0259r \u018fliyev Pakistana b\u00f6y\u00fck \u00f6n\u0259m verib v\u0259 bu d\u00f6vl\u0259tl\u0259 \u0259laq\u0259l\u0259rin inki\u015faf\u0131 \u00fc\u00e7\u00fcn \u00f6n\u0259mli&hellip;<\/p>\n","protected":false},"author":2,"featured_media":573165,"comment_status":"closed","ping_status":"closed","sticky":false,"template":"","format":"standard","meta":{"om_disable_all_campaigns":false,"_monsterinsights_skip_tracking":false,"_monsterinsights_sitenote_active":false,"_monsterinsights_sitenote_note":"","_monsterinsights_sitenote_category":0},"categories":[4],"tags":[],"aioseo_notices":[],"gutentor_comment":0,"rttpg_featured_image_url":{"full":["https:\/\/arantv.az\/wp-content\/uploads\/2023\/03\/671d8d05166194610934084365810227741.jpg",975,540,false],"landscape":["https:\/\/arantv.az\/wp-content\/uploads\/2023\/03\/671d8d05166194610934084365810227741.jpg",975,540,false],"portraits":["https:\/\/arantv.az\/wp-content\/uploads\/2023\/03\/671d8d05166194610934084365810227741.jpg",975,540,false],"thumbnail":["https:\/\/arantv.az\/wp-content\/uploads\/2023\/03\/671d8d05166194610934084365810227741-500x280.jpg",500,280,true],"medium":["https:\/\/arantv.az\/wp-content\/uploads\/2023\/03\/671d8d05166194610934084365810227741-660x365.jpg",660,365,true],"large":["https:\/\/arantv.az\/wp-content\/uploads\/2023\/03\/671d8d05166194610934084365810227741-840x465.jpg",640,354,true],"1536x1536":["https:\/\/arantv.az\/wp-content\/uploads\/2023\/03\/671d8d05166194610934084365810227741.jpg",975,540,false],"2048x2048":["https:\/\/arantv.az\/wp-content\/uploads\/2023\/03\/671d8d05166194610934084365810227741.jpg",975,540,false],"post-thumbnail":["https:\/\/arantv.az\/wp-content\/uploads\/2023\/03\/671d8d05166194610934084365810227741-240x172.jpg",240,172,true],"advps-thumb-one":["https:\/\/arantv.az\/wp-content\/uploads\/2023\/03\/671d8d05166194610934084365810227741.jpg",975,540,false]},"rttpg_author":{"display_name":"V\u00fcsal Rafiqo\u011flu","author_link":"https:\/\/arantv.az\/?author=2"},"rttpg_comment":0,"rttpg_category":"<a href=\"https:\/\/arantv.az\/?cat=4\" rel=\"category\">Siyas\u0259t<\/a>","rttpg_excerpt":"T\u00fcrk A\u011fsaqqallar\u0131 Birliyinin t\u0259sis\u00e7isi, Missiya Media Qrupunun r\u0259hb\u0259ri Ramin \u018fhm\u0259dovun &#8220;Heyd\u0259r \u018fliyev: Pakistan-Az\u0259rbaycan m\u00fcnasib\u0259tl\u0259ri&#8221; s\u0259rl\u00f6vh\u0259li m\u0259qal\u0259si Pakistan\u0131n &#8220;Pakistaneconomicnet.com&#8221;, &#8220;En.dailyittehad.com&#8221;, &#8220;Thegulfobserver.com&#8221;, &#8220;Pakistanintheworld.pk&#8221; agentlikl\u0259rind\u0259 n\u00fcfuzlu media orqanlar\u0131nda yay\u0131mlan\u0131b. ARANTV.AZ x\u0259b\u0259r verir ki,\u00a0Pakistan\u0131n 4 m\u0259tbuat orqan\u0131nda yay\u0131mlanan m\u0259qal\u0259d\u0259 \u00fcmummilli lider Heyd\u0259r \u018fliyevin Az\u0259rbaycan-Pakistan m\u00fcnasib\u0259tl\u0259rinin inki\u015faf\u0131ndak\u0131 rolundan s\u00f6z a\u00e7\u0131l\u0131r. M\u0259qal\u0259d\u0259 bildirilir ki, Az\u0259rbaycanla-Pakistan aras\u0131nda m\u00fcnasib\u0259tl\u0259r qarda\u015fl\u0131q s\u0259viyy\u0259sind\u0259dir. 44 g\u00fcnl\u00fck&hellip;","_links":{"self":[{"href":"https:\/\/arantv.az\/index.php?rest_route=\/wp\/v2\/posts\/573164"}],"collection":[{"href":"https:\/\/arantv.az\/index.php?rest_route=\/wp\/v2\/posts"}],"about":[{"href":"https:\/\/arantv.az\/index.php?rest_route=\/wp\/v2\/types\/post"}],"author":[{"embeddable":true,"href":"https:\/\/arantv.az\/index.php?rest_route=\/wp\/v2\/users\/2"}],"replies":[{"embeddable":true,"href":"https:\/\/arantv.az\/index.php?rest_route=%2Fwp%2Fv2%2Fcomments&post=573164"}],"version-history":[{"count":0,"href":"https:\/\/arantv.az\/index.php?rest_route=\/wp\/v2\/posts\/573164\/revisions"}],"wp:featuredmedia":[{"embeddable":true,"href":"https:\/\/arantv.az\/index.php?rest_route=\/wp\/v2\/media\/573165"}],"wp:attachment":[{"href":"https:\/\/arantv.az\/index.php?rest_route=%2Fwp%2Fv2%2Fmedia&parent=573164"}],"wp:term":[{"taxonomy":"category","embeddable":true,"href":"https:\/\/arantv.az\/index.php?rest_route=%2Fwp%2Fv2%2Fcategories&post=573164"},{"taxonomy":"post_tag","embeddable":true,"href":"https:\/\/arantv.az\/index.php?rest_route=%2Fwp%2Fv2%2Ftags&post=573164"}],"curies":[{"name":"wp","href":"https:\/\/api.w.org\/{rel}","templated":true}]}}