{"id":573168,"date":"2023-03-06T13:41:27","date_gmt":"2023-03-06T10:41:27","guid":{"rendered":"https:\/\/arantv.az\/?p=573168"},"modified":"2023-03-06T13:41:27","modified_gmt":"2023-03-06T10:41:27","slug":"heyd%c9%99r-%c9%99liyev-ili-c%c9%99rciv%c9%99sind%c9%99-g%c9%99ncliyimiz-g%c9%99l%c9%99c%c9%99yimizdir-adli-musabiq%c9%99-elan-edilib","status":"publish","type":"post","link":"https:\/\/arantv.az\/?p=573168","title":{"rendered":"\u201cHeyd\u0259r \u018fliyev ili\u201d \u00e7\u0259r\u00e7iv\u0259sind\u0259 \u201cG\u0259ncliyimiz g\u0259l\u0259c\u0259yimizdir\u201d adl\u0131 m\u00fcsabiq\u0259 elan edilib"},"content":{"rendered":"<p>May\u0131n 21-22-d\u0259 Elm v\u0259 T\u0259hsil Nazirliyi, Az\u0259rbaycan Milli Elml\u0259r Akademiyas\u0131, X\u0259z\u0259r Rayon G\u0259ncl\u0259r \u0130dman \u0130dar\u0259sinin birg\u0259 t\u0259\u015fkilat\u00e7\u0131l\u0131\u011f\u0131 il\u0259 Dendrologiya \u0130nstitutunda \u201cG\u0259ncliyimiz g\u0259l\u0259c\u0259yimizdir\u201d adl\u0131 foto v\u0259 \u0259l i\u015fl\u0259rind\u0259n ibar\u0259t r\u0259sm yarad\u0131c\u0131l\u0131q m\u00fcsabiq\u0259si ke\u00e7iril\u0259c\u0259k.<\/p>\n<p>Bu bar\u0259d\u0259\u00a0<strong>&#8220;\u0130ki sahil&#8221;<\/strong>\u0259 \u0130nstitutdan m\u0259lumat verilib.<\/p>\n<p>Bildirilib ki, m\u00fcsabiq\u0259 \u00f6lk\u0259 ba\u015f\u00e7\u0131s\u0131 Az\u0259rbaycan Respublikas\u0131 Prezidentinin 2022-ci il 29 sentyabr S\u0259r\u0259ncam\u0131na uy\u011fun olaraq \u201cHeyd\u0259r \u018fliyev ili\u201d \u00e7\u0259r\u00e7iv\u0259sind\u0259 v\u0259 Az\u0259rbaycan Respublikas\u0131 Nazirl\u0259r Kabinetinn 2023 \u2013 c\u00fc il 7 fevral tarixind\u0259 t\u0259sdiq edilmi\u015f \u201c\u015eu\u015fa \u015f\u0259h\u0259rinin 2023 \u2013 c\u00fc ili \u00fc\u00e7\u00fcn t\u00fcrk d\u00fcnyas\u0131n\u0131n m\u0259d\u0259niyy\u0259t paytaxt\u0131\u201d elan edilm\u0259si il\u0259 ba\u011fl\u0131 T\u0259dbirl\u0259r Plan\u0131\u201d \u0259sas\u0131nda ba\u015f ba\u015f tutacaqd\u0131r.<\/p>\n<p>\u201cHeyd\u0259r \u018fliyev ilin\u0259\u201d h\u0259sr olunmu\u015f \u201cG\u0259ncliyimiz g\u0259l\u0259c\u0259yimizdir\u201d adl\u0131 \u0259l i\u015fl\u0259rind\u0259n ibar\u0259t r\u0259sm v\u0259 yarad\u0131c\u0131l\u0131q m\u00fcsabiq\u0259sinin ke\u00e7irilm\u0259sind\u0259 m\u0259qs\u0259d Ulu \u00d6nd\u0259r t\u0259r\u0259find\u0259n qoyulmu\u015f d\u00f6vl\u0259t g\u0259ncl\u0259r siyas\u0259ti \u0259sas\u0131nda y\u00fcks\u0259k erudisiyaya, geni\u015f d\u00fcnyag\u00f6r\u00fc\u015f\u00fcn\u0259, milli d\u00fc\u015f\u00fcnc\u0259y\u0259 malik g\u0259nc n\u0259slin yeti\u015fdirilm\u0259sini, g\u0259ncl\u0259rd\u0259 v\u0259t\u0259np\u0259rv\u0259rlik ruhunun g\u00fccl\u0259ndirilm\u0259sini v\u0259 az\u0259rbaycan\u00e7\u0131l\u0131q ideologiyas\u0131n\u0131n t\u0259bli\u011fini t\u0259min etm\u0259kdir.<\/p>\n<p>V\u0259t\u0259np\u0259rv\u0259rlik m\u00f6vzusunda ke\u015firl\u0259n m\u00fcsabiq\u0259d\u0259 i\u015ftirak etm\u0259k ist\u0259y\u0259nl\u0259r s\u0259rgid\u0259 t\u0259qdim olunacaq \u0259s\u0259rin fotosunu, ad v\u0259 soyad\u0131n\u0131, t\u0259v\u0259ll\u00fcd\u00fcn\u00fc, \u0259laq\u0259 n\u00f6mr\u0259sini, oxudu\u011fu m\u0259kt\u0259b v\u0259 ya t\u0259sviri s\u0259n\u0259tl\u0259 m\u0259\u015f\u011ful oldu\u011fu t\u0259dris m\u0259rk\u0259zinin ad\u0131n\u0131\u00a0may\u0131n 10-d\u0259k\u00a0\u0259l i\u015fl\u0259rini\u00a0arazli.tunzale@mail.ru\u00a0\u00fcnvan\u0131na \u0259s\u0259r v\u0259 \u0259l i\u015fl\u0259rini is\u0259 \u0259laq\u0259dar \u015f\u0259xs\u0259 t\u0259qdim etm\u0259lidirl\u0259r.<\/p>\n<p>M\u00fcsabiq\u0259y\u0259 \u0259n \u00e7ox 5 \u0259s\u0259r v\u0259 t\u0259qdim edil\u0259 bil\u0259r. Se\u00e7im zaman\u0131 \u0259l i\u015fl\u0259rind\u0259 k\u0259nar m\u00fcdaxil\u0259nin olmamas\u0131, h\u0259m\u00e7inin kompozisiyan\u0131n motivi, r\u0259ng se\u00e7imi v\u0259 ideya \u0259sas g\u00f6t\u00fcr\u00fcl\u0259c\u0259k.<\/p>\n<p>T\u0259qdim olunan foto v\u0259 \u0259l i\u015fl\u0259rinin \u00fcz\u0259rind\u0259 he\u00e7 bir m\u00fc\u0259llif imzas\u0131 v\u0259 ya loqo yerl\u0259\u015fdirilm\u0259m\u0259lidir.<\/p>\n<p>Qalibl\u0259r F\u0259xri diplom v\u0259 h\u0259diyy\u0259l\u0259rl\u0259 m\u00fckafatland\u0131r\u0131lacaqd\u0131r.<\/p>\n","protected":false},"excerpt":{"rendered":"<p>May\u0131n 21-22-d\u0259 Elm v\u0259 T\u0259hsil Nazirliyi, Az\u0259rbaycan Milli Elml\u0259r Akademiyas\u0131, X\u0259z\u0259r Rayon G\u0259ncl\u0259r \u0130dman \u0130dar\u0259sinin birg\u0259 t\u0259\u015fkilat\u00e7\u0131l\u0131\u011f\u0131 il\u0259 Dendrologiya \u0130nstitutunda \u201cG\u0259ncliyimiz g\u0259l\u0259c\u0259yimizdir\u201d adl\u0131 foto v\u0259 \u0259l i\u015fl\u0259rind\u0259n ibar\u0259t r\u0259sm yarad\u0131c\u0131l\u0131q m\u00fcsabiq\u0259si ke\u00e7iril\u0259c\u0259k. Bu bar\u0259d\u0259\u00a0&#8220;\u0130ki sahil&#8221;\u0259 \u0130nstitutdan m\u0259lumat verilib. Bildirilib ki, m\u00fcsabiq\u0259 \u00f6lk\u0259 ba\u015f\u00e7\u0131s\u0131 Az\u0259rbaycan Respublikas\u0131 Prezidentinin 2022-ci il 29 sentyabr S\u0259r\u0259ncam\u0131na uy\u011fun olaraq \u201cHeyd\u0259r \u018fliyev ili\u201d \u00e7\u0259r\u00e7iv\u0259sind\u0259 v\u0259 Az\u0259rbaycan Respublikas\u0131 Nazirl\u0259r Kabinetinn 2023 \u2013 c\u00fc il 7 fevral tarixind\u0259 t\u0259sdiq edilmi\u015f \u201c\u015eu\u015fa \u015f\u0259h\u0259rinin 2023 \u2013 c\u00fc ili \u00fc\u00e7\u00fcn t\u00fcrk d\u00fcnyas\u0131n\u0131n m\u0259d\u0259niyy\u0259t paytaxt\u0131\u201d elan edilm\u0259si il\u0259 ba\u011fl\u0131 T\u0259dbirl\u0259r Plan\u0131\u201d \u0259sas\u0131nda ba\u015f&hellip;<\/p>\n","protected":false},"author":2,"featured_media":466689,"comment_status":"closed","ping_status":"closed","sticky":false,"template":"","format":"standard","meta":{"om_disable_all_campaigns":false,"_monsterinsights_skip_tracking":false,"_monsterinsights_sitenote_active":false,"_monsterinsights_sitenote_note":"","_monsterinsights_sitenote_category":0},"categories":[4],"tags":[],"aioseo_notices":[],"gutentor_comment":0,"rttpg_featured_image_url":{"full":["https:\/\/arantv.az\/wp-content\/uploads\/2022\/04\/heyder_11650620030.jpg",650,360,false],"landscape":["https:\/\/arantv.az\/wp-content\/uploads\/2022\/04\/heyder_11650620030.jpg",650,360,false],"portraits":["https:\/\/arantv.az\/wp-content\/uploads\/2022\/04\/heyder_11650620030.jpg",650,360,false],"thumbnail":["https:\/\/arantv.az\/wp-content\/uploads\/2022\/04\/heyder_11650620030-500x280.jpg",500,280,true],"medium":["https:\/\/arantv.az\/wp-content\/uploads\/2022\/04\/heyder_11650620030.jpg",650,360,false],"large":["https:\/\/arantv.az\/wp-content\/uploads\/2022\/04\/heyder_11650620030.jpg",640,354,false],"1536x1536":["https:\/\/arantv.az\/wp-content\/uploads\/2022\/04\/heyder_11650620030.jpg",650,360,false],"2048x2048":["https:\/\/arantv.az\/wp-content\/uploads\/2022\/04\/heyder_11650620030.jpg",650,360,false],"post-thumbnail":["https:\/\/arantv.az\/wp-content\/uploads\/2022\/04\/heyder_11650620030-240x172.jpg",240,172,true],"advps-thumb-one":["https:\/\/arantv.az\/wp-content\/uploads\/2022\/04\/heyder_11650620030.jpg",650,360,false]},"rttpg_author":{"display_name":"V\u00fcsal Rafiqo\u011flu","author_link":"https:\/\/arantv.az\/?author=2"},"rttpg_comment":0,"rttpg_category":"<a href=\"https:\/\/arantv.az\/?cat=4\" rel=\"category\">Siyas\u0259t<\/a>","rttpg_excerpt":"May\u0131n 21-22-d\u0259 Elm v\u0259 T\u0259hsil Nazirliyi, Az\u0259rbaycan Milli Elml\u0259r Akademiyas\u0131, X\u0259z\u0259r Rayon G\u0259ncl\u0259r \u0130dman \u0130dar\u0259sinin birg\u0259 t\u0259\u015fkilat\u00e7\u0131l\u0131\u011f\u0131 il\u0259 Dendrologiya \u0130nstitutunda \u201cG\u0259ncliyimiz g\u0259l\u0259c\u0259yimizdir\u201d adl\u0131 foto v\u0259 \u0259l i\u015fl\u0259rind\u0259n ibar\u0259t r\u0259sm yarad\u0131c\u0131l\u0131q m\u00fcsabiq\u0259si ke\u00e7iril\u0259c\u0259k. Bu bar\u0259d\u0259\u00a0&#8220;\u0130ki sahil&#8221;\u0259 \u0130nstitutdan m\u0259lumat verilib. Bildirilib ki, m\u00fcsabiq\u0259 \u00f6lk\u0259 ba\u015f\u00e7\u0131s\u0131 Az\u0259rbaycan Respublikas\u0131 Prezidentinin 2022-ci il 29 sentyabr S\u0259r\u0259ncam\u0131na uy\u011fun olaraq \u201cHeyd\u0259r \u018fliyev&hellip;","_links":{"self":[{"href":"https:\/\/arantv.az\/index.php?rest_route=\/wp\/v2\/posts\/573168"}],"collection":[{"href":"https:\/\/arantv.az\/index.php?rest_route=\/wp\/v2\/posts"}],"about":[{"href":"https:\/\/arantv.az\/index.php?rest_route=\/wp\/v2\/types\/post"}],"author":[{"embeddable":true,"href":"https:\/\/arantv.az\/index.php?rest_route=\/wp\/v2\/users\/2"}],"replies":[{"embeddable":true,"href":"https:\/\/arantv.az\/index.php?rest_route=%2Fwp%2Fv2%2Fcomments&post=573168"}],"version-history":[{"count":0,"href":"https:\/\/arantv.az\/index.php?rest_route=\/wp\/v2\/posts\/573168\/revisions"}],"wp:featuredmedia":[{"embeddable":true,"href":"https:\/\/arantv.az\/index.php?rest_route=\/wp\/v2\/media\/466689"}],"wp:attachment":[{"href":"https:\/\/arantv.az\/index.php?rest_route=%2Fwp%2Fv2%2Fmedia&parent=573168"}],"wp:term":[{"taxonomy":"category","embeddable":true,"href":"https:\/\/arantv.az\/index.php?rest_route=%2Fwp%2Fv2%2Fcategories&post=573168"},{"taxonomy":"post_tag","embeddable":true,"href":"https:\/\/arantv.az\/index.php?rest_route=%2Fwp%2Fv2%2Ftags&post=573168"}],"curies":[{"name":"wp","href":"https:\/\/api.w.org\/{rel}","templated":true}]}}