{"id":573182,"date":"2023-03-06T13:58:54","date_gmt":"2023-03-06T10:58:54","guid":{"rendered":"https:\/\/arantv.az\/?p=573182"},"modified":"2023-03-06T13:58:54","modified_gmt":"2023-03-06T10:58:54","slug":"ays%c9%99n-abdul%c9%99zimova-az%c9%99rbaycan-xanimi-kimi-xaricd%c9%99-%c9%99n-yaxsi-voleybolcu-secilm%c9%99k-qururvericidir-musahib%c9%99","status":"publish","type":"post","link":"https:\/\/arantv.az\/?p=573182","title":{"rendered":"Ay\u015f\u0259n Abdul\u0259zimova: \u201cAz\u0259rbaycan xan\u0131m\u0131 kimi xaricd\u0259 \u0259n yax\u015f\u0131 voleybol\u00e7u se\u00e7ilm\u0259k q\u00fcrurvericidir\u201d &#8211; M\u00dcSAH\u0130B\u018f"},"content":{"rendered":"<p>Az\u0259rbaycan millisinin voleybol\u00e7usu Ay\u015f\u0259n Abdul\u0259zimova pe\u015f\u0259kar karyeras\u0131na 2008-ci ild\u0259 \u201cAzerreyl\u201dd\u0259 ba\u015flay\u0131b.<\/p>\n<p>2011-ci ild\u0259n y\u0131\u011fman\u0131n u\u011furlar\u0131 \u00fc\u00e7\u00fcn \u00e7al\u0131\u015fan 30 ya\u015fl\u0131 oyun\u00e7u 2018-ci ild\u0259n \u00f6lk\u0259 xaricind\u0259 \u00e7\u0131x\u0131\u015f edir.<\/p>\n<div class=\"AdviadNativeVideo\"><\/div>\n<p>2018-2020-ci ill\u0259rd\u0259 Macar\u0131standa \u201cVa\u015fa\u015f\u201d, 2020\/2021 m\u00f6vs\u00fcm\u00fcnd\u0259 T\u00fcrkiy\u0259d\u0259 \u201cSar\u0131yer Belediyespor\u201dun formas\u0131n\u0131 geyinmi\u015f voleybol\u00e7u 2021-ci ild\u0259n yenid\u0259n \u201cVa\u015fa\u015f\u201d\u0131n u\u011furlar\u0131 \u00fc\u00e7\u00fcn \u00e7al\u0131\u015f\u0131r.<\/p>\n<p>Ay\u015f\u0259n Abdul\u0259zimova karyeras\u0131 v\u0259 Az\u0259rbaycan voleybolu il\u0259 ba\u011fl\u0131\u00a0\u201cReport\u201da m\u00fcsahib\u0259 verib.<\/p>\n<p><strong>&#8211; 2018-ci ild\u0259n sonra karyeran\u0131z\u0131 \u00f6lk\u0259 xaricind\u0259 davam etdirirsiniz. Be\u015fillik f\u0259aliyy\u0259tinizi nec\u0259 d\u0259y\u0259rl\u0259ndirirsiniz?<\/strong><\/p>\n<p>&#8211; Bir il T\u00fcrkiy\u0259d\u0259 \u00e7\u0131x\u0131\u015f etdim. M\u0259nc\u0259, bu, d\u00fcnyan\u0131n \u0259n g\u00fccl\u00fc liqas\u0131d\u0131r. M\u0259nim \u00fc\u00e7\u00fcn \u00e7\u0259tin m\u00f6vs\u00fcm oldu, amma h\u0259min \u00e7empionatda \u00e7ox b\u00f6y\u00fck t\u0259cr\u00fcb\u0259 qazand\u0131m. Art\u0131q d\u00f6rd ildir ki, Macar\u0131stan klubunda \u00e7\u0131x\u0131\u015f edir\u0259m. \u00dc\u00e7 d\u0259f\u0259 Macar\u0131stan \u00e7empionlu\u011funu, eyni sayda da \u00f6lk\u0259 kubokunu qazanm\u0131\u015f\u0131q. Bir d\u0259f\u0259 d\u0259 MEVZA liqas\u0131n\u0131n qalibi olmu\u015fuq.<\/p>\n<p><strong>&#8211; Macar\u0131standa legioner h\u0259yat\u0131n\u0131z nec\u0259 ke\u00e7ir? Bu m\u00fcdd\u0259t \u0259rzind\u0259 hans\u0131sa \u00e7\u0259tinlikl\u0259rl\u0259 qar\u015f\u0131la\u015fm\u0131s\u0131n\u0131zm\u0131?<\/strong><\/p>\n<p>&#8211; \u018flb\u0259tt\u0259. \u00c7\u0259tinlikl\u0259r h\u0259mi\u015f\u0259 olur. D\u00fc\u015f\u00fcn\u00fcr\u0259m ki, yen\u0259 olacaq. \u018fn vacibi is\u0259 bunlar\u0131 tez zamanda aradan qald\u0131rmaqd\u0131r.<\/p>\n<p><img src=\"https:\/\/cdn.oxu.az\/uploads\/W1siZiIsIjIwMjMvMDMvMDYvMTMvMDYvMzkvN2RmZjhjYWItMjlkZC00MDBmLTg3YjYtNWMxODlhNGJlN2Q0L2U0ZGJjNGI5LTk5ZDgtMzIwZC1iZjgxLTkzMDJiZWUzMWJjYy5qcGciXSxbInAiLCJlbmNvZGUiLCJqcGciLCItcXVhbGl0eSA4MCJdLFsicCIsInRodW1iIiwiNTkweDU5MFx1MDAzZSJdXQ?sha=07d53ef3d372409d\" alt=\"\" \/><\/p>\n<p><strong>&#8211; Be\u015f il \u0259rzind\u0259 dar\u0131xd\u0131\u011f\u0131n\u0131z\u0131 hiss etmisinizmi? M\u0259s\u0259l\u0259n, b\u0259zi az\u0259rbaycanl\u0131 futbol\u00e7ular bu q\u0259d\u0259r m\u00fcdd\u0259t \u00f6lk\u0259 xaricind\u0259 qala bilmirl\u0259r&#8230;<\/strong><\/p>\n<p>&#8211; Oyunlar\u00a0\u00e7ox oldu\u011fu \u00fc\u00e7\u00fcn dar\u0131xma\u011fa vaxt\u0131m\u0131z da olmur (g\u00fcl\u00fcr). Amma ail\u0259m \u00fc\u00e7\u00fcn, \u0259lb\u0259tt\u0259 ki, dar\u0131x\u0131ram.<\/p>\n<p><strong>&#8211; \u00d6t\u0259n il Macar\u0131stan\u0131n \u0259n yax\u015f\u0131 legioner voleybol\u00e7usu se\u00e7ilmisiniz. T\u0259\u0259ss\u00fcrat\u0131n\u0131z nec\u0259dir?<\/strong><\/p>\n<p>&#8211; A\u00e7\u0131\u011f\u0131, bel\u0259 m\u00fckafata layiq g\u00f6r\u00fcl\u0259c\u0259yimi g\u00f6zl\u0259mirdim. M\u0259nim \u00fc\u00e7\u00fcn g\u00f6zl\u0259nilm\u0259z oldu. Bir Az\u0259rbaycan xan\u0131m\u0131 kimi \u00f6lk\u0259 xaricind\u0259 \u0259n yax\u015f\u0131 oyun\u00e7u se\u00e7ilm\u0259k q\u00fcrurvericidir.<\/p>\n<p><img src=\"https:\/\/cdn.oxu.az\/uploads\/W1siZiIsIjIwMjMvMDMvMDYvMTMvMDYvMzkvNzA5ODc0NzktODkwZS00MmQ1LTllMDItZTI3ZmFkNTljMGJmLzNlMmZkMjA1LWY4YTgtMzA4NS1iOGQzLTg4Y2ExMzUwZmNjNy5qcGciXSxbInAiLCJlbmNvZGUiLCJqcGciLCItcXVhbGl0eSA4MCJdLFsicCIsInRodW1iIiwiNTkweDU5MFx1MDAzZSJdXQ?sha=48956c840599917f\" alt=\"\" \/><\/p>\n<p><strong>&#8211; Qar\u015f\u0131dak\u0131 h\u0259d\u0259fl\u0259riniz n\u0259dir?<\/strong><\/p>\n<p>&#8211; Bu il yen\u0259 Macar\u0131stan \u00e7empionu olmaq v\u0259 \u00f6lk\u0259 kuboklunu qazanmaq ist\u0259yir\u0259m.<\/p>\n<p><strong>&#8211; Bu m\u00fcdd\u0259t \u0259rzind\u0259 siz\u0259 ba\u015fqa \u00f6lk\u0259l\u0259rin t\u0259msil\u00e7il\u0259rind\u0259n t\u0259klifl\u0259r olubmu?<\/strong><\/p>\n<p>&#8211; B\u0259li. Klublar\u0131n ad\u0131n\u0131 a\u00e7\u0131qlamaq d\u00fczg\u00fcn olmaz. Amma \u201cVa\u015fa\u015f\u201d m\u0259nim \u00fc\u00e7\u00fcn art\u0131q \u00e7ox do\u011fmala\u015f\u0131b. Art\u0131q bu ail\u0259nin bir \u00fczv\u00fc olmu\u015fam.<\/p>\n<p><img src=\"https:\/\/cdn.oxu.az\/uploads\/W1siZiIsIjIwMjMvMDMvMDYvMTMvMDYvMzkvOWNlMTkxZGUtZjk4Mi00ZjM0LWIxMjMtOWNmMjRjZmI1Yzg5L2ViOTA2MjZmLWI1Y2ItM2JhMi1hYWY3LTU3OWEwNDFmMWRhOC5qcGciXSxbInAiLCJlbmNvZGUiLCJqcGciLCItcXVhbGl0eSA4MCJdLFsicCIsInRodW1iIiwiNTkweDU5MFx1MDAzZSJdXQ?sha=019b8387de0d07e9\" alt=\"\" \/><\/p>\n<p><strong>&#8211; Mayda m\u00fcqavil\u0259niz ba\u015fa \u00e7at\u0131r. Yenid\u0259n Az\u0259rbaycanda oynamaq ehtimal\u0131n\u0131z varm\u0131?<\/strong><\/p>\n<p>&#8211; Az\u0259rbaycan m\u0259nim v\u0259t\u0259nimdir. M\u0259n d\u0259 \u00f6lk\u0259 \u00e7empionat\u0131nda \u00e7\u0131x\u0131\u015f etm\u0259k ist\u0259rdim. \u0130lk klub karyerama da m\u0259hz orada ba\u015flam\u0131\u015fam.<\/p>\n<p><strong>&#8211; Haz\u0131rda xaricd\u0259 oynayan voleybol\u00e7u kimi Az\u0259rbaycan voleybolunun s\u0259viyy\u0259sini nec\u0259 g\u00f6r\u00fcrs\u00fcn\u00fcz?<\/strong><\/p>\n<p>&#8211; Xaricd\u0259 olsam da, \u00f6lk\u0259 \u00e7empionat\u0131n\u0131 yax\u0131ndan izl\u0259yir\u0259m. Y\u00fcks\u0259k Liqada i\u015ftirak ed\u0259n komandalar\u0131n say\u0131 azd\u0131r, lakin d\u00fc\u015f\u00fcn\u00fcr\u0259m ki, komandalar aras\u0131nda b\u0259rab\u0259r m\u00fcbariz\u0259 gedir v\u0259 hey\u0259tl\u0259rd\u0259 g\u0259nc voleybol\u00e7ular aras\u0131nda r\u0259qab\u0259t var. Bundan 5-6 il \u0259vv\u0259ll\u0259 m\u00fcqayis\u0259 ets\u0259k, bu g\u00fcn \u00e7empionat\u0131m\u0131z z\u0259if g\u00f6r\u00fcn\u0259 bil\u0259r. \u00c7\u00fcnki s\u0259rb\u0259st klublar\u0131m\u0131z dem\u0259k olar ki, yoxdur. \u00c7ox ist\u0259rdim ki, m\u0259nim Az\u0259rbaycanda oynad\u0131\u011f\u0131m zamanlarda olan komandalar yenid\u0259n h\u0259min g\u00fccd\u0259 \u00e7empionatda i\u015ftirak etsinl\u0259r.<\/p>\n<p><img src=\"https:\/\/cdn.oxu.az\/uploads\/W1siZiIsIjIwMjMvMDMvMDYvMTMvMDYvMzkvODFiNzM0M2EtNzQ3OS00NjE1LWFlMDItNWM4YjhmNTllMzA0Lzc4YzY1NjRlLTVjNTgtMzU5Mi04ZTgxLTdlMzhmNTZjOTZiNC5qcGciXSxbInAiLCJlbmNvZGUiLCJqcGciLCItcXVhbGl0eSA4MCJdLFsicCIsInRodW1iIiwiNTkweDU5MFx1MDAzZSJdXQ?sha=42951f7f56303d4d\" alt=\"\" \/><\/p>\n<p><strong>&#8211; Sizc\u0259, \u0259vv\u0259lki n\u00fcfuzu\u00a0qaytarma\u011fa n\u0259 mane olur?<\/strong><\/p>\n<p>&#8211; 5-6 il \u0259vv\u0259l Az\u0259rbaycan \u00e7empionat\u0131 d\u00fcnyada, Avropada \u0259n g\u00fccl\u00fc v\u0259 \u0259n \u00e7ox izl\u0259yicisi olan yar\u0131\u015flardan hesab olunurdu. H\u0259min ill\u0259rd\u0259 klublar aras\u0131nda sa\u011flam r\u0259qab\u0259t var idi. H\u0259r k\u0259s, s\u00f6z\u00fcn \u0259sl m\u0259nas\u0131nda \u00e7empion olmaq v\u0259 avrokuboklarda i\u015ftirak etm\u0259k \u00fc\u00e7\u00fcn \u00e7al\u0131\u015f\u0131rd\u0131. \u018fn g\u00fccl\u00fc voleybol\u00e7ular da bizim \u00e7empionatda \u00e7\u0131x\u0131\u015f edirdil\u0259r. Klublar\u0131n yaranmas\u0131 \u00fc\u00e7\u00fcn is\u0259 sponsorlar olmal\u0131d\u0131r. M\u0259nc\u0259, h\u0259m qad\u0131n, h\u0259m d\u0259 ki\u015fi komandalar\u0131 aras\u0131nda klublar v\u0259 sponsorlar\u0131n say\u0131 \u00e7ox olsa, \u00e7empionat\u0131m\u0131z yenid\u0259n g\u00fccl\u0259n\u0259c\u0259k. Bu da birba\u015fa milli komandalara da m\u00fcsb\u0259t t\u0259sirini g\u00f6st\u0259r\u0259c\u0259k.<\/p>\n<p><strong>&#8211; M\u0259s\u0259l\u0259n, Faiq Qarayev kimi m\u00fct\u0259x\u0259ssisin i\u015f ba\u015f\u0131nda olmamas\u0131 buna t\u0259sir edirmi?<\/strong><\/p>\n<p><strong>&#8211;\u00a0<\/strong>Faiq m\u00fc\u0259llim h\u0259r zaman bizim yan\u0131m\u0131zda olur. Bu il millinin Avropa \u00e7empionat\u0131n\u0131n se\u00e7m\u0259 oyunlar\u0131nda da biziml\u0259 idi. Y\u0131\u011fmada yerli voleybol\u00e7ular olaraq dem\u0259k olar ki, \u0259ks\u0259riyy\u0259timiz xarici klublarda oynay\u0131r\u0131q. M\u0259hz bel\u0259 amill\u0259r milliy\u0259 t\u0259sirsiz qalm\u0131r.<\/p>\n<p><img src=\"https:\/\/cdn.oxu.az\/uploads\/W1siZiIsIjIwMjMvMDMvMDYvMTMvMDYvMzkvZTY1ZWI1ZjAtNzE2Ni00MzdmLTljYmMtODVhYTE5NGY0NTJkL2NmMTQyMmI0LWE1M2MtMzgxYi1iZjUwLTcwNmE5NzVmMGI3Ni5qcGciXSxbInAiLCJlbmNvZGUiLCJqcGciLCItcXVhbGl0eSA4MCJdLFsicCIsInRodW1iIiwiNTkweDU5MFx1MDAzZSJdXQ?sha=8bde2fdf980be1a4\" alt=\"\" \/><\/p>\n<p><strong>&#8211; Az\u0259rbaycan millisi bu il Avropa \u00e7empionat\u0131na qat\u0131lacaq. Final m\u0259rh\u0259l\u0259sind\u0259 y\u0131\u011fma n\u0259y\u0259 \u00fcmid ed\u0259 bil\u0259r?<\/strong><\/p>\n<p>&#8211; Qit\u0259 \u00e7empionat\u0131nda 10-cu d\u0259f\u0259 m\u00fcbariz\u0259 aparaca\u011f\u0131q. Ard\u0131c\u0131l 10-cu d\u0259f\u0259 turnird\u0259 i\u015ftirak etm\u0259k b\u00f6y\u00fck u\u011furdur. Amma bu, bizi arxay\u0131nla\u015fd\u0131rmamal\u0131d\u0131r. Yax\u015f\u0131 m\u00fcbariz\u0259 aparmaq \u00fc\u00e7\u00fcn \u0259limizd\u0259n g\u0259l\u0259ni etm\u0259liyik. Bir ne\u00e7\u0259 g\u00fcn \u0259vv\u0259l Faiq m\u00fc\u0259llimin n\u0259zar\u0259ti il\u0259 klublarda \u00e7\u0131x\u0131\u015f ed\u0259n milli voleybol\u00e7ular m\u0259\u015fql\u0259r\u0259 ba\u015flay\u0131b. M\u0259n d\u0259 Macar\u0131standak\u0131 mat\u00e7lar bitdikd\u0259n sonra Bak\u0131ya g\u0259lib m\u0259\u015fql\u0259r\u0259 qo\u015fulaca\u011fam.<\/p>\n","protected":false},"excerpt":{"rendered":"<p>Az\u0259rbaycan millisinin voleybol\u00e7usu Ay\u015f\u0259n Abdul\u0259zimova pe\u015f\u0259kar karyeras\u0131na 2008-ci ild\u0259 \u201cAzerreyl\u201dd\u0259 ba\u015flay\u0131b. 2011-ci ild\u0259n y\u0131\u011fman\u0131n u\u011furlar\u0131 \u00fc\u00e7\u00fcn \u00e7al\u0131\u015fan 30 ya\u015fl\u0131 oyun\u00e7u 2018-ci ild\u0259n \u00f6lk\u0259 xaricind\u0259 \u00e7\u0131x\u0131\u015f edir. 2018-2020-ci ill\u0259rd\u0259 Macar\u0131standa \u201cVa\u015fa\u015f\u201d, 2020\/2021 m\u00f6vs\u00fcm\u00fcnd\u0259 T\u00fcrkiy\u0259d\u0259 \u201cSar\u0131yer Belediyespor\u201dun formas\u0131n\u0131 geyinmi\u015f voleybol\u00e7u 2021-ci ild\u0259n yenid\u0259n \u201cVa\u015fa\u015f\u201d\u0131n u\u011furlar\u0131 \u00fc\u00e7\u00fcn \u00e7al\u0131\u015f\u0131r. Ay\u015f\u0259n Abdul\u0259zimova karyeras\u0131 v\u0259 Az\u0259rbaycan voleybolu il\u0259 ba\u011fl\u0131\u00a0\u201cReport\u201da m\u00fcsahib\u0259 verib. &#8211; 2018-ci ild\u0259n sonra karyeran\u0131z\u0131 \u00f6lk\u0259 xaricind\u0259 davam etdirirsiniz. Be\u015fillik f\u0259aliyy\u0259tinizi nec\u0259 d\u0259y\u0259rl\u0259ndirirsiniz? &#8211; Bir il T\u00fcrkiy\u0259d\u0259 \u00e7\u0131x\u0131\u015f etdim. M\u0259nc\u0259, bu, d\u00fcnyan\u0131n \u0259n g\u00fccl\u00fc liqas\u0131d\u0131r. M\u0259nim \u00fc\u00e7\u00fcn \u00e7\u0259tin m\u00f6vs\u00fcm oldu, amma h\u0259min \u00e7empionatda \u00e7ox b\u00f6y\u00fck&hellip;<\/p>\n","protected":false},"author":2,"featured_media":573183,"comment_status":"closed","ping_status":"closed","sticky":false,"template":"","format":"standard","meta":{"om_disable_all_campaigns":false,"_monsterinsights_skip_tracking":false,"_monsterinsights_sitenote_active":false,"_monsterinsights_sitenote_note":"","_monsterinsights_sitenote_category":0},"categories":[6],"tags":[],"aioseo_notices":[],"gutentor_comment":0,"rttpg_featured_image_url":{"full":["https:\/\/arantv.az\/wp-content\/uploads\/2023\/03\/43726790-ac30-37a5-afbe-18c4cde1f2c4_850.jpg",620,413,false],"landscape":["https:\/\/arantv.az\/wp-content\/uploads\/2023\/03\/43726790-ac30-37a5-afbe-18c4cde1f2c4_850.jpg",620,413,false],"portraits":["https:\/\/arantv.az\/wp-content\/uploads\/2023\/03\/43726790-ac30-37a5-afbe-18c4cde1f2c4_850.jpg",620,413,false],"thumbnail":["https:\/\/arantv.az\/wp-content\/uploads\/2023\/03\/43726790-ac30-37a5-afbe-18c4cde1f2c4_850-500x280.jpg",500,280,true],"medium":["https:\/\/arantv.az\/wp-content\/uploads\/2023\/03\/43726790-ac30-37a5-afbe-18c4cde1f2c4_850-548x365.jpg",548,365,true],"large":["https:\/\/arantv.az\/wp-content\/uploads\/2023\/03\/43726790-ac30-37a5-afbe-18c4cde1f2c4_850.jpg",620,413,false],"1536x1536":["https:\/\/arantv.az\/wp-content\/uploads\/2023\/03\/43726790-ac30-37a5-afbe-18c4cde1f2c4_850.jpg",620,413,false],"2048x2048":["https:\/\/arantv.az\/wp-content\/uploads\/2023\/03\/43726790-ac30-37a5-afbe-18c4cde1f2c4_850.jpg",620,413,false],"post-thumbnail":["https:\/\/arantv.az\/wp-content\/uploads\/2023\/03\/43726790-ac30-37a5-afbe-18c4cde1f2c4_850-240x172.jpg",240,172,true],"advps-thumb-one":["https:\/\/arantv.az\/wp-content\/uploads\/2023\/03\/43726790-ac30-37a5-afbe-18c4cde1f2c4_850.jpg",620,413,false]},"rttpg_author":{"display_name":"V\u00fcsal Rafiqo\u011flu","author_link":"https:\/\/arantv.az\/?author=2"},"rttpg_comment":0,"rttpg_category":"<a href=\"https:\/\/arantv.az\/?cat=6\" rel=\"category\">\u0130dman<\/a>","rttpg_excerpt":"Az\u0259rbaycan millisinin voleybol\u00e7usu Ay\u015f\u0259n Abdul\u0259zimova pe\u015f\u0259kar karyeras\u0131na 2008-ci ild\u0259 \u201cAzerreyl\u201dd\u0259 ba\u015flay\u0131b. 2011-ci ild\u0259n y\u0131\u011fman\u0131n u\u011furlar\u0131 \u00fc\u00e7\u00fcn \u00e7al\u0131\u015fan 30 ya\u015fl\u0131 oyun\u00e7u 2018-ci ild\u0259n \u00f6lk\u0259 xaricind\u0259 \u00e7\u0131x\u0131\u015f edir. 2018-2020-ci ill\u0259rd\u0259 Macar\u0131standa \u201cVa\u015fa\u015f\u201d, 2020\/2021 m\u00f6vs\u00fcm\u00fcnd\u0259 T\u00fcrkiy\u0259d\u0259 \u201cSar\u0131yer Belediyespor\u201dun formas\u0131n\u0131 geyinmi\u015f voleybol\u00e7u 2021-ci ild\u0259n yenid\u0259n \u201cVa\u015fa\u015f\u201d\u0131n u\u011furlar\u0131 \u00fc\u00e7\u00fcn \u00e7al\u0131\u015f\u0131r. Ay\u015f\u0259n Abdul\u0259zimova karyeras\u0131 v\u0259 Az\u0259rbaycan voleybolu il\u0259 ba\u011fl\u0131\u00a0\u201cReport\u201da m\u00fcsahib\u0259 verib.&hellip;","_links":{"self":[{"href":"https:\/\/arantv.az\/index.php?rest_route=\/wp\/v2\/posts\/573182"}],"collection":[{"href":"https:\/\/arantv.az\/index.php?rest_route=\/wp\/v2\/posts"}],"about":[{"href":"https:\/\/arantv.az\/index.php?rest_route=\/wp\/v2\/types\/post"}],"author":[{"embeddable":true,"href":"https:\/\/arantv.az\/index.php?rest_route=\/wp\/v2\/users\/2"}],"replies":[{"embeddable":true,"href":"https:\/\/arantv.az\/index.php?rest_route=%2Fwp%2Fv2%2Fcomments&post=573182"}],"version-history":[{"count":0,"href":"https:\/\/arantv.az\/index.php?rest_route=\/wp\/v2\/posts\/573182\/revisions"}],"wp:featuredmedia":[{"embeddable":true,"href":"https:\/\/arantv.az\/index.php?rest_route=\/wp\/v2\/media\/573183"}],"wp:attachment":[{"href":"https:\/\/arantv.az\/index.php?rest_route=%2Fwp%2Fv2%2Fmedia&parent=573182"}],"wp:term":[{"taxonomy":"category","embeddable":true,"href":"https:\/\/arantv.az\/index.php?rest_route=%2Fwp%2Fv2%2Fcategories&post=573182"},{"taxonomy":"post_tag","embeddable":true,"href":"https:\/\/arantv.az\/index.php?rest_route=%2Fwp%2Fv2%2Ftags&post=573182"}],"curies":[{"name":"wp","href":"https:\/\/api.w.org\/{rel}","templated":true}]}}