{"id":573210,"date":"2023-03-06T14:15:39","date_gmt":"2023-03-06T11:15:39","guid":{"rendered":"https:\/\/arantv.az\/?p=573210"},"modified":"2023-03-06T14:15:39","modified_gmt":"2023-03-06T11:15:39","slug":"bu-ilin-bayram-sufr%c9%99si-x%c9%99rcl%c9%99r-n%c9%99-q%c9%99d%c9%99r-artacaq-r%c9%99y-foto","status":"publish","type":"post","link":"https:\/\/arantv.az\/?p=573210","title":{"rendered":"Bu ilin bayram s\u00fcfr\u0259si: X\u0259rcl\u0259r n\u0259 q\u0259d\u0259r artacaq? &#8211; R\u018fY + FOTO"},"content":{"rendered":"<p>Novruz bayram\u0131na az bir m\u00fcdd\u0259t qal\u0131b. Haz\u0131rda al\u0131\u015f-veri\u015fin \u0259n q\u0131z\u011f\u0131n vaxt\u0131d\u0131r. H\u0259r il bayram \u0259r\u0259f\u0259sind\u0259 \u00e7\u0259kil\u0259n x\u0259rcl\u0259r \u00f6t\u0259n ill\u0259 m\u00fcqayis\u0259 olunur. \u00d6t\u0259n il\u0259 n\u0259z\u0259r yetirs\u0259k, qlobal inflyasiyan\u0131n oldu\u011funu g\u00f6r\u0259rik. \u0130nflyasiya Az\u0259rbaycandan da yan ke\u00e7m\u0259yib. Az\u0259rbaycanda \u0259rzaq v\u0259 qeyri-\u0259rzaq m\u0259hsullar\u0131 \u00fcz\u0259rind\u0259 qiym\u0259tl\u0259rd\u0259 art\u0131m m\u00fc\u015fahid\u0259 olunur. Bu da \u00f6z n\u00f6vb\u0259sind\u0259 bazarlarda al\u0131c\u0131l\u0131q qabiliyy\u0259tin\u0259 t\u0259sir g\u00f6st\u0259r\u0259c\u0259k. Bununla yana\u015f\u0131 inflyasiya bayram s\u00fcfr\u0259sin\u0259 \u00e7\u0259kil\u0259n x\u0259rcl\u0259ri d\u0259 art\u0131ra bil\u0259r.<\/p>\n<p>B\u0259s g\u00f6r\u0259s\u0259n, 2023-ci ilin bayram s\u00fcfr\u0259si orta statistik az\u0259rbaycanl\u0131 \u00fc\u00e7\u00fcn ne\u00e7\u0259y\u0259 ba\u015fa g\u0259lir?<\/p>\n<div class=\"AdviadNativeVideo\"><\/div>\n<p>M\u00f6vzu il\u0259 ba\u011fl\u0131\u00a0<strong>O<\/strong>xu.Az-a a\u00e7\u0131qlama ver\u0259n iqtisad\u00e7\u0131-ekspert\u00a0<strong>R\u0259\u015fad H\u0259s\u0259nov<\/strong>un s\u00f6zl\u0259rin\u0259 g\u00f6r\u0259, \u00f6t\u0259n ill\u0259 m\u00fcqayis\u0259d\u0259 35 faiz art\u0131m m\u00fc\u015fahid\u0259 olunacaq:<\/p>\n<p><img src=\"https:\/\/cdn.oxu.az\/uploads\/W1siZiIsIjIwMjMvMDMvMDYvMTMvMTAvMjEvZjc3YmM2ZTctZjc3Yi00NzlkLWFjZjgtOTg4Zjc3NzhlY2ExL0ZvdG9KZXQgLSAyMDIzLTAzLTA2VDEzMTAxMi40MjEuanBnIl0sWyJwIiwiZW5jb2RlIiwianBnIiwiLXF1YWxpdHkgODAiXSxbInAiLCJ0aHVtYiIsIjU5MHg1OTBcdTAwM2UiXV0?sha=9e4d7d220dedee3d\" alt=\"\" \/><\/p>\n<p>\u201cBu g\u00fcn\u0259 q\u0259d\u0259r orta meyara rast g\u0259lm\u0259mi\u015f\u0259m. \u00d6t\u0259n ill\u0259 m\u00fcqayis\u0259d\u0259 artaca\u011f\u0131n\u0131 dey\u0259 bil\u0259r\u0259m. Ayd\u0131n m\u0259s\u0259l\u0259dir ki, bayram \u0259r\u0259f\u0259sind\u0259 istehlak olunan m\u0259hsullar qida t\u0259yinatl\u0131 olur. Bu m\u0259hsullar\u0131n qiym\u0259tl\u0259ri \u00f6t\u0259n ill\u0259 m\u00fcqayis\u0259d\u0259 r\u0259smi r\u0259q\u0259ml\u0259r\u0259 g\u00f6r\u0259, 17,5 faiz art\u0131b. Qeyri-r\u0259smi qiym\u0259tl\u0259ndirm\u0259y\u0259 \u0259sas\u0259n, 35 faiz art\u0131m oldu\u011fu m\u00fc\u0259yy\u0259n edilib\u201d.<\/p>\n<p>R.H\u0259s\u0259nov qeyd edib ki, bu al\u0131c\u0131l\u0131q qabiliyy\u0259tin\u0259 t\u0259sir g\u00f6st\u0259r\u0259c\u0259k:<\/p>\n<p>\u201cBir \u00e7ox m\u0259hsullar idxal olundu\u011fu \u00fc\u00e7\u00fcn \u0259vv\u0259lki d\u00f6vrl\u0259r\u0259 nisb\u0259t\u0259n 15-20 faiz bahala\u015fma var. V\u0259t\u0259nda\u015flar istehlak zaman\u0131 bunu m\u00fc\u015fahid\u0259 ed\u0259c\u0259kl\u0259r. Bahala\u015fma al\u0131c\u0131l\u0131q qabiliyy\u0259tini z\u0259ifl\u0259d\u0259c\u0259k. Bu il bayram s\u00fcfr\u0259l\u0259ri daha z\u0259if v\u0259 yoxsul g\u00f6r\u00fcn\u0259c\u0259k\u201d.<\/p>\n<p>\u0130qtisad\u00e7\u0131\u00a0<strong>Emin Q\u0259ribli<\/strong>\u00a0qeyd edib ki, \u00f6t\u0259n ill\u0259 m\u00fcqayis\u0259d\u0259 qiym\u0259tl\u0259rd\u0259 20 faiz f\u0259rq olacaq:<\/p>\n<p><img src=\"https:\/\/cdn.oxu.az\/uploads\/W1siZiIsIjIwMjMvMDMvMDYvMTMvMTEvMDMvOTllNGUwYjktYWRhNi00NGZmLWEyMWUtOTllMGExZTQ4ODkwL0ZvdG9KZXQgLSAyMDIzLTAzLTA2VDEzMTA1Mi45OTYuanBnIl0sWyJwIiwiZW5jb2RlIiwianBnIiwiLXF1YWxpdHkgODAiXSxbInAiLCJ0aHVtYiIsIjU5MHg1OTBcdTAwM2UiXV0?sha=d65b2772647ef2ff\" alt=\"\" \/><\/p>\n<p>\u201cArt\u0131q etiraf etm\u0259k laz\u0131md\u0131r ki, inflyasiya m\u00f6vcuddur. \u0130nflyasiyan\u0131n strukturuna baxd\u0131qda qida m\u0259hsullar\u0131n\u0131n \u00fcz\u0259rind\u0259 art\u0131m daha y\u00fcks\u0259kdir. Orta hesabla 10-20 faiz art\u0131m m\u00fc\u015fahid\u0259 olunur. Bu kifay\u0259t q\u0259d\u0259r b\u00f6y\u00fck r\u0259q\u0259mdir.<\/p>\n<p>\u018fhalinin al\u0131c\u0131l\u0131q qabiliyy\u0259ti d\u0259 a\u015fa\u011f\u0131 d\u00fc\u015f\u0259c\u0259k. Saatda qiym\u0259tl\u0259r art\u0131r. D\u0259yi\u015fiklikl\u0259ri hiss edirik. Bu proses d\u00fcnyada oldu\u011fu kimi bizd\u0259 d\u0259 var. Xo\u015fag\u0259l\u0259n hal deyil\u201d.<\/p>\n","protected":false},"excerpt":{"rendered":"<p>Novruz bayram\u0131na az bir m\u00fcdd\u0259t qal\u0131b. Haz\u0131rda al\u0131\u015f-veri\u015fin \u0259n q\u0131z\u011f\u0131n vaxt\u0131d\u0131r. H\u0259r il bayram \u0259r\u0259f\u0259sind\u0259 \u00e7\u0259kil\u0259n x\u0259rcl\u0259r \u00f6t\u0259n ill\u0259 m\u00fcqayis\u0259 olunur. \u00d6t\u0259n il\u0259 n\u0259z\u0259r yetirs\u0259k, qlobal inflyasiyan\u0131n oldu\u011funu g\u00f6r\u0259rik. \u0130nflyasiya Az\u0259rbaycandan da yan ke\u00e7m\u0259yib. Az\u0259rbaycanda \u0259rzaq v\u0259 qeyri-\u0259rzaq m\u0259hsullar\u0131 \u00fcz\u0259rind\u0259 qiym\u0259tl\u0259rd\u0259 art\u0131m m\u00fc\u015fahid\u0259 olunur. Bu da \u00f6z n\u00f6vb\u0259sind\u0259 bazarlarda al\u0131c\u0131l\u0131q qabiliyy\u0259tin\u0259 t\u0259sir g\u00f6st\u0259r\u0259c\u0259k. Bununla yana\u015f\u0131 inflyasiya bayram s\u00fcfr\u0259sin\u0259 \u00e7\u0259kil\u0259n x\u0259rcl\u0259ri d\u0259 art\u0131ra bil\u0259r. B\u0259s g\u00f6r\u0259s\u0259n, 2023-ci ilin bayram s\u00fcfr\u0259si orta statistik az\u0259rbaycanl\u0131 \u00fc\u00e7\u00fcn ne\u00e7\u0259y\u0259 ba\u015fa g\u0259lir? M\u00f6vzu il\u0259 ba\u011fl\u0131\u00a0Oxu.Az-a a\u00e7\u0131qlama ver\u0259n iqtisad\u00e7\u0131-ekspert\u00a0R\u0259\u015fad H\u0259s\u0259novun s\u00f6zl\u0259rin\u0259 g\u00f6r\u0259, \u00f6t\u0259n ill\u0259 m\u00fcqayis\u0259d\u0259 35 faiz&hellip;<\/p>\n","protected":false},"author":2,"featured_media":573211,"comment_status":"closed","ping_status":"closed","sticky":false,"template":"","format":"standard","meta":{"om_disable_all_campaigns":false,"_monsterinsights_skip_tracking":false,"_monsterinsights_sitenote_active":false,"_monsterinsights_sitenote_note":"","_monsterinsights_sitenote_category":0},"categories":[1],"tags":[],"aioseo_notices":[],"gutentor_comment":0,"rttpg_featured_image_url":{"full":["https:\/\/arantv.az\/wp-content\/uploads\/2023\/03\/jadf.jpg",620,413,false],"landscape":["https:\/\/arantv.az\/wp-content\/uploads\/2023\/03\/jadf.jpg",620,413,false],"portraits":["https:\/\/arantv.az\/wp-content\/uploads\/2023\/03\/jadf.jpg",620,413,false],"thumbnail":["https:\/\/arantv.az\/wp-content\/uploads\/2023\/03\/jadf-500x280.jpg",500,280,true],"medium":["https:\/\/arantv.az\/wp-content\/uploads\/2023\/03\/jadf-548x365.jpg",548,365,true],"large":["https:\/\/arantv.az\/wp-content\/uploads\/2023\/03\/jadf.jpg",620,413,false],"1536x1536":["https:\/\/arantv.az\/wp-content\/uploads\/2023\/03\/jadf.jpg",620,413,false],"2048x2048":["https:\/\/arantv.az\/wp-content\/uploads\/2023\/03\/jadf.jpg",620,413,false],"post-thumbnail":["https:\/\/arantv.az\/wp-content\/uploads\/2023\/03\/jadf-240x172.jpg",240,172,true],"advps-thumb-one":["https:\/\/arantv.az\/wp-content\/uploads\/2023\/03\/jadf.jpg",620,413,false]},"rttpg_author":{"display_name":"V\u00fcsal Rafiqo\u011flu","author_link":"https:\/\/arantv.az\/?author=2"},"rttpg_comment":0,"rttpg_category":"<a href=\"https:\/\/arantv.az\/?cat=1\" rel=\"category\">C\u0259miyy\u0259t<\/a>","rttpg_excerpt":"Novruz bayram\u0131na az bir m\u00fcdd\u0259t qal\u0131b. Haz\u0131rda al\u0131\u015f-veri\u015fin \u0259n q\u0131z\u011f\u0131n vaxt\u0131d\u0131r. H\u0259r il bayram \u0259r\u0259f\u0259sind\u0259 \u00e7\u0259kil\u0259n x\u0259rcl\u0259r \u00f6t\u0259n ill\u0259 m\u00fcqayis\u0259 olunur. \u00d6t\u0259n il\u0259 n\u0259z\u0259r yetirs\u0259k, qlobal inflyasiyan\u0131n oldu\u011funu g\u00f6r\u0259rik. \u0130nflyasiya Az\u0259rbaycandan da yan ke\u00e7m\u0259yib. Az\u0259rbaycanda \u0259rzaq v\u0259 qeyri-\u0259rzaq m\u0259hsullar\u0131 \u00fcz\u0259rind\u0259 qiym\u0259tl\u0259rd\u0259 art\u0131m m\u00fc\u015fahid\u0259 olunur. Bu da \u00f6z n\u00f6vb\u0259sind\u0259 bazarlarda al\u0131c\u0131l\u0131q qabiliyy\u0259tin\u0259 t\u0259sir g\u00f6st\u0259r\u0259c\u0259k. Bununla yana\u015f\u0131&hellip;","_links":{"self":[{"href":"https:\/\/arantv.az\/index.php?rest_route=\/wp\/v2\/posts\/573210"}],"collection":[{"href":"https:\/\/arantv.az\/index.php?rest_route=\/wp\/v2\/posts"}],"about":[{"href":"https:\/\/arantv.az\/index.php?rest_route=\/wp\/v2\/types\/post"}],"author":[{"embeddable":true,"href":"https:\/\/arantv.az\/index.php?rest_route=\/wp\/v2\/users\/2"}],"replies":[{"embeddable":true,"href":"https:\/\/arantv.az\/index.php?rest_route=%2Fwp%2Fv2%2Fcomments&post=573210"}],"version-history":[{"count":0,"href":"https:\/\/arantv.az\/index.php?rest_route=\/wp\/v2\/posts\/573210\/revisions"}],"wp:featuredmedia":[{"embeddable":true,"href":"https:\/\/arantv.az\/index.php?rest_route=\/wp\/v2\/media\/573211"}],"wp:attachment":[{"href":"https:\/\/arantv.az\/index.php?rest_route=%2Fwp%2Fv2%2Fmedia&parent=573210"}],"wp:term":[{"taxonomy":"category","embeddable":true,"href":"https:\/\/arantv.az\/index.php?rest_route=%2Fwp%2Fv2%2Fcategories&post=573210"},{"taxonomy":"post_tag","embeddable":true,"href":"https:\/\/arantv.az\/index.php?rest_route=%2Fwp%2Fv2%2Ftags&post=573210"}],"curies":[{"name":"wp","href":"https:\/\/api.w.org\/{rel}","templated":true}]}}