{"id":573286,"date":"2023-03-06T20:51:51","date_gmt":"2023-03-06T17:51:51","guid":{"rendered":"https:\/\/arantv.az\/?p=573286"},"modified":"2023-03-06T20:51:51","modified_gmt":"2023-03-06T17:51:51","slug":"prezident-f%c9%99dakar-analarimiz-v%c9%99t%c9%99ni-ana-q%c9%99d%c9%99r-%c9%99ziz-v%c9%99-muq%c9%99dd%c9%99s-bil%c9%99n-saf-%c9%99qid%c9%99li-ovladlar-yetisdirirl%c9%99r","status":"publish","type":"post","link":"https:\/\/arantv.az\/?p=573286","title":{"rendered":"Prezident: \u201cF\u0259dakar analar\u0131m\u0131z v\u0259t\u0259ni ana q\u0259d\u0259r \u0259ziz v\u0259 m\u00fcq\u0259dd\u0259s bil\u0259n saf \u0259qid\u0259li \u00f6vladlar yeti\u015fdirirl\u0259r\u201d"},"content":{"rendered":"<p>\u201cF\u0259dakar analar\u0131m\u0131z, y\u00fcz ill\u0259r \u0259vv\u0259l oldu\u011fu kimi, v\u0259t\u0259ni ana q\u0259d\u0259r \u0259ziz v\u0259 m\u00fcq\u0259dd\u0259s bil\u0259n, q\u0259lbl\u0259ri do\u011fma yurda sevgi il\u0259 dolu, \u0259n\u0259n\u0259l\u0259rimiz\u0259 sadiq, saf \u0259qid\u0259li \u00f6vladlar yeti\u015fdirirl\u0259r. Haqq i\u015fi u\u011frunda apard\u0131\u011f\u0131m\u0131z V\u0259t\u0259n m\u00fcharib\u0259sind\u0259 xalq\u0131m\u0131za parlaq q\u0259l\u0259b\u0259 sevinci ya\u015fadan g\u0259ncl\u0259rimizin unudulmaz r\u0259\u015fad\u0259ti bunun ayd\u0131n t\u0259zah\u00fcr\u00fcd\u00fcr\u201d.<\/p>\n<p>&nbsp;<\/p>\n<p>AZ\u018fRTAC x\u0259b\u0259r verir ki, bu fikirl\u0259r Prezident \u0130lham \u018fliyevin 8 Mart \u2013 Beyn\u0259lxalq Qad\u0131nlar G\u00fcn\u00fc m\u00fcnasib\u0259til\u0259 Az\u0259rbaycan qad\u0131nlar\u0131na \u00fcnvanlad\u0131\u011f\u0131 t\u0259brikd\u0259 yer al\u0131b.<\/p>\n<p>&nbsp;<\/p>\n<p>T\u0259brikd\u0259 deyilir: \u201c\u0130nan\u0131ram ki, z\u0259ngin m\u0259n\u0259viyyatl\u0131 Az\u0259rbaycan qad\u0131nlar\u0131 qar\u015f\u0131dak\u0131 ill\u0259rd\u0259 d\u0259 qurub-yaratmaq \u015f\u00f6vql\u0259ri il\u0259 c\u0259miyy\u0259t h\u0259yat\u0131na y\u00fcks\u0259k d\u0259y\u0259rl\u0259r b\u0259x\u015f ed\u0259c\u0259k v\u0259 m\u00fcst\u0259qillik salnam\u0259miz\u0259 yeni, i\u015f\u0131ql\u0131 s\u0259hif\u0259l\u0259r yazacaqlar\u201d.<\/p>\n","protected":false},"excerpt":{"rendered":"<p>\u201cF\u0259dakar analar\u0131m\u0131z, y\u00fcz ill\u0259r \u0259vv\u0259l oldu\u011fu kimi, v\u0259t\u0259ni ana q\u0259d\u0259r \u0259ziz v\u0259 m\u00fcq\u0259dd\u0259s bil\u0259n, q\u0259lbl\u0259ri do\u011fma yurda sevgi il\u0259 dolu, \u0259n\u0259n\u0259l\u0259rimiz\u0259 sadiq, saf \u0259qid\u0259li \u00f6vladlar yeti\u015fdirirl\u0259r. Haqq i\u015fi u\u011frunda apard\u0131\u011f\u0131m\u0131z V\u0259t\u0259n m\u00fcharib\u0259sind\u0259 xalq\u0131m\u0131za parlaq q\u0259l\u0259b\u0259 sevinci ya\u015fadan g\u0259ncl\u0259rimizin unudulmaz r\u0259\u015fad\u0259ti bunun ayd\u0131n t\u0259zah\u00fcr\u00fcd\u00fcr\u201d. &nbsp; AZ\u018fRTAC x\u0259b\u0259r verir ki, bu fikirl\u0259r Prezident \u0130lham \u018fliyevin 8 Mart \u2013 Beyn\u0259lxalq Qad\u0131nlar G\u00fcn\u00fc m\u00fcnasib\u0259til\u0259 Az\u0259rbaycan qad\u0131nlar\u0131na \u00fcnvanlad\u0131\u011f\u0131 t\u0259brikd\u0259 yer al\u0131b. &nbsp; T\u0259brikd\u0259 deyilir: \u201c\u0130nan\u0131ram ki, z\u0259ngin m\u0259n\u0259viyyatl\u0131 Az\u0259rbaycan qad\u0131nlar\u0131 qar\u015f\u0131dak\u0131 ill\u0259rd\u0259 d\u0259 qurub-yaratmaq \u015f\u00f6vql\u0259ri il\u0259 c\u0259miyy\u0259t h\u0259yat\u0131na y\u00fcks\u0259k d\u0259y\u0259rl\u0259r b\u0259x\u015f ed\u0259c\u0259k v\u0259 m\u00fcst\u0259qillik salnam\u0259miz\u0259&hellip;<\/p>\n","protected":false},"author":2,"featured_media":573042,"comment_status":"closed","ping_status":"closed","sticky":false,"template":"","format":"standard","meta":{"om_disable_all_campaigns":false,"_monsterinsights_skip_tracking":false,"_monsterinsights_sitenote_active":false,"_monsterinsights_sitenote_note":"","_monsterinsights_sitenote_category":0},"categories":[4],"tags":[],"aioseo_notices":[],"gutentor_comment":0,"rttpg_featured_image_url":{"full":["https:\/\/arantv.az\/wp-content\/uploads\/2023\/03\/124460-2.jpg",620,413,false],"landscape":["https:\/\/arantv.az\/wp-content\/uploads\/2023\/03\/124460-2.jpg",620,413,false],"portraits":["https:\/\/arantv.az\/wp-content\/uploads\/2023\/03\/124460-2.jpg",620,413,false],"thumbnail":["https:\/\/arantv.az\/wp-content\/uploads\/2023\/03\/124460-2-500x280.jpg",500,280,true],"medium":["https:\/\/arantv.az\/wp-content\/uploads\/2023\/03\/124460-2-548x365.jpg",548,365,true],"large":["https:\/\/arantv.az\/wp-content\/uploads\/2023\/03\/124460-2.jpg",620,413,false],"1536x1536":["https:\/\/arantv.az\/wp-content\/uploads\/2023\/03\/124460-2.jpg",620,413,false],"2048x2048":["https:\/\/arantv.az\/wp-content\/uploads\/2023\/03\/124460-2.jpg",620,413,false],"post-thumbnail":["https:\/\/arantv.az\/wp-content\/uploads\/2023\/03\/124460-2-240x172.jpg",240,172,true],"advps-thumb-one":["https:\/\/arantv.az\/wp-content\/uploads\/2023\/03\/124460-2.jpg",620,413,false]},"rttpg_author":{"display_name":"V\u00fcsal Rafiqo\u011flu","author_link":"https:\/\/arantv.az\/?author=2"},"rttpg_comment":0,"rttpg_category":"<a href=\"https:\/\/arantv.az\/?cat=4\" rel=\"category\">Siyas\u0259t<\/a>","rttpg_excerpt":"\u201cF\u0259dakar analar\u0131m\u0131z, y\u00fcz ill\u0259r \u0259vv\u0259l oldu\u011fu kimi, v\u0259t\u0259ni ana q\u0259d\u0259r \u0259ziz v\u0259 m\u00fcq\u0259dd\u0259s bil\u0259n, q\u0259lbl\u0259ri do\u011fma yurda sevgi il\u0259 dolu, \u0259n\u0259n\u0259l\u0259rimiz\u0259 sadiq, saf \u0259qid\u0259li \u00f6vladlar yeti\u015fdirirl\u0259r. Haqq i\u015fi u\u011frunda apard\u0131\u011f\u0131m\u0131z V\u0259t\u0259n m\u00fcharib\u0259sind\u0259 xalq\u0131m\u0131za parlaq q\u0259l\u0259b\u0259 sevinci ya\u015fadan g\u0259ncl\u0259rimizin unudulmaz r\u0259\u015fad\u0259ti bunun ayd\u0131n t\u0259zah\u00fcr\u00fcd\u00fcr\u201d. &nbsp; AZ\u018fRTAC x\u0259b\u0259r verir ki, bu fikirl\u0259r Prezident \u0130lham \u018fliyevin 8 Mart&hellip;","_links":{"self":[{"href":"https:\/\/arantv.az\/index.php?rest_route=\/wp\/v2\/posts\/573286"}],"collection":[{"href":"https:\/\/arantv.az\/index.php?rest_route=\/wp\/v2\/posts"}],"about":[{"href":"https:\/\/arantv.az\/index.php?rest_route=\/wp\/v2\/types\/post"}],"author":[{"embeddable":true,"href":"https:\/\/arantv.az\/index.php?rest_route=\/wp\/v2\/users\/2"}],"replies":[{"embeddable":true,"href":"https:\/\/arantv.az\/index.php?rest_route=%2Fwp%2Fv2%2Fcomments&post=573286"}],"version-history":[{"count":0,"href":"https:\/\/arantv.az\/index.php?rest_route=\/wp\/v2\/posts\/573286\/revisions"}],"wp:featuredmedia":[{"embeddable":true,"href":"https:\/\/arantv.az\/index.php?rest_route=\/wp\/v2\/media\/573042"}],"wp:attachment":[{"href":"https:\/\/arantv.az\/index.php?rest_route=%2Fwp%2Fv2%2Fmedia&parent=573286"}],"wp:term":[{"taxonomy":"category","embeddable":true,"href":"https:\/\/arantv.az\/index.php?rest_route=%2Fwp%2Fv2%2Fcategories&post=573286"},{"taxonomy":"post_tag","embeddable":true,"href":"https:\/\/arantv.az\/index.php?rest_route=%2Fwp%2Fv2%2Ftags&post=573286"}],"curies":[{"name":"wp","href":"https:\/\/api.w.org\/{rel}","templated":true}]}}