{"id":573288,"date":"2023-03-06T20:54:09","date_gmt":"2023-03-06T17:54:09","guid":{"rendered":"https:\/\/arantv.az\/?p=573288"},"modified":"2023-03-06T20:54:09","modified_gmt":"2023-03-06T17:54:09","slug":"prezident-az%c9%99rbaycan-qadinlari-kecmisimizin-taleyuklu-anlarinda-v%c9%99zif%c9%99l%c9%99rinin-ohd%c9%99sind%c9%99n-layiqinc%c9%99-g%c9%99libl%c9%99r","status":"publish","type":"post","link":"https:\/\/arantv.az\/?p=573288","title":{"rendered":"Prezident: \u201cAz\u0259rbaycan qad\u0131nlar\u0131 ke\u00e7mi\u015fimizin taley\u00fckl\u00fc anlar\u0131nda v\u0259zif\u0259l\u0259rinin \u00f6hd\u0259sind\u0259n layiqinc\u0259 g\u0259libl\u0259r\u201d"},"content":{"rendered":"<p>\u201cXalq\u0131m\u0131z \u00e7ox\u0259srlik tarixinin b\u00fct\u00fcn d\u00f6vrl\u0259rind\u0259 qad\u0131n\u0131 \u00fclviyy\u0259tin t\u0259c\u0259ss\u00fcm\u00fc say\u0131b v\u0259 ona h\u0259r zaman d\u0259rin ehtiram g\u00f6st\u0259rib\u201d.<\/p>\n<p>&nbsp;<\/p>\n<p>AZ\u018fRTAC x\u0259b\u0259r verir ki, bu fikir Prezident \u0130lham \u018fliyevin 8 Mart \u2013 Beyn\u0259lxalq Qad\u0131nlar G\u00fcn\u00fc m\u00fcnasib\u0259til\u0259 Az\u0259rbaycan qad\u0131nlar\u0131na t\u0259brikind\u0259 yer al\u0131b.<\/p>\n<p>&nbsp;<\/p>\n<p>Az\u0259rbaycan qad\u0131nlar\u0131n\u0131n ke\u00e7mi\u015fimizin taley\u00fckl\u00fc, h\u0259lledici anlar\u0131nda v\u0259zif\u0259l\u0259rinin \u00f6hd\u0259sind\u0259n daim layiqinc\u0259 g\u0259ldikl\u0259rini vur\u011fulayan d\u00f6vl\u0259timizin ba\u015f\u00e7\u0131s\u0131 qeyd edib ki, b\u0259\u015f\u0259r m\u0259d\u0259niyy\u0259ti x\u0259zin\u0259sin\u0259 t\u00f6hf\u0259miz olan milli-m\u0259n\u0259vi d\u0259y\u0259rl\u0259rimizin bir b\u00fct\u00f6v hal\u0131nda qorunub saxlan\u0131lmas\u0131nda onlar\u0131n misilsiz xidm\u0259tl\u0259ri var.<\/p>\n","protected":false},"excerpt":{"rendered":"<p>\u201cXalq\u0131m\u0131z \u00e7ox\u0259srlik tarixinin b\u00fct\u00fcn d\u00f6vrl\u0259rind\u0259 qad\u0131n\u0131 \u00fclviyy\u0259tin t\u0259c\u0259ss\u00fcm\u00fc say\u0131b v\u0259 ona h\u0259r zaman d\u0259rin ehtiram g\u00f6st\u0259rib\u201d. &nbsp; AZ\u018fRTAC x\u0259b\u0259r verir ki, bu fikir Prezident \u0130lham \u018fliyevin 8 Mart \u2013 Beyn\u0259lxalq Qad\u0131nlar G\u00fcn\u00fc m\u00fcnasib\u0259til\u0259 Az\u0259rbaycan qad\u0131nlar\u0131na t\u0259brikind\u0259 yer al\u0131b. &nbsp; Az\u0259rbaycan qad\u0131nlar\u0131n\u0131n ke\u00e7mi\u015fimizin taley\u00fckl\u00fc, h\u0259lledici anlar\u0131nda v\u0259zif\u0259l\u0259rinin \u00f6hd\u0259sind\u0259n daim layiqinc\u0259 g\u0259ldikl\u0259rini vur\u011fulayan d\u00f6vl\u0259timizin ba\u015f\u00e7\u0131s\u0131 qeyd edib ki, b\u0259\u015f\u0259r m\u0259d\u0259niyy\u0259ti x\u0259zin\u0259sin\u0259 t\u00f6hf\u0259miz olan milli-m\u0259n\u0259vi d\u0259y\u0259rl\u0259rimizin bir b\u00fct\u00f6v hal\u0131nda qorunub saxlan\u0131lmas\u0131nda onlar\u0131n misilsiz xidm\u0259tl\u0259ri var.<\/p>\n","protected":false},"author":2,"featured_media":571538,"comment_status":"closed","ping_status":"closed","sticky":false,"template":"","format":"standard","meta":{"om_disable_all_campaigns":false,"_monsterinsights_skip_tracking":false,"_monsterinsights_sitenote_active":false,"_monsterinsights_sitenote_note":"","_monsterinsights_sitenote_category":0},"categories":[4],"tags":[],"aioseo_notices":[],"gutentor_comment":0,"rttpg_featured_image_url":{"full":["https:\/\/arantv.az\/wp-content\/uploads\/2023\/03\/ilham-aliyev.jpg",620,413,false],"landscape":["https:\/\/arantv.az\/wp-content\/uploads\/2023\/03\/ilham-aliyev.jpg",620,413,false],"portraits":["https:\/\/arantv.az\/wp-content\/uploads\/2023\/03\/ilham-aliyev.jpg",620,413,false],"thumbnail":["https:\/\/arantv.az\/wp-content\/uploads\/2023\/03\/ilham-aliyev-500x280.jpg",500,280,true],"medium":["https:\/\/arantv.az\/wp-content\/uploads\/2023\/03\/ilham-aliyev-548x365.jpg",548,365,true],"large":["https:\/\/arantv.az\/wp-content\/uploads\/2023\/03\/ilham-aliyev.jpg",620,413,false],"1536x1536":["https:\/\/arantv.az\/wp-content\/uploads\/2023\/03\/ilham-aliyev.jpg",620,413,false],"2048x2048":["https:\/\/arantv.az\/wp-content\/uploads\/2023\/03\/ilham-aliyev.jpg",620,413,false],"post-thumbnail":["https:\/\/arantv.az\/wp-content\/uploads\/2023\/03\/ilham-aliyev-240x172.jpg",240,172,true],"advps-thumb-one":["https:\/\/arantv.az\/wp-content\/uploads\/2023\/03\/ilham-aliyev.jpg",620,413,false]},"rttpg_author":{"display_name":"V\u00fcsal Rafiqo\u011flu","author_link":"https:\/\/arantv.az\/?author=2"},"rttpg_comment":0,"rttpg_category":"<a href=\"https:\/\/arantv.az\/?cat=4\" rel=\"category\">Siyas\u0259t<\/a>","rttpg_excerpt":"\u201cXalq\u0131m\u0131z \u00e7ox\u0259srlik tarixinin b\u00fct\u00fcn d\u00f6vrl\u0259rind\u0259 qad\u0131n\u0131 \u00fclviyy\u0259tin t\u0259c\u0259ss\u00fcm\u00fc say\u0131b v\u0259 ona h\u0259r zaman d\u0259rin ehtiram g\u00f6st\u0259rib\u201d. &nbsp; AZ\u018fRTAC x\u0259b\u0259r verir ki, bu fikir Prezident \u0130lham \u018fliyevin 8 Mart \u2013 Beyn\u0259lxalq Qad\u0131nlar G\u00fcn\u00fc m\u00fcnasib\u0259til\u0259 Az\u0259rbaycan qad\u0131nlar\u0131na t\u0259brikind\u0259 yer al\u0131b. &nbsp; Az\u0259rbaycan qad\u0131nlar\u0131n\u0131n ke\u00e7mi\u015fimizin taley\u00fckl\u00fc, h\u0259lledici anlar\u0131nda v\u0259zif\u0259l\u0259rinin \u00f6hd\u0259sind\u0259n daim layiqinc\u0259 g\u0259ldikl\u0259rini vur\u011fulayan d\u00f6vl\u0259timizin ba\u015f\u00e7\u0131s\u0131 qeyd edib&hellip;","_links":{"self":[{"href":"https:\/\/arantv.az\/index.php?rest_route=\/wp\/v2\/posts\/573288"}],"collection":[{"href":"https:\/\/arantv.az\/index.php?rest_route=\/wp\/v2\/posts"}],"about":[{"href":"https:\/\/arantv.az\/index.php?rest_route=\/wp\/v2\/types\/post"}],"author":[{"embeddable":true,"href":"https:\/\/arantv.az\/index.php?rest_route=\/wp\/v2\/users\/2"}],"replies":[{"embeddable":true,"href":"https:\/\/arantv.az\/index.php?rest_route=%2Fwp%2Fv2%2Fcomments&post=573288"}],"version-history":[{"count":0,"href":"https:\/\/arantv.az\/index.php?rest_route=\/wp\/v2\/posts\/573288\/revisions"}],"wp:featuredmedia":[{"embeddable":true,"href":"https:\/\/arantv.az\/index.php?rest_route=\/wp\/v2\/media\/571538"}],"wp:attachment":[{"href":"https:\/\/arantv.az\/index.php?rest_route=%2Fwp%2Fv2%2Fmedia&parent=573288"}],"wp:term":[{"taxonomy":"category","embeddable":true,"href":"https:\/\/arantv.az\/index.php?rest_route=%2Fwp%2Fv2%2Fcategories&post=573288"},{"taxonomy":"post_tag","embeddable":true,"href":"https:\/\/arantv.az\/index.php?rest_route=%2Fwp%2Fv2%2Ftags&post=573288"}],"curies":[{"name":"wp","href":"https:\/\/api.w.org\/{rel}","templated":true}]}}