{"id":573290,"date":"2023-03-06T20:56:21","date_gmt":"2023-03-06T17:56:21","guid":{"rendered":"https:\/\/arantv.az\/?p=573290"},"modified":"2023-03-06T20:56:21","modified_gmt":"2023-03-06T17:56:21","slug":"prezident-az%c9%99rbaycan-xanimlari-c%c9%99miyy%c9%99timizin-inkisafina-xususi-dinamizm-v%c9%99-ah%c9%99ngdarliq-qatirlar","status":"publish","type":"post","link":"https:\/\/arantv.az\/?p=573290","title":{"rendered":"Prezident: \u201cAz\u0259rbaycan xan\u0131mlar\u0131 c\u0259miyy\u0259timizin inki\u015faf\u0131na x\u00fcsusi dinamizm v\u0259 ah\u0259ngdarl\u0131q qat\u0131rlar\u201d"},"content":{"rendered":"<p>\u201cAz\u0259rbaycan qad\u0131nlar\u0131 d\u00fcnyan\u0131n bir s\u0131ra qabaqc\u0131l \u00f6lk\u0259l\u0259rinin qad\u0131nlar\u0131ndan \u0259vv\u0259l se\u00e7ib-se\u00e7ilm\u0259k h\u00fcququ qazanm\u0131\u015f, inc\u0259s\u0259n\u0259tin v\u0259 elmin \u0259n m\u00fcxt\u0259lif istiqam\u0259tl\u0259ri \u00fczr\u0259 m\u00fcs\u0259lman \u015e\u0259rqind\u0259 qad\u0131nlar aras\u0131nda ilk add\u0131mlar\u0131 atmaqla qabaqc\u0131l d\u00fc\u015f\u00fcnc\u0259li, yenilik\u00e7i v\u0259 m\u00fct\u0259r\u0259qqi ruhlu olduqlar\u0131n\u0131 s\u00fcbuta yetirmi\u015fl\u0259r\u201d.<\/p>\n<p>&nbsp;<\/p>\n<p>AZ\u018fRTAC x\u0259b\u0259r verir ki, bu bar\u0259d\u0259 Prezident \u0130lham \u018fliyevin 8 Mart \u2013 Beyn\u0259lxalq Qad\u0131nlar G\u00fcn\u00fc m\u00fcnasib\u0259til\u0259 Az\u0259rbaycan qad\u0131nlar\u0131na \u00fcnvanlad\u0131\u011f\u0131 t\u0259brikd\u0259 deyilir.<\/p>\n<p>&nbsp;<\/p>\n<p>D\u00f6vl\u0259timizin ba\u015f\u00e7\u0131s\u0131 qad\u0131nlar\u0131n \u00f6lk\u0259mizin, x\u00fcsus\u0259n t\u0259hsil, s\u0259hiyy\u0259 v\u0259 m\u0259d\u0259niyy\u0259t sisteml\u0259rinin m\u00fcasir \u0259saslar \u00fcz\u0259rind\u0259 qurulmas\u0131 \u00fc\u00e7\u00fcn b\u00f6y\u00fck \u0259zml\u0259 \u00e7al\u0131\u015fd\u0131qlar\u0131n\u0131, \u00f6t\u0259n m\u00fcdd\u0259t \u0259rzind\u0259 m\u00fch\u00fcm nailiyy\u0259tl\u0259r \u0259ld\u0259 etdikl\u0259rini diqq\u0259t\u0259 \u00e7atd\u0131r\u0131b.<\/p>\n<p>&nbsp;<\/p>\n<p>\u201c\u018fd\u0259bi-ictimai v\u0259 m\u0259d\u0259ni-elmi fikir tariximizd\u0259 iz buraxm\u0131\u015f maarifp\u0259rv\u0259r s\u0259l\u0259fl\u0259rinin adlar\u0131n\u0131 uca tutan v\u0259 n\u0259sill\u0259rin varisliyi prinsipin\u0259 sadiq qalaraq onlar\u0131n a\u00e7d\u0131qlar\u0131 yolda inamla ir\u0259lil\u0259y\u0259n Az\u0259rbaycan xan\u0131mlar\u0131 bu g\u00fcn d\u0259 dol\u011fun sosial-m\u0259d\u0259ni f\u0259aliyy\u0259tl\u0259ri il\u0259 c\u0259miyy\u0259timizin inki\u015faf\u0131na x\u00fcsusi dinamizm v\u0259 ah\u0259ngdarl\u0131q qat\u0131rlar\u201d , &#8211; dey\u0259 t\u0259brikd\u0259 vur\u011fulan\u0131b.<\/p>\n","protected":false},"excerpt":{"rendered":"<p>\u201cAz\u0259rbaycan qad\u0131nlar\u0131 d\u00fcnyan\u0131n bir s\u0131ra qabaqc\u0131l \u00f6lk\u0259l\u0259rinin qad\u0131nlar\u0131ndan \u0259vv\u0259l se\u00e7ib-se\u00e7ilm\u0259k h\u00fcququ qazanm\u0131\u015f, inc\u0259s\u0259n\u0259tin v\u0259 elmin \u0259n m\u00fcxt\u0259lif istiqam\u0259tl\u0259ri \u00fczr\u0259 m\u00fcs\u0259lman \u015e\u0259rqind\u0259 qad\u0131nlar aras\u0131nda ilk add\u0131mlar\u0131 atmaqla qabaqc\u0131l d\u00fc\u015f\u00fcnc\u0259li, yenilik\u00e7i v\u0259 m\u00fct\u0259r\u0259qqi ruhlu olduqlar\u0131n\u0131 s\u00fcbuta yetirmi\u015fl\u0259r\u201d. &nbsp; AZ\u018fRTAC x\u0259b\u0259r verir ki, bu bar\u0259d\u0259 Prezident \u0130lham \u018fliyevin 8 Mart \u2013 Beyn\u0259lxalq Qad\u0131nlar G\u00fcn\u00fc m\u00fcnasib\u0259til\u0259 Az\u0259rbaycan qad\u0131nlar\u0131na \u00fcnvanlad\u0131\u011f\u0131 t\u0259brikd\u0259 deyilir. &nbsp; D\u00f6vl\u0259timizin ba\u015f\u00e7\u0131s\u0131 qad\u0131nlar\u0131n \u00f6lk\u0259mizin, x\u00fcsus\u0259n t\u0259hsil, s\u0259hiyy\u0259 v\u0259 m\u0259d\u0259niyy\u0259t sisteml\u0259rinin m\u00fcasir \u0259saslar \u00fcz\u0259rind\u0259 qurulmas\u0131 \u00fc\u00e7\u00fcn b\u00f6y\u00fck \u0259zml\u0259 \u00e7al\u0131\u015fd\u0131qlar\u0131n\u0131, \u00f6t\u0259n m\u00fcdd\u0259t \u0259rzind\u0259 m\u00fch\u00fcm nailiyy\u0259tl\u0259r \u0259ld\u0259 etdikl\u0259rini diqq\u0259t\u0259 \u00e7atd\u0131r\u0131b. &nbsp; \u201c\u018fd\u0259bi-ictimai v\u0259 m\u0259d\u0259ni-elmi fikir&hellip;<\/p>\n","protected":false},"author":2,"featured_media":504849,"comment_status":"closed","ping_status":"closed","sticky":false,"template":"","format":"standard","meta":{"om_disable_all_campaigns":false,"_monsterinsights_skip_tracking":false,"_monsterinsights_sitenote_active":false,"_monsterinsights_sitenote_note":"","_monsterinsights_sitenote_category":0},"categories":[4],"tags":[],"aioseo_notices":[],"gutentor_comment":0,"rttpg_featured_image_url":{"full":["https:\/\/arantv.az\/wp-content\/uploads\/2022\/08\/ilham_aliyev_president_291217_3.jpg",620,465,false],"landscape":["https:\/\/arantv.az\/wp-content\/uploads\/2022\/08\/ilham_aliyev_president_291217_3.jpg",620,465,false],"portraits":["https:\/\/arantv.az\/wp-content\/uploads\/2022\/08\/ilham_aliyev_president_291217_3.jpg",620,465,false],"thumbnail":["https:\/\/arantv.az\/wp-content\/uploads\/2022\/08\/ilham_aliyev_president_291217_3-500x280.jpg",500,280,true],"medium":["https:\/\/arantv.az\/wp-content\/uploads\/2022\/08\/ilham_aliyev_president_291217_3-487x365.jpg",487,365,true],"large":["https:\/\/arantv.az\/wp-content\/uploads\/2022\/08\/ilham_aliyev_president_291217_3.jpg",620,465,false],"1536x1536":["https:\/\/arantv.az\/wp-content\/uploads\/2022\/08\/ilham_aliyev_president_291217_3.jpg",620,465,false],"2048x2048":["https:\/\/arantv.az\/wp-content\/uploads\/2022\/08\/ilham_aliyev_president_291217_3.jpg",620,465,false],"post-thumbnail":["https:\/\/arantv.az\/wp-content\/uploads\/2022\/08\/ilham_aliyev_president_291217_3-240x172.jpg",240,172,true],"advps-thumb-one":["https:\/\/arantv.az\/wp-content\/uploads\/2022\/08\/ilham_aliyev_president_291217_3.jpg",620,465,false]},"rttpg_author":{"display_name":"V\u00fcsal Rafiqo\u011flu","author_link":"https:\/\/arantv.az\/?author=2"},"rttpg_comment":0,"rttpg_category":"<a href=\"https:\/\/arantv.az\/?cat=4\" rel=\"category\">Siyas\u0259t<\/a>","rttpg_excerpt":"\u201cAz\u0259rbaycan qad\u0131nlar\u0131 d\u00fcnyan\u0131n bir s\u0131ra qabaqc\u0131l \u00f6lk\u0259l\u0259rinin qad\u0131nlar\u0131ndan \u0259vv\u0259l se\u00e7ib-se\u00e7ilm\u0259k h\u00fcququ qazanm\u0131\u015f, inc\u0259s\u0259n\u0259tin v\u0259 elmin \u0259n m\u00fcxt\u0259lif istiqam\u0259tl\u0259ri \u00fczr\u0259 m\u00fcs\u0259lman \u015e\u0259rqind\u0259 qad\u0131nlar aras\u0131nda ilk add\u0131mlar\u0131 atmaqla qabaqc\u0131l d\u00fc\u015f\u00fcnc\u0259li, yenilik\u00e7i v\u0259 m\u00fct\u0259r\u0259qqi ruhlu olduqlar\u0131n\u0131 s\u00fcbuta yetirmi\u015fl\u0259r\u201d. &nbsp; AZ\u018fRTAC x\u0259b\u0259r verir ki, bu bar\u0259d\u0259 Prezident \u0130lham \u018fliyevin 8 Mart \u2013 Beyn\u0259lxalq Qad\u0131nlar G\u00fcn\u00fc m\u00fcnasib\u0259til\u0259 Az\u0259rbaycan qad\u0131nlar\u0131na \u00fcnvanlad\u0131\u011f\u0131&hellip;","_links":{"self":[{"href":"https:\/\/arantv.az\/index.php?rest_route=\/wp\/v2\/posts\/573290"}],"collection":[{"href":"https:\/\/arantv.az\/index.php?rest_route=\/wp\/v2\/posts"}],"about":[{"href":"https:\/\/arantv.az\/index.php?rest_route=\/wp\/v2\/types\/post"}],"author":[{"embeddable":true,"href":"https:\/\/arantv.az\/index.php?rest_route=\/wp\/v2\/users\/2"}],"replies":[{"embeddable":true,"href":"https:\/\/arantv.az\/index.php?rest_route=%2Fwp%2Fv2%2Fcomments&post=573290"}],"version-history":[{"count":0,"href":"https:\/\/arantv.az\/index.php?rest_route=\/wp\/v2\/posts\/573290\/revisions"}],"wp:featuredmedia":[{"embeddable":true,"href":"https:\/\/arantv.az\/index.php?rest_route=\/wp\/v2\/media\/504849"}],"wp:attachment":[{"href":"https:\/\/arantv.az\/index.php?rest_route=%2Fwp%2Fv2%2Fmedia&parent=573290"}],"wp:term":[{"taxonomy":"category","embeddable":true,"href":"https:\/\/arantv.az\/index.php?rest_route=%2Fwp%2Fv2%2Fcategories&post=573290"},{"taxonomy":"post_tag","embeddable":true,"href":"https:\/\/arantv.az\/index.php?rest_route=%2Fwp%2Fv2%2Ftags&post=573290"}],"curies":[{"name":"wp","href":"https:\/\/api.w.org\/{rel}","templated":true}]}}