{"id":573300,"date":"2023-03-07T06:55:18","date_gmt":"2023-03-07T03:55:18","guid":{"rendered":"https:\/\/arantv.az\/?p=573300"},"modified":"2023-03-07T06:55:18","modified_gmt":"2023-03-07T03:55:18","slug":"mudafi%c9%99-nazirliyind%c9%99n-erm%c9%99nistana-qisas-%c9%99m%c9%99liyyati-bar%c9%99d%c9%99-xatirlatma","status":"publish","type":"post","link":"https:\/\/arantv.az\/?p=573300","title":{"rendered":"M\u00fcdafi\u0259 Nazirliyind\u0259n Erm\u0259nistana \u201cQisas\u201d \u0259m\u0259liyyat\u0131 bar\u0259d\u0259 xat\u0131rlatma"},"content":{"rendered":"<p>\u201cErm\u0259nistan t\u0259r\u0259find\u0259n Az\u0259rbaycana qar\u015f\u0131 apar\u0131lan mina terroru siyas\u0259ti h\u0259l\u0259 d\u0259 davam etdirilir. D\u0259f\u0259l\u0259rl\u0259 t\u0259r\u0259fimizd\u0259n x\u0259b\u0259rdarl\u0131q edilm\u0259sin\u0259 baxmayaraq,\u00a0qanunsuz yollarla Az\u0259rbaycana da\u015f\u0131nan v\u0259 \u0259razimizd\u0259 basd\u0131r\u0131lan minalar\u0131n qurban\u0131 m\u00fclki v\u0259t\u0259nda\u015flar\u0131m\u0131z v\u0259 h\u0259rbi qulluq\u00e7ular\u0131m\u0131z olur\u201d.<\/p>\n<div class=\"AdviadNativeVideo\"><\/div>\n<p>Bu bar\u0259d\u0259 M\u00fcdafi\u0259 Nazirliyinin yayd\u0131\u011f\u0131 m\u0259lumatda qeyd olunub.<\/p>\n<p>Bildirilib ki, mart\u0131n 4-d\u0259 Qaraba\u011f iqtisadi rayonunda ba\u015f vermi\u015f mina partlay\u0131\u015f\u0131 n\u0259tic\u0259sind\u0259 daha bir h\u0259rbi qulluq\u00e7umuz \u015f\u0259hid olub:<\/p>\n<p>\u201c2021-ci ild\u0259 Erm\u0259nistanda istehsal olunan minalar\u0131n La\u00e7\u0131n yolundan istifad\u0259 edil\u0259r\u0259k k\u00fctl\u0259vi \u015f\u0259kild\u0259 Az\u0259rbaycan \u0259razil\u0259rin\u0259 g\u0259tirilm\u0259si v\u0259 basd\u0131r\u0131lmas\u0131 faktlar\u0131 m\u00fc\u0259yy\u0259n olunub, T\u00fcrkiy\u0259-Rusiya birg\u0259 monitorinq m\u0259rk\u0259zinin n\u00fcmay\u0259nd\u0259l\u0259rinin v\u0259 h\u0259rbi atta\u015fel\u0259rin h\u0259min \u0259raziy\u0259 faktara\u015fd\u0131r\u0131c\u0131 s\u0259f\u0259ri t\u0259\u015fkil olunub. Erm\u0259nistan\u0131n v\u0259 qanunsuz erm\u0259ni h\u0259rbi birl\u0259\u015fm\u0259l\u0259rinin bu kimi \u0259m\u0259ll\u0259rin\u0259 v\u0259 h\u0259rbi qulluq\u00e7umuzun \u015f\u0259hid olmas\u0131na cavab olaraq 2022-ci ilin avqust ay\u0131nda Az\u0259rbaycan Ordusu t\u0259r\u0259find\u0259n \u201cQisas\u201d \u0259m\u0259liyyat\u0131 h\u0259yata ke\u00e7irilib. Bir daha x\u0259b\u0259rdarl\u0131q edirik ki, Erm\u0259nistan t\u0259r\u0259find\u0259n Az\u0259rbaycan \u0259razisin\u0259 h\u0259rbi t\u0259yinatl\u0131 y\u00fckl\u0259rin da\u015f\u0131nmas\u0131na, Erm\u0259nistan silahl\u0131 q\u00fcvv\u0259l\u0259rinin \u015f\u0259xsi hey\u0259tinin g\u00f6nd\u0259rilm\u0259sin\u0259 v\u0259 rotasiyas\u0131na d\u0259rhal v\u0259 bird\u0259f\u0259lik son qoyulmal\u0131, Erm\u0259nistan qo\u015funlar\u0131 \u00f6lk\u0259mizin \u0259razisind\u0259n tam \u00e7\u0131xar\u0131lmal\u0131d\u0131r. \u018fks t\u0259qdird\u0259 Az\u0259rbaycan t\u0259r\u0259fi b\u00fct\u00fcn imkanlardan istifad\u0259 etm\u0259kl\u0259 qeyri-qanuni silahl\u0131lar\u0131n t\u0259rksilah edilm\u0259si v\u0259 z\u0259r\u0259rsizl\u0259\u015fdirilm\u0259si istiqam\u0259tind\u0259 q\u0259ti z\u0259ruri t\u0259dbirl\u0259r g\u00f6rm\u0259k m\u0259cburiyy\u0259tind\u0259 qalacaqd\u0131r\u201d.<\/p>\n","protected":false},"excerpt":{"rendered":"<p>\u201cErm\u0259nistan t\u0259r\u0259find\u0259n Az\u0259rbaycana qar\u015f\u0131 apar\u0131lan mina terroru siyas\u0259ti h\u0259l\u0259 d\u0259 davam etdirilir. D\u0259f\u0259l\u0259rl\u0259 t\u0259r\u0259fimizd\u0259n x\u0259b\u0259rdarl\u0131q edilm\u0259sin\u0259 baxmayaraq,\u00a0qanunsuz yollarla Az\u0259rbaycana da\u015f\u0131nan v\u0259 \u0259razimizd\u0259 basd\u0131r\u0131lan minalar\u0131n qurban\u0131 m\u00fclki v\u0259t\u0259nda\u015flar\u0131m\u0131z v\u0259 h\u0259rbi qulluq\u00e7ular\u0131m\u0131z olur\u201d. Bu bar\u0259d\u0259 M\u00fcdafi\u0259 Nazirliyinin yayd\u0131\u011f\u0131 m\u0259lumatda qeyd olunub. Bildirilib ki, mart\u0131n 4-d\u0259 Qaraba\u011f iqtisadi rayonunda ba\u015f vermi\u015f mina partlay\u0131\u015f\u0131 n\u0259tic\u0259sind\u0259 daha bir h\u0259rbi qulluq\u00e7umuz \u015f\u0259hid olub: \u201c2021-ci ild\u0259 Erm\u0259nistanda istehsal olunan minalar\u0131n La\u00e7\u0131n yolundan istifad\u0259 edil\u0259r\u0259k k\u00fctl\u0259vi \u015f\u0259kild\u0259 Az\u0259rbaycan \u0259razil\u0259rin\u0259 g\u0259tirilm\u0259si v\u0259 basd\u0131r\u0131lmas\u0131 faktlar\u0131 m\u00fc\u0259yy\u0259n olunub, T\u00fcrkiy\u0259-Rusiya birg\u0259 monitorinq m\u0259rk\u0259zinin n\u00fcmay\u0259nd\u0259l\u0259rinin v\u0259 h\u0259rbi atta\u015fel\u0259rin h\u0259min \u0259raziy\u0259 faktara\u015fd\u0131r\u0131c\u0131 s\u0259f\u0259ri t\u0259\u015fkil&hellip;<\/p>\n","protected":false},"author":2,"featured_media":573301,"comment_status":"closed","ping_status":"closed","sticky":false,"template":"","format":"standard","meta":{"om_disable_all_campaigns":false,"_monsterinsights_skip_tracking":false,"_monsterinsights_sitenote_active":false,"_monsterinsights_sitenote_note":"","_monsterinsights_sitenote_category":0},"categories":[4],"tags":[],"aioseo_notices":[],"gutentor_comment":0,"rttpg_featured_image_url":{"full":["https:\/\/arantv.az\/wp-content\/uploads\/2023\/03\/FotoJet-2023-03-06T232024.093.jpg",620,413,false],"landscape":["https:\/\/arantv.az\/wp-content\/uploads\/2023\/03\/FotoJet-2023-03-06T232024.093.jpg",620,413,false],"portraits":["https:\/\/arantv.az\/wp-content\/uploads\/2023\/03\/FotoJet-2023-03-06T232024.093.jpg",620,413,false],"thumbnail":["https:\/\/arantv.az\/wp-content\/uploads\/2023\/03\/FotoJet-2023-03-06T232024.093-500x280.jpg",500,280,true],"medium":["https:\/\/arantv.az\/wp-content\/uploads\/2023\/03\/FotoJet-2023-03-06T232024.093-548x365.jpg",548,365,true],"large":["https:\/\/arantv.az\/wp-content\/uploads\/2023\/03\/FotoJet-2023-03-06T232024.093.jpg",620,413,false],"1536x1536":["https:\/\/arantv.az\/wp-content\/uploads\/2023\/03\/FotoJet-2023-03-06T232024.093.jpg",620,413,false],"2048x2048":["https:\/\/arantv.az\/wp-content\/uploads\/2023\/03\/FotoJet-2023-03-06T232024.093.jpg",620,413,false],"post-thumbnail":["https:\/\/arantv.az\/wp-content\/uploads\/2023\/03\/FotoJet-2023-03-06T232024.093-240x172.jpg",240,172,true],"advps-thumb-one":["https:\/\/arantv.az\/wp-content\/uploads\/2023\/03\/FotoJet-2023-03-06T232024.093.jpg",620,413,false]},"rttpg_author":{"display_name":"V\u00fcsal Rafiqo\u011flu","author_link":"https:\/\/arantv.az\/?author=2"},"rttpg_comment":0,"rttpg_category":"<a href=\"https:\/\/arantv.az\/?cat=4\" rel=\"category\">Siyas\u0259t<\/a>","rttpg_excerpt":"\u201cErm\u0259nistan t\u0259r\u0259find\u0259n Az\u0259rbaycana qar\u015f\u0131 apar\u0131lan mina terroru siyas\u0259ti h\u0259l\u0259 d\u0259 davam etdirilir. D\u0259f\u0259l\u0259rl\u0259 t\u0259r\u0259fimizd\u0259n x\u0259b\u0259rdarl\u0131q edilm\u0259sin\u0259 baxmayaraq,\u00a0qanunsuz yollarla Az\u0259rbaycana da\u015f\u0131nan v\u0259 \u0259razimizd\u0259 basd\u0131r\u0131lan minalar\u0131n qurban\u0131 m\u00fclki v\u0259t\u0259nda\u015flar\u0131m\u0131z v\u0259 h\u0259rbi qulluq\u00e7ular\u0131m\u0131z olur\u201d. Bu bar\u0259d\u0259 M\u00fcdafi\u0259 Nazirliyinin yayd\u0131\u011f\u0131 m\u0259lumatda qeyd olunub. Bildirilib ki, mart\u0131n 4-d\u0259 Qaraba\u011f iqtisadi rayonunda ba\u015f vermi\u015f mina partlay\u0131\u015f\u0131 n\u0259tic\u0259sind\u0259 daha bir h\u0259rbi qulluq\u00e7umuz&hellip;","_links":{"self":[{"href":"https:\/\/arantv.az\/index.php?rest_route=\/wp\/v2\/posts\/573300"}],"collection":[{"href":"https:\/\/arantv.az\/index.php?rest_route=\/wp\/v2\/posts"}],"about":[{"href":"https:\/\/arantv.az\/index.php?rest_route=\/wp\/v2\/types\/post"}],"author":[{"embeddable":true,"href":"https:\/\/arantv.az\/index.php?rest_route=\/wp\/v2\/users\/2"}],"replies":[{"embeddable":true,"href":"https:\/\/arantv.az\/index.php?rest_route=%2Fwp%2Fv2%2Fcomments&post=573300"}],"version-history":[{"count":0,"href":"https:\/\/arantv.az\/index.php?rest_route=\/wp\/v2\/posts\/573300\/revisions"}],"wp:featuredmedia":[{"embeddable":true,"href":"https:\/\/arantv.az\/index.php?rest_route=\/wp\/v2\/media\/573301"}],"wp:attachment":[{"href":"https:\/\/arantv.az\/index.php?rest_route=%2Fwp%2Fv2%2Fmedia&parent=573300"}],"wp:term":[{"taxonomy":"category","embeddable":true,"href":"https:\/\/arantv.az\/index.php?rest_route=%2Fwp%2Fv2%2Fcategories&post=573300"},{"taxonomy":"post_tag","embeddable":true,"href":"https:\/\/arantv.az\/index.php?rest_route=%2Fwp%2Fv2%2Ftags&post=573300"}],"curies":[{"name":"wp","href":"https:\/\/api.w.org\/{rel}","templated":true}]}}