{"id":573311,"date":"2023-03-07T06:57:33","date_gmt":"2023-03-07T03:57:33","guid":{"rendered":"https:\/\/arantv.az\/?p=573311"},"modified":"2023-03-07T06:57:33","modified_gmt":"2023-03-07T03:57:33","slug":"mn-yaralanan-h%c9%99rbcil%c9%99rimiz%c9%99-sulhm%c9%99ramlilarin-yardim-gost%c9%99rm%c9%99si-x%c9%99b%c9%99ri-yalandir","status":"publish","type":"post","link":"https:\/\/arantv.az\/?p=573311","title":{"rendered":"MN: \u201cYaralanan h\u0259rb\u00e7il\u0259rimiz\u0259 s\u00fclhm\u0259raml\u0131lar\u0131n yard\u0131m g\u00f6st\u0259rm\u0259si x\u0259b\u0259ri yaland\u0131r\u201d"},"content":{"rendered":"<p>\u201c\u0130nsident n\u0259tic\u0259sind\u0259 yaralanan h\u0259rbi qulluq\u00e7ular\u0131m\u0131za Rusiya s\u00fclhm\u0259raml\u0131 kontingentinin n\u00fcmay\u0259nd\u0259l\u0259ri t\u0259r\u0259find\u0259n ilkin tibbi yard\u0131m\u0131n g\u00f6st\u0259rilm\u0259si v\u0259 t\u0259xliy\u0259 edilm\u0259si bar\u0259d\u0259 yay\u0131lan m\u0259lumat\u00a0h\u0259qiq\u0259ti \u0259ks etdirmir\u201d.<\/p>\n<p>Bu bar\u0259d\u0259 Az\u0259rbaycan M\u00fcdafi\u0259 Nazirliyinin m\u0259lumat\u0131nda qeyd olunub.<\/p>\n<p>\u201cSilah-sursatla tam t\u0259chiz olunmu\u015f bu h\u0259rbi qulluq\u00e7ular\u0131n \u201cpasport v\u0259 viza\u201d xidm\u0259ti h\u0259yata ke\u00e7ir\u0259n polis \u0259m\u0259kda\u015flar\u0131 kimi t\u0259qdim edilm\u0259si riyakarl\u0131qdan ba\u015fqa bir \u015fey deyildir\u201d, &#8211; nazirlikd\u0259n vur\u011fulan\u0131b.<\/p>\n","protected":false},"excerpt":{"rendered":"<p>\u201c\u0130nsident n\u0259tic\u0259sind\u0259 yaralanan h\u0259rbi qulluq\u00e7ular\u0131m\u0131za Rusiya s\u00fclhm\u0259raml\u0131 kontingentinin n\u00fcmay\u0259nd\u0259l\u0259ri t\u0259r\u0259find\u0259n ilkin tibbi yard\u0131m\u0131n g\u00f6st\u0259rilm\u0259si v\u0259 t\u0259xliy\u0259 edilm\u0259si bar\u0259d\u0259 yay\u0131lan m\u0259lumat\u00a0h\u0259qiq\u0259ti \u0259ks etdirmir\u201d. Bu bar\u0259d\u0259 Az\u0259rbaycan M\u00fcdafi\u0259 Nazirliyinin m\u0259lumat\u0131nda qeyd olunub. \u201cSilah-sursatla tam t\u0259chiz olunmu\u015f bu h\u0259rbi qulluq\u00e7ular\u0131n \u201cpasport v\u0259 viza\u201d xidm\u0259ti h\u0259yata ke\u00e7ir\u0259n polis \u0259m\u0259kda\u015flar\u0131 kimi t\u0259qdim edilm\u0259si riyakarl\u0131qdan ba\u015fqa bir \u015fey deyildir\u201d, &#8211; nazirlikd\u0259n vur\u011fulan\u0131b.<\/p>\n","protected":false},"author":2,"featured_media":479107,"comment_status":"closed","ping_status":"closed","sticky":false,"template":"","format":"standard","meta":{"om_disable_all_campaigns":false,"_monsterinsights_skip_tracking":false,"_monsterinsights_sitenote_active":false,"_monsterinsights_sitenote_note":"","_monsterinsights_sitenote_category":0},"categories":[10],"tags":[],"aioseo_notices":[],"gutentor_comment":0,"rttpg_featured_image_url":{"full":["https:\/\/arantv.az\/wp-content\/uploads\/2022\/05\/mudafie_nazirliyi_bina_121020.jpg",1000,705,false],"landscape":["https:\/\/arantv.az\/wp-content\/uploads\/2022\/05\/mudafie_nazirliyi_bina_121020.jpg",1000,705,false],"portraits":["https:\/\/arantv.az\/wp-content\/uploads\/2022\/05\/mudafie_nazirliyi_bina_121020.jpg",1000,705,false],"thumbnail":["https:\/\/arantv.az\/wp-content\/uploads\/2022\/05\/mudafie_nazirliyi_bina_121020-500x280.jpg",500,280,true],"medium":["https:\/\/arantv.az\/wp-content\/uploads\/2022\/05\/mudafie_nazirliyi_bina_121020-518x365.jpg",518,365,true],"large":["https:\/\/arantv.az\/wp-content\/uploads\/2022\/05\/mudafie_nazirliyi_bina_121020-840x592.jpg",640,451,true],"1536x1536":["https:\/\/arantv.az\/wp-content\/uploads\/2022\/05\/mudafie_nazirliyi_bina_121020.jpg",1000,705,false],"2048x2048":["https:\/\/arantv.az\/wp-content\/uploads\/2022\/05\/mudafie_nazirliyi_bina_121020.jpg",1000,705,false],"post-thumbnail":["https:\/\/arantv.az\/wp-content\/uploads\/2022\/05\/mudafie_nazirliyi_bina_121020-240x172.jpg",240,172,true],"advps-thumb-one":["https:\/\/arantv.az\/wp-content\/uploads\/2022\/05\/mudafie_nazirliyi_bina_121020-1000x620.jpg",1000,620,true]},"rttpg_author":{"display_name":"V\u00fcsal Rafiqo\u011flu","author_link":"https:\/\/arantv.az\/?author=2"},"rttpg_comment":0,"rttpg_category":"<a href=\"https:\/\/arantv.az\/?cat=10\" rel=\"category\">C\u0259bh\u0259d\u0259n X\u0259b\u0259r<\/a>","rttpg_excerpt":"\u201c\u0130nsident n\u0259tic\u0259sind\u0259 yaralanan h\u0259rbi qulluq\u00e7ular\u0131m\u0131za Rusiya s\u00fclhm\u0259raml\u0131 kontingentinin n\u00fcmay\u0259nd\u0259l\u0259ri t\u0259r\u0259find\u0259n ilkin tibbi yard\u0131m\u0131n g\u00f6st\u0259rilm\u0259si v\u0259 t\u0259xliy\u0259 edilm\u0259si bar\u0259d\u0259 yay\u0131lan m\u0259lumat\u00a0h\u0259qiq\u0259ti \u0259ks etdirmir\u201d. Bu bar\u0259d\u0259 Az\u0259rbaycan M\u00fcdafi\u0259 Nazirliyinin m\u0259lumat\u0131nda qeyd olunub. \u201cSilah-sursatla tam t\u0259chiz olunmu\u015f bu h\u0259rbi qulluq\u00e7ular\u0131n \u201cpasport v\u0259 viza\u201d xidm\u0259ti h\u0259yata ke\u00e7ir\u0259n polis \u0259m\u0259kda\u015flar\u0131 kimi t\u0259qdim edilm\u0259si riyakarl\u0131qdan ba\u015fqa bir \u015fey deyildir\u201d, &#8211; nazirlikd\u0259n&hellip;","_links":{"self":[{"href":"https:\/\/arantv.az\/index.php?rest_route=\/wp\/v2\/posts\/573311"}],"collection":[{"href":"https:\/\/arantv.az\/index.php?rest_route=\/wp\/v2\/posts"}],"about":[{"href":"https:\/\/arantv.az\/index.php?rest_route=\/wp\/v2\/types\/post"}],"author":[{"embeddable":true,"href":"https:\/\/arantv.az\/index.php?rest_route=\/wp\/v2\/users\/2"}],"replies":[{"embeddable":true,"href":"https:\/\/arantv.az\/index.php?rest_route=%2Fwp%2Fv2%2Fcomments&post=573311"}],"version-history":[{"count":0,"href":"https:\/\/arantv.az\/index.php?rest_route=\/wp\/v2\/posts\/573311\/revisions"}],"wp:featuredmedia":[{"embeddable":true,"href":"https:\/\/arantv.az\/index.php?rest_route=\/wp\/v2\/media\/479107"}],"wp:attachment":[{"href":"https:\/\/arantv.az\/index.php?rest_route=%2Fwp%2Fv2%2Fmedia&parent=573311"}],"wp:term":[{"taxonomy":"category","embeddable":true,"href":"https:\/\/arantv.az\/index.php?rest_route=%2Fwp%2Fv2%2Fcategories&post=573311"},{"taxonomy":"post_tag","embeddable":true,"href":"https:\/\/arantv.az\/index.php?rest_route=%2Fwp%2Fv2%2Ftags&post=573311"}],"curies":[{"name":"wp","href":"https:\/\/api.w.org\/{rel}","templated":true}]}}