{"id":573319,"date":"2023-03-07T06:59:26","date_gmt":"2023-03-07T03:59:26","guid":{"rendered":"https:\/\/arantv.az\/?p=573319"},"modified":"2023-03-07T06:59:26","modified_gmt":"2023-03-07T03:59:26","slug":"almaniya-s%c9%99firi-g%c9%99nc%c9%99-terroru-bar%c9%99d%c9%99-mulki-h%c9%99d%c9%99fl%c9%99r%c9%99-hucum-etm%c9%99y%c9%99-haqq-qazandirila-bilm%c9%99z-foto","status":"publish","type":"post","link":"https:\/\/arantv.az\/?p=573319","title":{"rendered":"Almaniya s\u0259firi G\u0259nc\u0259 terroru bar\u0259d\u0259: \u201cM\u00fclki h\u0259d\u0259fl\u0259r\u0259 h\u00fccum etm\u0259y\u0259 haqq qazand\u0131r\u0131la bilm\u0259z\u201d &#8211; FOTO"},"content":{"rendered":"<p>Almaniyan\u0131n Az\u0259rbaycandak\u0131 s\u0259firi Ralf Horlemann G\u0259nc\u0259 terroru bar\u0259d\u0259 payla\u015f\u0131m edib.<\/p>\n<div class=\"AdviadNativeVideo\"><\/div>\n<p>\u201cReport\u201d\u00a0x\u0259b\u0259r verir ki, diplomat qeyd edib:<\/p>\n<p>\u201c\u0130ll\u0259r ke\u00e7s\u0259 d\u0259, G\u0259nc\u0259d\u0259ki m\u00fcharib\u0259 da\u011f\u0131nt\u0131lar\u0131n\u0131n g\u00f6r\u00fcnt\u00fcl\u0259ri insan\u0131 sars\u0131d\u0131r. M\u00fclki h\u0259d\u0259fl\u0259r\u0259 h\u00fccum etm\u0259k v\u0259 bu q\u0259d\u0259r g\u00fcnahs\u0131z insan\u0131 \u00f6ld\u00fcrm\u0259y\u0259 he\u00e7 bir haqq qazand\u0131r\u0131la bilm\u0259z!\u201d<\/p>\n<p>&nbsp;<\/p>\n<div class=\"gallery\">\n<div class=\"gallery-i\"><img src=\"https:\/\/cdn.oxu.az\/uploads\/W1siZiIsIjIwMjMvMDMvMDYvMjIvMjQvMDAvZjk1NTg1ZjEtMzIzZC00MzgyLTg5MzItOTQ5YjJiY2EyMWI2LzA1ODAzMmE0LTJlYmUtM2E3ZS04MjA4LWQ2NTZmYjBiNDg0N184NTAuanBnIl0sWyJwIiwiZW5jb2RlIiwianBnIiwiLXF1YWxpdHkgODAiXSxbInAiLCJ0aHVtYiIsIjU5MHg1OTBcdTAwM2UiXV0?sha=b6fcbca234da0e88\" alt=\"\" \/><\/p>\n<div class=\"gallery-i-caption\"><\/div>\n<\/div>\n<div class=\"gallery-i\"><img src=\"https:\/\/cdn.oxu.az\/uploads\/W1siZiIsIjIwMjMvMDMvMDYvMjIvMjQvMDAvN2UwMTMyYjktZDlhMC00NTFiLTk3NmQtMWRiNmNmMGQxMjM2LzgwMGJiOTc3LWZmMDMtM2NmYS1iN2E0LWFjNDEyNDk0OTI2Ny5qcGciXSxbInAiLCJlbmNvZGUiLCJqcGciLCItcXVhbGl0eSA4MCJdLFsicCIsInRodW1iIiwiNTkweDU5MFx1MDAzZSJdXQ?sha=c334ad67339065ca\" alt=\"\" \/><\/div>\n<\/div>\n","protected":false},"excerpt":{"rendered":"<p>Almaniyan\u0131n Az\u0259rbaycandak\u0131 s\u0259firi Ralf Horlemann G\u0259nc\u0259 terroru bar\u0259d\u0259 payla\u015f\u0131m edib. \u201cReport\u201d\u00a0x\u0259b\u0259r verir ki, diplomat qeyd edib: \u201c\u0130ll\u0259r ke\u00e7s\u0259 d\u0259, G\u0259nc\u0259d\u0259ki m\u00fcharib\u0259 da\u011f\u0131nt\u0131lar\u0131n\u0131n g\u00f6r\u00fcnt\u00fcl\u0259ri insan\u0131 sars\u0131d\u0131r. M\u00fclki h\u0259d\u0259fl\u0259r\u0259 h\u00fccum etm\u0259k v\u0259 bu q\u0259d\u0259r g\u00fcnahs\u0131z insan\u0131 \u00f6ld\u00fcrm\u0259y\u0259 he\u00e7 bir haqq qazand\u0131r\u0131la bilm\u0259z!\u201d &nbsp;<\/p>\n","protected":false},"author":2,"featured_media":573320,"comment_status":"closed","ping_status":"closed","sticky":false,"template":"","format":"standard","meta":{"om_disable_all_campaigns":false,"_monsterinsights_skip_tracking":false,"_monsterinsights_sitenote_active":false,"_monsterinsights_sitenote_note":"","_monsterinsights_sitenote_category":0},"categories":[4],"tags":[],"aioseo_notices":[],"gutentor_comment":0,"rttpg_featured_image_url":{"full":["https:\/\/arantv.az\/wp-content\/uploads\/2023\/03\/5e3cdca8-b275-3f8c-8f69-6fe23fe7f7db.jpg",620,413,false],"landscape":["https:\/\/arantv.az\/wp-content\/uploads\/2023\/03\/5e3cdca8-b275-3f8c-8f69-6fe23fe7f7db.jpg",620,413,false],"portraits":["https:\/\/arantv.az\/wp-content\/uploads\/2023\/03\/5e3cdca8-b275-3f8c-8f69-6fe23fe7f7db.jpg",620,413,false],"thumbnail":["https:\/\/arantv.az\/wp-content\/uploads\/2023\/03\/5e3cdca8-b275-3f8c-8f69-6fe23fe7f7db-500x280.jpg",500,280,true],"medium":["https:\/\/arantv.az\/wp-content\/uploads\/2023\/03\/5e3cdca8-b275-3f8c-8f69-6fe23fe7f7db-548x365.jpg",548,365,true],"large":["https:\/\/arantv.az\/wp-content\/uploads\/2023\/03\/5e3cdca8-b275-3f8c-8f69-6fe23fe7f7db.jpg",620,413,false],"1536x1536":["https:\/\/arantv.az\/wp-content\/uploads\/2023\/03\/5e3cdca8-b275-3f8c-8f69-6fe23fe7f7db.jpg",620,413,false],"2048x2048":["https:\/\/arantv.az\/wp-content\/uploads\/2023\/03\/5e3cdca8-b275-3f8c-8f69-6fe23fe7f7db.jpg",620,413,false],"post-thumbnail":["https:\/\/arantv.az\/wp-content\/uploads\/2023\/03\/5e3cdca8-b275-3f8c-8f69-6fe23fe7f7db-240x172.jpg",240,172,true],"advps-thumb-one":["https:\/\/arantv.az\/wp-content\/uploads\/2023\/03\/5e3cdca8-b275-3f8c-8f69-6fe23fe7f7db.jpg",620,413,false]},"rttpg_author":{"display_name":"V\u00fcsal Rafiqo\u011flu","author_link":"https:\/\/arantv.az\/?author=2"},"rttpg_comment":0,"rttpg_category":"<a href=\"https:\/\/arantv.az\/?cat=4\" rel=\"category\">Siyas\u0259t<\/a>","rttpg_excerpt":"Almaniyan\u0131n Az\u0259rbaycandak\u0131 s\u0259firi Ralf Horlemann G\u0259nc\u0259 terroru bar\u0259d\u0259 payla\u015f\u0131m edib. \u201cReport\u201d\u00a0x\u0259b\u0259r verir ki, diplomat qeyd edib: \u201c\u0130ll\u0259r ke\u00e7s\u0259 d\u0259, G\u0259nc\u0259d\u0259ki m\u00fcharib\u0259 da\u011f\u0131nt\u0131lar\u0131n\u0131n g\u00f6r\u00fcnt\u00fcl\u0259ri insan\u0131 sars\u0131d\u0131r. M\u00fclki h\u0259d\u0259fl\u0259r\u0259 h\u00fccum etm\u0259k v\u0259 bu q\u0259d\u0259r g\u00fcnahs\u0131z insan\u0131 \u00f6ld\u00fcrm\u0259y\u0259 he\u00e7 bir haqq qazand\u0131r\u0131la bilm\u0259z!\u201d &nbsp;","_links":{"self":[{"href":"https:\/\/arantv.az\/index.php?rest_route=\/wp\/v2\/posts\/573319"}],"collection":[{"href":"https:\/\/arantv.az\/index.php?rest_route=\/wp\/v2\/posts"}],"about":[{"href":"https:\/\/arantv.az\/index.php?rest_route=\/wp\/v2\/types\/post"}],"author":[{"embeddable":true,"href":"https:\/\/arantv.az\/index.php?rest_route=\/wp\/v2\/users\/2"}],"replies":[{"embeddable":true,"href":"https:\/\/arantv.az\/index.php?rest_route=%2Fwp%2Fv2%2Fcomments&post=573319"}],"version-history":[{"count":0,"href":"https:\/\/arantv.az\/index.php?rest_route=\/wp\/v2\/posts\/573319\/revisions"}],"wp:featuredmedia":[{"embeddable":true,"href":"https:\/\/arantv.az\/index.php?rest_route=\/wp\/v2\/media\/573320"}],"wp:attachment":[{"href":"https:\/\/arantv.az\/index.php?rest_route=%2Fwp%2Fv2%2Fmedia&parent=573319"}],"wp:term":[{"taxonomy":"category","embeddable":true,"href":"https:\/\/arantv.az\/index.php?rest_route=%2Fwp%2Fv2%2Fcategories&post=573319"},{"taxonomy":"post_tag","embeddable":true,"href":"https:\/\/arantv.az\/index.php?rest_route=%2Fwp%2Fv2%2Ftags&post=573319"}],"curies":[{"name":"wp","href":"https:\/\/api.w.org\/{rel}","templated":true}]}}