{"id":573513,"date":"2023-03-07T10:53:29","date_gmt":"2023-03-07T07:53:29","guid":{"rendered":"https:\/\/arantv.az\/?p=573513"},"modified":"2023-03-07T10:53:29","modified_gmt":"2023-03-07T07:53:29","slug":"f%c9%99rid-qayibov-klublarin-sayinin-artirilmasi-istiqam%c9%99tind%c9%99-isl%c9%99rin-davam-ed%c9%99c%c9%99yin%c9%99-inaniram","status":"publish","type":"post","link":"https:\/\/arantv.az\/?p=573513","title":{"rendered":"F\u0259rid Qay\u0131bov: \u201cKlublar\u0131n say\u0131n\u0131n art\u0131r\u0131lmas\u0131 istiqam\u0259tind\u0259 i\u015fl\u0259rin davam ed\u0259c\u0259yin\u0259 inan\u0131ram\u201d"},"content":{"rendered":"<p>\u201cSon d\u00f6n\u0259ml\u0259rd\u0259 klublar\u0131n say\u0131 art\u0131r\u0131l\u0131b. Bu istiqam\u0259td\u0259 i\u015fl\u0259rin davam ed\u0259c\u0259yin\u0259 inan\u0131ram\u201d.<\/p>\n<p><strong>ARANTV.AZ<\/strong>\u00a0x\u0259b\u0259r verir ki,\u00a0bunu g\u0259ncl\u0259r v\u0259 idman naziri F\u0259rid Qay\u0131bov AFFA-n\u0131n Hesabat Konfrans\u0131nda deyib.<\/p>\n<div class=\"AdviadNativeVideo\"><\/div>\n<p>\u201c\u00d6lk\u0259mizd\u0259 idman d\u00f6vl\u0259t siyas\u0259tidir. \u00d6lk\u0259 ba\u015f\u00e7\u0131s\u0131\u00a0<strong>\u0130lham \u018fliyev<\/strong>in idmana v\u0259 futbola sevgisini ham\u0131m\u0131z bilirdik. \u0130dman \u00fc\u00e7\u00fcn yarad\u0131lan \u015f\u0259raitd\u0259n d\u0259 h\u0259r k\u0259sin x\u0259b\u0259ri var. N\u0259tic\u0259l\u0259rimiz d\u0259 var. Futbolda da qeyd olundu. AFFA-n\u0131 t\u0259brik edir\u0259m. \u00c7ox g\u00f6z\u0259l konfrans t\u0259\u015fkil olunub. Maraql\u0131 hesabatlar g\u00f6rd\u00fck. Bu da son ill\u0259rd\u0259 g\u00f6r\u00fcl\u0259n i\u015fl\u0259rin n\u0259tic\u0259sidir. AFFA-n\u0131n ke\u00e7mi\u015f ba\u015f katibi (Elxan M\u0259mm\u0259dovu n\u0259z\u0259rd\u0259 tutur &#8211;\u00a0red.) haz\u0131rda FIFA-da \u00e7al\u0131\u015f\u0131r. Bu da b\u00f6y\u00fck nailiyy\u0259tdir. \u0130st\u0259rdim ki, bizim n\u00fcmay\u0259nd\u0259l\u0259rimiz daha y\u00fcks\u0259k postlara se\u00e7ilsinl\u0259r. \u0130n\u015fallah, bu g\u00fcnl\u0259ri d\u0259 g\u00f6r\u0259c\u0259yik.<\/p>\n<p>Futbol\u00e7ular\u0131m\u0131z\u0131n n\u0259tic\u0259l\u0259ri bar\u0259d\u0259 dan\u0131\u015fd\u0131q. \u201cQaraba\u011f\u201d klubunu m\u0259n d\u0259 t\u0259brik edir\u0259m. G\u00fccl\u00fc Avropa klublar\u0131 il\u0259 oynay\u0131r\u0131q.<\/p>\n<p>Biz AFFA-n\u0131n yan\u0131nday\u0131q. Klublar\u0131n say\u0131 art\u0131r\u0131l\u0131b. \u0130nan\u0131ram ki, bu istiqam\u0259td\u0259 i\u015fl\u0259r davam ed\u0259c\u0259k. Maddi-texniki baza \u00fcz\u0259rind\u0259 birlikd\u0259 \u00e7al\u0131\u015fmal\u0131y\u0131q. Yeni stadionlar tikilib. Bu istiqam\u0259td\u0259 i\u015fl\u0259r g\u00f6rm\u0259yimiz laz\u0131md\u0131r. FIFA v\u0259 UEFA-ya minn\u0259tdarl\u0131\u011f\u0131m\u0131 bildirm\u0259k ist\u0259yir\u0259m. Onlar \u00f6lk\u0259mizd\u0259 futbolun inki\u015faf\u0131 \u00fc\u00e7\u00fcn d\u0259st\u0259k olurlar. Futbol \u0259n populyar idman n\u00f6v\u00fcd\u00fcr. Federasiyan\u0131n b\u00fcdc\u0259sind\u0259n d\u0259 bu bilinir. Klublarm\u0131za v\u0259 futbol\u00e7ular\u0131m\u0131za u\u011furlar arzulay\u0131ram\u201d.<\/p>\n","protected":false},"excerpt":{"rendered":"<p>\u201cSon d\u00f6n\u0259ml\u0259rd\u0259 klublar\u0131n say\u0131 art\u0131r\u0131l\u0131b. Bu istiqam\u0259td\u0259 i\u015fl\u0259rin davam ed\u0259c\u0259yin\u0259 inan\u0131ram\u201d. ARANTV.AZ\u00a0x\u0259b\u0259r verir ki,\u00a0bunu g\u0259ncl\u0259r v\u0259 idman naziri F\u0259rid Qay\u0131bov AFFA-n\u0131n Hesabat Konfrans\u0131nda deyib. \u201c\u00d6lk\u0259mizd\u0259 idman d\u00f6vl\u0259t siyas\u0259tidir. \u00d6lk\u0259 ba\u015f\u00e7\u0131s\u0131\u00a0\u0130lham \u018fliyevin idmana v\u0259 futbola sevgisini ham\u0131m\u0131z bilirdik. \u0130dman \u00fc\u00e7\u00fcn yarad\u0131lan \u015f\u0259raitd\u0259n d\u0259 h\u0259r k\u0259sin x\u0259b\u0259ri var. N\u0259tic\u0259l\u0259rimiz d\u0259 var. Futbolda da qeyd olundu. AFFA-n\u0131 t\u0259brik edir\u0259m. \u00c7ox g\u00f6z\u0259l konfrans t\u0259\u015fkil olunub. Maraql\u0131 hesabatlar g\u00f6rd\u00fck. Bu da son ill\u0259rd\u0259 g\u00f6r\u00fcl\u0259n i\u015fl\u0259rin n\u0259tic\u0259sidir. AFFA-n\u0131n ke\u00e7mi\u015f ba\u015f katibi (Elxan M\u0259mm\u0259dovu n\u0259z\u0259rd\u0259 tutur &#8211;\u00a0red.) haz\u0131rda FIFA-da \u00e7al\u0131\u015f\u0131r. Bu da b\u00f6y\u00fck nailiyy\u0259tdir. \u0130st\u0259rdim ki, bizim&hellip;<\/p>\n","protected":false},"author":2,"featured_media":573514,"comment_status":"closed","ping_status":"closed","sticky":false,"template":"","format":"standard","meta":{"om_disable_all_campaigns":false,"_monsterinsights_skip_tracking":false,"_monsterinsights_sitenote_active":false,"_monsterinsights_sitenote_note":"","_monsterinsights_sitenote_category":0},"categories":[4],"tags":[],"aioseo_notices":[],"gutentor_comment":0,"rttpg_featured_image_url":{"full":["https:\/\/arantv.az\/wp-content\/uploads\/2023\/03\/mMQLvFuWHlzbCSkGr1TceQYwz66FhllDS5Ob456e-1.jpg",620,413,false],"landscape":["https:\/\/arantv.az\/wp-content\/uploads\/2023\/03\/mMQLvFuWHlzbCSkGr1TceQYwz66FhllDS5Ob456e-1.jpg",620,413,false],"portraits":["https:\/\/arantv.az\/wp-content\/uploads\/2023\/03\/mMQLvFuWHlzbCSkGr1TceQYwz66FhllDS5Ob456e-1.jpg",620,413,false],"thumbnail":["https:\/\/arantv.az\/wp-content\/uploads\/2023\/03\/mMQLvFuWHlzbCSkGr1TceQYwz66FhllDS5Ob456e-1-500x280.jpg",500,280,true],"medium":["https:\/\/arantv.az\/wp-content\/uploads\/2023\/03\/mMQLvFuWHlzbCSkGr1TceQYwz66FhllDS5Ob456e-1-548x365.jpg",548,365,true],"large":["https:\/\/arantv.az\/wp-content\/uploads\/2023\/03\/mMQLvFuWHlzbCSkGr1TceQYwz66FhllDS5Ob456e-1.jpg",620,413,false],"1536x1536":["https:\/\/arantv.az\/wp-content\/uploads\/2023\/03\/mMQLvFuWHlzbCSkGr1TceQYwz66FhllDS5Ob456e-1.jpg",620,413,false],"2048x2048":["https:\/\/arantv.az\/wp-content\/uploads\/2023\/03\/mMQLvFuWHlzbCSkGr1TceQYwz66FhllDS5Ob456e-1.jpg",620,413,false],"post-thumbnail":["https:\/\/arantv.az\/wp-content\/uploads\/2023\/03\/mMQLvFuWHlzbCSkGr1TceQYwz66FhllDS5Ob456e-1-240x172.jpg",240,172,true],"advps-thumb-one":["https:\/\/arantv.az\/wp-content\/uploads\/2023\/03\/mMQLvFuWHlzbCSkGr1TceQYwz66FhllDS5Ob456e-1.jpg",620,413,false]},"rttpg_author":{"display_name":"V\u00fcsal Rafiqo\u011flu","author_link":"https:\/\/arantv.az\/?author=2"},"rttpg_comment":0,"rttpg_category":"<a href=\"https:\/\/arantv.az\/?cat=4\" rel=\"category\">Siyas\u0259t<\/a>","rttpg_excerpt":"\u201cSon d\u00f6n\u0259ml\u0259rd\u0259 klublar\u0131n say\u0131 art\u0131r\u0131l\u0131b. Bu istiqam\u0259td\u0259 i\u015fl\u0259rin davam ed\u0259c\u0259yin\u0259 inan\u0131ram\u201d. ARANTV.AZ\u00a0x\u0259b\u0259r verir ki,\u00a0bunu g\u0259ncl\u0259r v\u0259 idman naziri F\u0259rid Qay\u0131bov AFFA-n\u0131n Hesabat Konfrans\u0131nda deyib. \u201c\u00d6lk\u0259mizd\u0259 idman d\u00f6vl\u0259t siyas\u0259tidir. \u00d6lk\u0259 ba\u015f\u00e7\u0131s\u0131\u00a0\u0130lham \u018fliyevin idmana v\u0259 futbola sevgisini ham\u0131m\u0131z bilirdik. \u0130dman \u00fc\u00e7\u00fcn yarad\u0131lan \u015f\u0259raitd\u0259n d\u0259 h\u0259r k\u0259sin x\u0259b\u0259ri var. N\u0259tic\u0259l\u0259rimiz d\u0259 var. Futbolda da qeyd olundu. AFFA-n\u0131 t\u0259brik&hellip;","_links":{"self":[{"href":"https:\/\/arantv.az\/index.php?rest_route=\/wp\/v2\/posts\/573513"}],"collection":[{"href":"https:\/\/arantv.az\/index.php?rest_route=\/wp\/v2\/posts"}],"about":[{"href":"https:\/\/arantv.az\/index.php?rest_route=\/wp\/v2\/types\/post"}],"author":[{"embeddable":true,"href":"https:\/\/arantv.az\/index.php?rest_route=\/wp\/v2\/users\/2"}],"replies":[{"embeddable":true,"href":"https:\/\/arantv.az\/index.php?rest_route=%2Fwp%2Fv2%2Fcomments&post=573513"}],"version-history":[{"count":0,"href":"https:\/\/arantv.az\/index.php?rest_route=\/wp\/v2\/posts\/573513\/revisions"}],"wp:featuredmedia":[{"embeddable":true,"href":"https:\/\/arantv.az\/index.php?rest_route=\/wp\/v2\/media\/573514"}],"wp:attachment":[{"href":"https:\/\/arantv.az\/index.php?rest_route=%2Fwp%2Fv2%2Fmedia&parent=573513"}],"wp:term":[{"taxonomy":"category","embeddable":true,"href":"https:\/\/arantv.az\/index.php?rest_route=%2Fwp%2Fv2%2Fcategories&post=573513"},{"taxonomy":"post_tag","embeddable":true,"href":"https:\/\/arantv.az\/index.php?rest_route=%2Fwp%2Fv2%2Ftags&post=573513"}],"curies":[{"name":"wp","href":"https:\/\/api.w.org\/{rel}","templated":true}]}}