{"id":573517,"date":"2023-03-07T10:53:59","date_gmt":"2023-03-07T07:53:59","guid":{"rendered":"https:\/\/arantv.az\/?p=573517"},"modified":"2023-03-07T10:53:59","modified_gmt":"2023-03-07T07:53:59","slug":"jurnalist-h%c9%99mid-h%c9%99midov-muharib%c9%99-dovrund%c9%99-media-%c9%99m%c9%99kdasligi-movzusunda-muhazir%c9%99d%c9%99-istirak-edib-foto","status":"publish","type":"post","link":"https:\/\/arantv.az\/?p=573517","title":{"rendered":"Jurnalist H\u0259mid H\u0259midov m\u00fcharib\u0259 d\u00f6vr\u00fcnd\u0259 media \u0259m\u0259kda\u015fl\u0131\u011f\u0131 m\u00f6vzusunda m\u00fchazir\u0259d\u0259 i\u015ftirak edib &#8211; FOTO"},"content":{"rendered":"<p>\u201cM\u00fcharib\u0259 d\u00f6vr\u00fcnd\u0259 media sektorunda Ukrayna-Az\u0259rbaycan \u0259m\u0259kda\u015fl\u0131\u011f\u0131\u201d m\u00f6vzusunda interaktiv m\u00fchazir\u0259 ke\u00e7irilib.<\/p>\n<div class=\"AdviadNativeVideo\"><\/div>\n<p>M\u00fchazir\u0259y\u0259 qonaq qismind\u0259 tan\u0131nm\u0131\u015f jurnalist, \u201cGlobal Media Group\u201dun Media direktoru H\u0259mid H\u0259midov d\u0259v\u0259t edilib.<\/p>\n<p>Onlayn g\u00f6r\u00fc\u015f\u00fcn moderatoru bir ne\u00e7\u0259 Ukrayna-Az\u0259rbaycan birg\u0259 layih\u0259sinin kuratoru Marina Qon\u00e7aruk olub.<\/p>\n<p>Onlayn g\u00f6r\u00fc\u015f zaman\u0131 Ukrayna v\u0259 Az\u0259rbaycan jurnalistl\u0259ri aras\u0131nda \u0259m\u0259kda\u015fl\u0131\u011f\u0131n inki\u015faf\u0131, onlar\u0131n f\u0259aliyy\u0259tinin Ukrayna v\u0259 Az\u0259rbaycan m\u00fcnasib\u0259tl\u0259rin\u0259 t\u0259siri, iki \u00f6lk\u0259nin K\u0130V-l\u0259ri aras\u0131nda dialoqun intensivl\u0259\u015fdirilm\u0259sinin vacibliyi m\u00fczakir\u0259 olunub.<\/p>\n<div><iframe loading=\"lazy\" src=\"https:\/\/www.facebook.com\/plugins\/post.php?href=https%3A%2F%2Fwww.facebook.com%2Fira.ntudp%2Fposts%2Fpfbid02PUyFxKhti87SJ4qVaUnkAbxX3i9YsoPhk6fQjgssgVKjGGZgYm1jZoBpRMWVwDDNl&amp;show_text=true&amp;width=500\" width=\"500\" height=\"729\" frameborder=\"0\" scrolling=\"no\" allowfullscreen=\"allowfullscreen\" data-mce-fragment=\"1\"><\/iframe><\/div>\n<p>&nbsp;<\/p>\n","protected":false},"excerpt":{"rendered":"<p>\u201cM\u00fcharib\u0259 d\u00f6vr\u00fcnd\u0259 media sektorunda Ukrayna-Az\u0259rbaycan \u0259m\u0259kda\u015fl\u0131\u011f\u0131\u201d m\u00f6vzusunda interaktiv m\u00fchazir\u0259 ke\u00e7irilib. M\u00fchazir\u0259y\u0259 qonaq qismind\u0259 tan\u0131nm\u0131\u015f jurnalist, \u201cGlobal Media Group\u201dun Media direktoru H\u0259mid H\u0259midov d\u0259v\u0259t edilib. Onlayn g\u00f6r\u00fc\u015f\u00fcn moderatoru bir ne\u00e7\u0259 Ukrayna-Az\u0259rbaycan birg\u0259 layih\u0259sinin kuratoru Marina Qon\u00e7aruk olub. Onlayn g\u00f6r\u00fc\u015f zaman\u0131 Ukrayna v\u0259 Az\u0259rbaycan jurnalistl\u0259ri aras\u0131nda \u0259m\u0259kda\u015fl\u0131\u011f\u0131n inki\u015faf\u0131, onlar\u0131n f\u0259aliyy\u0259tinin Ukrayna v\u0259 Az\u0259rbaycan m\u00fcnasib\u0259tl\u0259rin\u0259 t\u0259siri, iki \u00f6lk\u0259nin K\u0130V-l\u0259ri aras\u0131nda dialoqun intensivl\u0259\u015fdirilm\u0259sinin vacibliyi m\u00fczakir\u0259 olunub. &nbsp;<\/p>\n","protected":false},"author":2,"featured_media":573518,"comment_status":"closed","ping_status":"closed","sticky":false,"template":"","format":"standard","meta":{"om_disable_all_campaigns":false,"_monsterinsights_skip_tracking":false,"_monsterinsights_sitenote_active":false,"_monsterinsights_sitenote_note":"","_monsterinsights_sitenote_category":0},"categories":[19],"tags":[],"aioseo_notices":[],"gutentor_comment":0,"rttpg_featured_image_url":{"full":["https:\/\/arantv.az\/wp-content\/uploads\/2023\/03\/FotoJet-2023-03-07T105021.867.jpg",620,413,false],"landscape":["https:\/\/arantv.az\/wp-content\/uploads\/2023\/03\/FotoJet-2023-03-07T105021.867.jpg",620,413,false],"portraits":["https:\/\/arantv.az\/wp-content\/uploads\/2023\/03\/FotoJet-2023-03-07T105021.867.jpg",620,413,false],"thumbnail":["https:\/\/arantv.az\/wp-content\/uploads\/2023\/03\/FotoJet-2023-03-07T105021.867-500x280.jpg",500,280,true],"medium":["https:\/\/arantv.az\/wp-content\/uploads\/2023\/03\/FotoJet-2023-03-07T105021.867-548x365.jpg",548,365,true],"large":["https:\/\/arantv.az\/wp-content\/uploads\/2023\/03\/FotoJet-2023-03-07T105021.867.jpg",620,413,false],"1536x1536":["https:\/\/arantv.az\/wp-content\/uploads\/2023\/03\/FotoJet-2023-03-07T105021.867.jpg",620,413,false],"2048x2048":["https:\/\/arantv.az\/wp-content\/uploads\/2023\/03\/FotoJet-2023-03-07T105021.867.jpg",620,413,false],"post-thumbnail":["https:\/\/arantv.az\/wp-content\/uploads\/2023\/03\/FotoJet-2023-03-07T105021.867-240x172.jpg",240,172,true],"advps-thumb-one":["https:\/\/arantv.az\/wp-content\/uploads\/2023\/03\/FotoJet-2023-03-07T105021.867.jpg",620,413,false]},"rttpg_author":{"display_name":"V\u00fcsal Rafiqo\u011flu","author_link":"https:\/\/arantv.az\/?author=2"},"rttpg_comment":0,"rttpg_category":"<a href=\"https:\/\/arantv.az\/?cat=19\" rel=\"category\">G\u00fcnd\u0259m<\/a>","rttpg_excerpt":"\u201cM\u00fcharib\u0259 d\u00f6vr\u00fcnd\u0259 media sektorunda Ukrayna-Az\u0259rbaycan \u0259m\u0259kda\u015fl\u0131\u011f\u0131\u201d m\u00f6vzusunda interaktiv m\u00fchazir\u0259 ke\u00e7irilib. M\u00fchazir\u0259y\u0259 qonaq qismind\u0259 tan\u0131nm\u0131\u015f jurnalist, \u201cGlobal Media Group\u201dun Media direktoru H\u0259mid H\u0259midov d\u0259v\u0259t edilib. Onlayn g\u00f6r\u00fc\u015f\u00fcn moderatoru bir ne\u00e7\u0259 Ukrayna-Az\u0259rbaycan birg\u0259 layih\u0259sinin kuratoru Marina Qon\u00e7aruk olub. Onlayn g\u00f6r\u00fc\u015f zaman\u0131 Ukrayna v\u0259 Az\u0259rbaycan jurnalistl\u0259ri aras\u0131nda \u0259m\u0259kda\u015fl\u0131\u011f\u0131n inki\u015faf\u0131, onlar\u0131n f\u0259aliyy\u0259tinin Ukrayna v\u0259 Az\u0259rbaycan m\u00fcnasib\u0259tl\u0259rin\u0259 t\u0259siri, iki \u00f6lk\u0259nin&hellip;","_links":{"self":[{"href":"https:\/\/arantv.az\/index.php?rest_route=\/wp\/v2\/posts\/573517"}],"collection":[{"href":"https:\/\/arantv.az\/index.php?rest_route=\/wp\/v2\/posts"}],"about":[{"href":"https:\/\/arantv.az\/index.php?rest_route=\/wp\/v2\/types\/post"}],"author":[{"embeddable":true,"href":"https:\/\/arantv.az\/index.php?rest_route=\/wp\/v2\/users\/2"}],"replies":[{"embeddable":true,"href":"https:\/\/arantv.az\/index.php?rest_route=%2Fwp%2Fv2%2Fcomments&post=573517"}],"version-history":[{"count":0,"href":"https:\/\/arantv.az\/index.php?rest_route=\/wp\/v2\/posts\/573517\/revisions"}],"wp:featuredmedia":[{"embeddable":true,"href":"https:\/\/arantv.az\/index.php?rest_route=\/wp\/v2\/media\/573518"}],"wp:attachment":[{"href":"https:\/\/arantv.az\/index.php?rest_route=%2Fwp%2Fv2%2Fmedia&parent=573517"}],"wp:term":[{"taxonomy":"category","embeddable":true,"href":"https:\/\/arantv.az\/index.php?rest_route=%2Fwp%2Fv2%2Fcategories&post=573517"},{"taxonomy":"post_tag","embeddable":true,"href":"https:\/\/arantv.az\/index.php?rest_route=%2Fwp%2Fv2%2Ftags&post=573517"}],"curies":[{"name":"wp","href":"https:\/\/api.w.org\/{rel}","templated":true}]}}