{"id":573542,"date":"2023-03-07T11:13:09","date_gmt":"2023-03-07T08:13:09","guid":{"rendered":"https:\/\/arantv.az\/?p=573542"},"modified":"2023-03-07T11:13:09","modified_gmt":"2023-03-07T08:13:09","slug":"naxcivanda-novruz-yarmarkasi-keciril%c9%99c%c9%99k","status":"publish","type":"post","link":"https:\/\/arantv.az\/?p=573542","title":{"rendered":"Nax\u00e7\u0131vanda Novruz yarmarkas\u0131 ke\u00e7iril\u0259c\u0259k"},"content":{"rendered":"<p>Novruz bayram\u0131 \u0259r\u0259f\u0259sind\u0259 Nax\u00e7\u0131vanda bayram yarmarkas\u0131 t\u0259\u015fkil olunacaq.<\/p>\n<p><strong>ARANTV.AZ x\u0259b\u0259r verir ki,<\/strong>\u00a0\u00a0Nax\u00e7\u0131van Muxtar Respublikas\u0131 \u0130qtisadiyyat Nazirliyinin m\u0259tbuat xidm\u0259tind\u0259n\u00a0veril\u0259n m\u0259lumata g\u00f6r\u0259, Nax\u00e7\u0131van \u015f\u0259h\u0259ri X\u0259tai k\u00fc\u00e7\u0259sind\u0259 yerl\u0259\u015f\u0259n M\u0259rk\u0259zi Bazarda ba\u015f tutacaq yarmarka mart\u0131n 13-d\u0259n 19-d\u0259k davam ed\u0259c\u0259k.<\/p>\n<p>Yarmarkada m\u0259hsullar bazar qiym\u0259tl\u0259rind\u0259n daha s\u0259rf\u0259li qiym\u0259tl\u0259rl\u0259 al\u0131c\u0131lara t\u0259klif edil\u0259c\u0259k.\u00a0Sat\u0131\u015fa \u00e7\u0131xar\u0131lan m\u0259hsullar\u0131n k\u0435yfiyy\u0259tin\u0259 n\u0259zar\u0259t etm\u0259k m\u0259qs\u0259dil\u0259 yarmarkada\u00a0\u201c\u0130stehlak Mallar\u0131n\u0131n Ekspertizas\u0131 M\u0259rk\u0259zi\u201d MMC-nin s\u0259yyari laboratoriyas\u0131 da\u00a0f\u0259aliyy\u0259t g\u00f6st\u0259r\u0259c\u0259k.<\/p>\n<p>Yarmarkan\u0131n t\u0259\u015fkilind\u0259 \u0259sas m\u0259qs\u0259d bayram g\u00fcnl\u0259rind\u0259 \u0259halinin k\u0259nd t\u0259s\u0259rr\u00fcfat\u0131 m\u0259hsullar\u0131na artan t\u0259l\u0259batlar\u0131n\u0131 yerli v\u0259 sa\u011flam m\u0259hsullarla qar\u015f\u0131lamaq, k\u0259nd t\u0259s\u0259rr\u00fcfat\u00e7\u0131lar\u0131 \u00fc\u00e7\u00fcn alternativ sat\u0131\u015f kanal\u0131 t\u0259\u015fkil etm\u0259kdir.<\/p>\n<p>Muxtar respublika sakinl\u0259rini bayram yarmarkas\u0131na d\u0259v\u0259t edirik.<\/p>\n","protected":false},"excerpt":{"rendered":"<p>Novruz bayram\u0131 \u0259r\u0259f\u0259sind\u0259 Nax\u00e7\u0131vanda bayram yarmarkas\u0131 t\u0259\u015fkil olunacaq. ARANTV.AZ x\u0259b\u0259r verir ki,\u00a0\u00a0Nax\u00e7\u0131van Muxtar Respublikas\u0131 \u0130qtisadiyyat Nazirliyinin m\u0259tbuat xidm\u0259tind\u0259n\u00a0veril\u0259n m\u0259lumata g\u00f6r\u0259, Nax\u00e7\u0131van \u015f\u0259h\u0259ri X\u0259tai k\u00fc\u00e7\u0259sind\u0259 yerl\u0259\u015f\u0259n M\u0259rk\u0259zi Bazarda ba\u015f tutacaq yarmarka mart\u0131n 13-d\u0259n 19-d\u0259k davam ed\u0259c\u0259k. Yarmarkada m\u0259hsullar bazar qiym\u0259tl\u0259rind\u0259n daha s\u0259rf\u0259li qiym\u0259tl\u0259rl\u0259 al\u0131c\u0131lara t\u0259klif edil\u0259c\u0259k.\u00a0Sat\u0131\u015fa \u00e7\u0131xar\u0131lan m\u0259hsullar\u0131n k\u0435yfiyy\u0259tin\u0259 n\u0259zar\u0259t etm\u0259k m\u0259qs\u0259dil\u0259 yarmarkada\u00a0\u201c\u0130stehlak Mallar\u0131n\u0131n Ekspertizas\u0131 M\u0259rk\u0259zi\u201d MMC-nin s\u0259yyari laboratoriyas\u0131 da\u00a0f\u0259aliyy\u0259t g\u00f6st\u0259r\u0259c\u0259k. Yarmarkan\u0131n t\u0259\u015fkilind\u0259 \u0259sas m\u0259qs\u0259d bayram g\u00fcnl\u0259rind\u0259 \u0259halinin k\u0259nd t\u0259s\u0259rr\u00fcfat\u0131 m\u0259hsullar\u0131na artan t\u0259l\u0259batlar\u0131n\u0131 yerli v\u0259 sa\u011flam m\u0259hsullarla qar\u015f\u0131lamaq, k\u0259nd t\u0259s\u0259rr\u00fcfat\u00e7\u0131lar\u0131 \u00fc\u00e7\u00fcn alternativ sat\u0131\u015f kanal\u0131 t\u0259\u015fkil etm\u0259kdir. Muxtar respublika sakinl\u0259rini bayram yarmarkas\u0131na&hellip;<\/p>\n","protected":false},"author":2,"featured_media":573543,"comment_status":"closed","ping_status":"closed","sticky":false,"template":"","format":"standard","meta":{"om_disable_all_campaigns":false,"_monsterinsights_skip_tracking":false,"_monsterinsights_sitenote_active":false,"_monsterinsights_sitenote_note":"","_monsterinsights_sitenote_category":0},"categories":[1],"tags":[],"aioseo_notices":[],"gutentor_comment":0,"rttpg_featured_image_url":{"full":["https:\/\/arantv.az\/wp-content\/uploads\/2023\/03\/4ca82b2a167817598663659488910202472.jpg",975,540,false],"landscape":["https:\/\/arantv.az\/wp-content\/uploads\/2023\/03\/4ca82b2a167817598663659488910202472.jpg",975,540,false],"portraits":["https:\/\/arantv.az\/wp-content\/uploads\/2023\/03\/4ca82b2a167817598663659488910202472.jpg",975,540,false],"thumbnail":["https:\/\/arantv.az\/wp-content\/uploads\/2023\/03\/4ca82b2a167817598663659488910202472-500x280.jpg",500,280,true],"medium":["https:\/\/arantv.az\/wp-content\/uploads\/2023\/03\/4ca82b2a167817598663659488910202472-660x365.jpg",660,365,true],"large":["https:\/\/arantv.az\/wp-content\/uploads\/2023\/03\/4ca82b2a167817598663659488910202472-840x465.jpg",640,354,true],"1536x1536":["https:\/\/arantv.az\/wp-content\/uploads\/2023\/03\/4ca82b2a167817598663659488910202472.jpg",975,540,false],"2048x2048":["https:\/\/arantv.az\/wp-content\/uploads\/2023\/03\/4ca82b2a167817598663659488910202472.jpg",975,540,false],"post-thumbnail":["https:\/\/arantv.az\/wp-content\/uploads\/2023\/03\/4ca82b2a167817598663659488910202472-240x172.jpg",240,172,true],"advps-thumb-one":["https:\/\/arantv.az\/wp-content\/uploads\/2023\/03\/4ca82b2a167817598663659488910202472.jpg",975,540,false]},"rttpg_author":{"display_name":"V\u00fcsal Rafiqo\u011flu","author_link":"https:\/\/arantv.az\/?author=2"},"rttpg_comment":0,"rttpg_category":"<a href=\"https:\/\/arantv.az\/?cat=1\" rel=\"category\">C\u0259miyy\u0259t<\/a>","rttpg_excerpt":"Novruz bayram\u0131 \u0259r\u0259f\u0259sind\u0259 Nax\u00e7\u0131vanda bayram yarmarkas\u0131 t\u0259\u015fkil olunacaq. ARANTV.AZ x\u0259b\u0259r verir ki,\u00a0\u00a0Nax\u00e7\u0131van Muxtar Respublikas\u0131 \u0130qtisadiyyat Nazirliyinin m\u0259tbuat xidm\u0259tind\u0259n\u00a0veril\u0259n m\u0259lumata g\u00f6r\u0259, Nax\u00e7\u0131van \u015f\u0259h\u0259ri X\u0259tai k\u00fc\u00e7\u0259sind\u0259 yerl\u0259\u015f\u0259n M\u0259rk\u0259zi Bazarda ba\u015f tutacaq yarmarka mart\u0131n 13-d\u0259n 19-d\u0259k davam ed\u0259c\u0259k. Yarmarkada m\u0259hsullar bazar qiym\u0259tl\u0259rind\u0259n daha s\u0259rf\u0259li qiym\u0259tl\u0259rl\u0259 al\u0131c\u0131lara t\u0259klif edil\u0259c\u0259k.\u00a0Sat\u0131\u015fa \u00e7\u0131xar\u0131lan m\u0259hsullar\u0131n k\u0435yfiyy\u0259tin\u0259 n\u0259zar\u0259t etm\u0259k m\u0259qs\u0259dil\u0259 yarmarkada\u00a0\u201c\u0130stehlak Mallar\u0131n\u0131n Ekspertizas\u0131 M\u0259rk\u0259zi\u201d&hellip;","_links":{"self":[{"href":"https:\/\/arantv.az\/index.php?rest_route=\/wp\/v2\/posts\/573542"}],"collection":[{"href":"https:\/\/arantv.az\/index.php?rest_route=\/wp\/v2\/posts"}],"about":[{"href":"https:\/\/arantv.az\/index.php?rest_route=\/wp\/v2\/types\/post"}],"author":[{"embeddable":true,"href":"https:\/\/arantv.az\/index.php?rest_route=\/wp\/v2\/users\/2"}],"replies":[{"embeddable":true,"href":"https:\/\/arantv.az\/index.php?rest_route=%2Fwp%2Fv2%2Fcomments&post=573542"}],"version-history":[{"count":0,"href":"https:\/\/arantv.az\/index.php?rest_route=\/wp\/v2\/posts\/573542\/revisions"}],"wp:featuredmedia":[{"embeddable":true,"href":"https:\/\/arantv.az\/index.php?rest_route=\/wp\/v2\/media\/573543"}],"wp:attachment":[{"href":"https:\/\/arantv.az\/index.php?rest_route=%2Fwp%2Fv2%2Fmedia&parent=573542"}],"wp:term":[{"taxonomy":"category","embeddable":true,"href":"https:\/\/arantv.az\/index.php?rest_route=%2Fwp%2Fv2%2Fcategories&post=573542"},{"taxonomy":"post_tag","embeddable":true,"href":"https:\/\/arantv.az\/index.php?rest_route=%2Fwp%2Fv2%2Ftags&post=573542"}],"curies":[{"name":"wp","href":"https:\/\/api.w.org\/{rel}","templated":true}]}}