{"id":573552,"date":"2023-03-07T11:38:34","date_gmt":"2023-03-07T08:38:34","guid":{"rendered":"https:\/\/arantv.az\/?p=573552"},"modified":"2023-03-07T11:38:34","modified_gmt":"2023-03-07T08:38:34","slug":"22-yasli-v%c9%99t%c9%99n-muharib%c9%99si-q%c9%99hr%c9%99mani-h%c9%99yatimi-tankin-surucusun%c9%99-borcluyam-musahib%c9%99-foto","status":"publish","type":"post","link":"https:\/\/arantv.az\/?p=573552","title":{"rendered":"22 ya\u015fl\u0131 V\u0259t\u0259n M\u00fcharib\u0259si Q\u0259hr\u0259man\u0131: \u201cH\u0259yat\u0131m\u0131 tank\u0131n s\u00fcr\u00fcc\u00fcs\u00fcn\u0259 borcluyam\u201d &#8211; M\u00dcSAH\u0130B\u018f + FOTO"},"content":{"rendered":"<p>\u201cV\u0259t\u0259n m\u00fcharib\u0259sind\u0259 ya\u015fad\u0131\u011f\u0131m b\u00fct\u00fcn anlar xatir\u0259dir. M\u00fcharib\u0259d\u0259 olanlar he\u00e7 vaxt unudulmur. H\u0259min an ancaq ir\u0259li getm\u0259yi d\u00fc\u015f\u00fcn\u00fcrs\u0259n, ail\u0259ni bel\u0259, fikirl\u0259\u015fmirs\u0259n. Torpaqlar\u0131m\u0131z\u0131 azad etm\u0259yi qar\u015f\u0131ma m\u0259qs\u0259d qoymu\u015fdum\u201d.<\/p>\n<p>Bunu\u00a0Oxu.Az-a m\u00fcsahib\u0259sind\u0259 44 g\u00fcnl\u00fck V\u0259t\u0259n m\u00fcharib\u0259sind\u0259 i\u015ftirak edib, x\u00fcsusi \u015f\u00fcca\u0259t g\u00f6st\u0259r\u0259n 22 ya\u015fl\u0131 V\u0259t\u0259n M\u00fcharib\u0259si Q\u0259hr\u0259man\u0131, qazi\u00a0<strong>Az\u0259r Abdullazad\u0259<\/strong>\u00a0deyib.<\/p>\n<div class=\"AdviadNativeVideo\"><\/div>\n<p>Abdullazad\u0259 Az\u0259r Rizvan o\u011flu 2001-ci il fevral\u0131n 18-d\u0259 T\u0259rt\u0259r rayonunun C\u0259milli k\u0259ndind\u0259 anadan olub. 2007-ci ild\u0259 C\u0259milli k\u0259nd tam orta m\u0259kt\u0259bind\u0259 birinci sinf\u0259 gedib, 2018-ci ild\u0259 m\u0259zun olub. Az\u0259r Abdullazad\u0259 2019-cu ilin aprel ay\u0131nda h\u0259qiqi h\u0259rbi xidm\u0259t\u0259 \u00e7a\u011f\u0131r\u0131l\u0131b. H\u0259rbi xidm\u0259t m\u00fcdd\u0259tinin bitm\u0259sin\u0259 bir ne\u00e7\u0259 g\u00fcn qalm\u0131\u015f V\u0259t\u0259n m\u00fcharib\u0259si ba\u015flay\u0131b.<\/p>\n<p>Onunla m\u00fcsahib\u0259ni t\u0259qdim edirik:<\/p>\n<p><strong>&#8211; Hans\u0131 \u0259razil\u0259rin azad olunmas\u0131nda i\u015ftirak etmisiniz?<\/strong><\/p>\n<p><strong><img src=\"https:\/\/cdn.oxu.az\/uploads\/W1siZiIsIjIwMjMvMDMvMDIvMTMvMjUvMzQvYjdmZjNlMmYtNjRiZS00YmM3LTlkZDItMTk3MmYxNWZjNGFiL0ZvdG9KZXQgLSAyMDIzLTAzLTAyVDEzMjUyNy42ODUuanBnIl0sWyJwIiwiZW5jb2RlIiwianBnIiwiLXF1YWxpdHkgODAiXSxbInAiLCJ0aHVtYiIsIjU5MHg1OTBcdTAwM2UiXV0?sha=82c0c1ba3bb616eb\" alt=\"\" \/><\/strong><\/p>\n<p>&#8211; \u0130lk d\u00f6y\u00fc\u015f\u00fcm\u00fcz 27 sentyabrda F\u00fczuli istiqam\u0259tind\u0259 ba\u015flad\u0131. F\u00fczuli, C\u0259bray\u0131l istiqam\u0259tind\u0259 ged\u0259n d\u00f6y\u00fc\u015fl\u0259rd\u0259 i\u015ftirak etmi\u015f\u0259m. Tankda tu\u015flay\u0131c\u0131 operator idim. T\u0259\u0259ss\u00fcf ki, sona q\u0259d\u0259r i\u015ftirak ed\u0259 bilm\u0259dim.<\/p>\n<p><strong>&#8211; M\u00fcharib\u0259nin ne\u00e7\u0259nci g\u00fcn\u00fcnd\u0259 yaraland\u0131n\u0131z?<\/strong><\/p>\n<p>&#8211; F\u00fczuli istiqam\u0259tind\u0259 ged\u0259n d\u00f6y\u00fc\u015fl\u0259rd\u0259 sentyabr\u0131n 30-da yaraland\u0131m. Y\u00fcng\u00fcl yara idi. Bir g\u00fcn x\u0259st\u0259xanada yatd\u0131m. Daha sonra \u00f6z ist\u0259yiml\u0259 yenid\u0259n qay\u0131td\u0131m. Oktyabr\u0131n 11-d\u0259 C\u0259bray\u0131l u\u011frunda ged\u0259n d\u00f6y\u00fc\u015fd\u0259 a\u011f\u0131r yaraland\u0131m. Tank\u0131n i\u00e7ind\u0259 yand\u0131m. H\u0259r iki g\u00f6z\u00fcm\u0259 q\u0259lp\u0259 d\u0259ydi. Sa\u011f g\u00f6z\u00fcm\u00fc h\u0259min vaxt itirdim. Sol g\u00f6z\u00fcm\u00fcn d\u0259 g\u00f6rm\u0259si itmi\u015fdi. Daha sonra h\u0259kiml\u0259rin s\u0259yi n\u0259tic\u0259sind\u0259 g\u00f6z\u00fcmd\u0259n q\u0259lp\u0259 \u00e7\u0131xar\u0131ld\u0131, g\u00f6rm\u0259m b\u0259rpa olundu. Sa\u011fa protez g\u00f6z qoydular.<\/p>\n<p><img src=\"https:\/\/cdn.oxu.az\/uploads\/W1siZiIsIjIwMjMvMDMvMDIvMTMvMjQvNTYvMjczOWM2YmMtNDNlNS00ZmVhLWExZTItZWNhYzM2NzU2YTQ1L0ZvdG9KZXQgLSAyMDIzLTAzLTAyVDEzMjQ0OC42MDguanBnIl0sWyJwIiwiZW5jb2RlIiwianBnIiwiLXF1YWxpdHkgODAiXSxbInAiLCJ0aHVtYiIsIjU5MHg1OTBcdTAwM2UiXV0?sha=58bac2565dedd819\" alt=\"\" \/><\/p>\n<p>H\u0259min d\u00f6y\u00fc\u015fd\u0259 tank komandirim q\u0259hr\u0259mancas\u0131na \u015f\u0259hid oldu. M\u0259n tank\u0131n s\u00fcr\u00fcc\u00fcs\u00fc say\u0259sind\u0259 sa\u011f qald\u0131m. S\u00fcr\u00fcc\u00fc m\u0259ni yanm\u0131\u015f tankdan \u00e7\u0131xartd\u0131. O \u00f6z\u00fc d\u0259 yaral\u0131 idi. H\u0259yat\u0131m\u0131 ona borcluyam.<\/p>\n<p><strong>&#8211; M\u00fcharib\u0259d\u0259 unuda bilm\u0259diyiniz anlardan dan\u0131\u015faq. O g\u00fcnl\u0259r xatir\u0259niz\u0259 nec\u0259 h\u0259kk olunub?<\/strong><\/p>\n<p>&#8211; 44 g\u00fcnl\u00fck V\u0259t\u0259n m\u00fcharib\u0259si q\u0131z\u0131l h\u0259rfl\u0259rl\u0259 tarix\u0259 yaz\u0131ld\u0131. 30 il d\u00fc\u015fm\u0259n tapda\u011f\u0131nda olan torpaqlar\u0131 44 g\u00fcnd\u0259 geri qaytard\u0131q. Tam i\u015ftirak etm\u0259s\u0259m d\u0259, h\u0259r biri m\u0259nim \u00fc\u00e7\u00fcn \u0259n d\u0259y\u0259rli xatir\u0259dir. He\u00e7 bir an\u0131 unudulas\u0131 deyil. H\u0259r biri daim insan\u0131n beynind\u0259 qal\u0131r. Qarda\u015f dediyim u\u015faqlar \u015f\u0259hid oldular. \u00c7ox a\u011f\u0131rd\u0131r. Onlar g\u00f6z\u00fcm\u00fcn qaba\u011f\u0131nda \u015f\u0259had\u0259t\u0259 qovu\u015fdular. Onlar he\u00e7 vaxt unudulmayacaqlar, daim q\u0259lbl\u0259rd\u0259 ya\u015fayacaqlar. D\u00fc\u015fm\u0259nin ba\u015f\u0131na od \u0259l\u0259dik. Onlar qorxudan h\u0259r \u015feyl\u0259rini qoyub, qa\u00e7\u0131rd\u0131lar.<\/p>\n<p><img src=\"https:\/\/cdn.oxu.az\/uploads\/W1siZiIsIjIwMjMvMDMvMDIvMTMvMjMvMzcvMjZhOTA0NzgtMWNkYS00Y2ViLWIwNDEtZjNjMzI3ODdmODkzL0ZvdG9KZXQgLSAyMDIzLTAzLTAyVDEzMjMyOS43NjcuanBnIl0sWyJwIiwiZW5jb2RlIiwianBnIiwiLXF1YWxpdHkgODAiXSxbInAiLCJ0aHVtYiIsIjU5MHg1OTBcdTAwM2UiXV0?sha=52635863f0e9f6bc\" alt=\"\" \/><\/p>\n<p><strong>&#8211; \u00d6l\u00fcm-dirim sava\u015f\u0131nda idiniz. H\u0259r \u015fey ola bil\u0259rdi. O zaman a\u011fl\u0131n\u0131za kiml\u0259r g\u0259lirdi?<\/strong><\/p>\n<p>&#8211; M\u0259n 18 ay idi ki, anam\u0131n-atam\u0131n \u00fcz\u00fcn g\u00f6rm\u00fcrd\u00fcm. H\u0259tta z\u0259ng etmirdim ki, dar\u0131xmas\u0131nlar. H\u0259rbi xidm\u0259t d\u00f6vr\u00fcm\u00fcn bitm\u0259sin\u0259 \u00fc\u00e7 g\u00fcn qalm\u0131\u015f m\u00fcharib\u0259 ba\u015flad\u0131. Onlara bu s\u0259b\u0259bd\u0259n x\u0259b\u0259r vermi\u015fdim. M\u0259n h\u0259min vaxt\u0131 ail\u0259mi bir k\u0259nara qoymu\u015fdum. Ancaq ir\u0259li getm\u0259yi, V\u0259t\u0259ni, torpa\u011f\u0131, mill\u0259ti d\u00fc\u015f\u00fcn\u00fcrd\u00fcm. Qar\u015f\u0131ma m\u0259qs\u0259d qoymu\u015fdum ki, torpaqlar\u0131m\u0131z\u0131 azad etm\u0259liyik. Tam s\u0259mimiyy\u0259timl\u0259 deyir\u0259m. H\u0259min vaxt ail\u0259ni d\u00fc\u015f\u00fcnm\u0259k olmur. Ancaq d\u00f6y\u00fc\u015fm\u0259k fikrind\u0259 olur. Oralar bizim ata-baba yurdumuzdur. Do\u011fma yurdumuzu geri qaytard\u0131q.<img src=\"https:\/\/cdn.oxu.az\/uploads\/W1siZiIsIjIwMjMvMDMvMDIvMTMvMjYvMDAvMjVkZDdhYmMtYTlmYS00YmQ4LWJlYTktMmZkZTAwNmFmNGJkL0ZvdG9KZXQgLSAyMDIzLTAzLTAyVDEzMjU1Mi41NjQuanBnIl0sWyJwIiwiZW5jb2RlIiwianBnIiwiLXF1YWxpdHkgODAiXSxbInAiLCJ0aHVtYiIsIjU5MHg1OTBcdTAwM2UiXV0?sha=059f28156aac562d\" alt=\"\" \/><\/p>\n<p><strong>&#8211; S\u0259hv etmir\u0259ms\u0259, atan\u0131z da Birinci Qaraba\u011f m\u00fcharib\u0259sinin i\u015ftirak\u00e7\u0131s\u0131 olub.<\/strong><\/p>\n<p>&#8211; B\u0259li, atam Birinci Qaraba\u011f m\u00fcharib\u0259sinin i\u015ftirak\u00e7\u0131s\u0131 olub. Birinci qrup \u0259lildir. \u018fmim Natiq Abdullayev d\u0259 Birinci Qaraba\u011f m\u00fcharib\u0259sind\u0259, 1993-c\u00fc il yanvar\u0131n 16-da \u015f\u0259hid olub. H\u0259m qazi, h\u0259m d\u0259 \u015f\u0259hid ail\u0259siyik.<\/p>\n<p><img src=\"https:\/\/cdn.oxu.az\/uploads\/W1siZiIsIjIwMjMvMDMvMDIvMTMvMjcvNTkvNGE0M2NjMjctOWMwNC00MTE5LThhNmUtZDUxOTgwMWEyMTY3L0ZvdG9KZXQgLSAyMDIzLTAzLTAyVDEzMjc0OC4xNjAuanBnIl0sWyJwIiwiZW5jb2RlIiwianBnIiwiLXF1YWxpdHkgODAiXSxbInAiLCJ0aHVtYiIsIjU5MHg1OTBcdTAwM2UiXV0?sha=19aea50e8827db40\" alt=\"\" \/><\/p>\n<p>V\u0259t\u0259n\u0259 sevgi u\u015faql\u0131qdan a\u015f\u0131lan\u0131b. \u018fn b\u00f6y\u00fck arzum h\u0259rb\u00e7i olmaq idi. Qarda\u015f\u0131m da h\u0259rb\u00e7i idi. 44 g\u00fcnl\u00fck V\u0259t\u0259n m\u00fcharib\u0259sind\u0259 i\u015ftirak edib. Birlikd\u0259 d\u00f6y\u00fc\u015f\u00fcb, yaralanm\u0131\u015fd\u0131q. Medallarla t\u0259ltif olunub. Haz\u0131rda da xidm\u0259td\u0259dir. Dig\u0259r \u0259mim d\u0259 tibbi xidm\u0259t polkovnikidir. M\u00fcharib\u0259 zaman\u0131 h\u0259kim olaraq \u00f6z v\u0259zif\u0259sini h\u0259yata ke\u00e7irib. D\u00f6y\u00fc\u015fl\u0259r zaman\u0131 ilk c\u0259rrahi \u0259m\u0259liyyat\u0131 \u0259mim edib.<\/p>\n<p><strong>&#8211; 10 noyabrda m\u00fcharib\u0259nin bitm\u0259si x\u0259b\u0259rini e\u015fid\u0259n zaman hans\u0131 hissl\u0259ri ke\u00e7irdiniz?<\/strong><\/p>\n<p>&#8211; H\u0259min vaxt x\u0259st\u0259xanada idim. Sona q\u0259d\u0259r i\u015ftirak etm\u0259k ist\u0259rdim. O hissl\u0259ri h\u0259r g\u00fcn ya\u015fay\u0131ram. Q\u0259l\u0259b\u0259 x\u0259b\u0259rini alanda g\u00f6zl\u0259rim doldu. H\u0259min hissl\u0259ri ifad\u0259 ed\u0259 bilmir\u0259m. Q\u0259l\u0259b\u0259 \u00e7ald\u0131q, torpaqlar\u0131m\u0131z\u0131 geri qaytard\u0131q. O x\u0259b\u0259ri e\u015fid\u0259nd\u0259 g\u00f6z ya\u015flar\u0131m\u0131 saxlaya bilm\u0259dim.<\/p>\n<p><strong>&#8211; 19 ya\u015f\u0131nda V\u0259t\u0259n M\u00fcharib\u0259si Q\u0259hr\u0259man\u0131 ad\u0131na layiq g\u00f6r\u00fclm\u00fcs\u00fcn\u00fcz.<\/strong><\/p>\n<p><strong><img src=\"https:\/\/cdn.oxu.az\/uploads\/W1siZiIsIjIwMjMvMDMvMDIvMTMvMjcvMTQvZDY2YWY4YjEtMWRiOS00OGYxLWE5NGYtZjhmNTQyMTk1NmQ5L0ZvdG9KZXQgLSAyMDIzLTAzLTAyVDEzMjcwNy4wMzEuanBnIl0sWyJwIiwiZW5jb2RlIiwianBnIiwiLXF1YWxpdHkgODAiXSxbInAiLCJ0aHVtYiIsIjU5MHg1OTBcdTAwM2UiXV0?sha=f0ad712d8d8c7dd0\" alt=\"\" \/><\/strong><\/p>\n<p>&#8211; Bu m\u0259nim \u00fc\u00e7\u00fcn q\u00fcrurvericidir. D\u00f6y\u00fc\u015fl\u0259rd\u0259 i\u015ftirak etdiyim \u00fc\u00e7\u00fcn \u00e7ox sevinir\u0259m v\u0259 f\u0259xr edir\u0259m. \u0130\u015f\u011faldan azad etdiyimiz torpaqlara ba\u015f \u00e7\u0259k\u0259nd\u0259 bir daha q\u00fcrur duydum.<\/p>\n<p>Qeyd ed\u0259k ki, V\u0259t\u0259n M\u00fcharib\u0259si Q\u0259hr\u0259man\u0131 Az\u0259r Abdullazad\u0259 F\u00fczuli istiqam\u0259tind\u0259n ba\u015flayaraq C\u0259bray\u0131la q\u0259d\u0259r d\u00f6y\u00fc\u015f yolu ke\u00e7ib. \u201cV\u0259t\u0259n M\u00fcharib\u0259si Q\u0259hr\u0259man\u0131\u201d ad\u0131na layiq g\u00f6r\u00fcl\u00fcb, \u201cC\u0259bray\u0131l\u0131n azad olunmas\u0131na g\u00f6r\u0259\u201d, \u201cV\u0259t\u0259n m\u00fcharib\u0259si i\u015ftirak\u00e7\u0131s\u0131\u201d medallar\u0131 il\u0259 t\u0259ltif olunub.<\/p>\n","protected":false},"excerpt":{"rendered":"<p>\u201cV\u0259t\u0259n m\u00fcharib\u0259sind\u0259 ya\u015fad\u0131\u011f\u0131m b\u00fct\u00fcn anlar xatir\u0259dir. M\u00fcharib\u0259d\u0259 olanlar he\u00e7 vaxt unudulmur. H\u0259min an ancaq ir\u0259li getm\u0259yi d\u00fc\u015f\u00fcn\u00fcrs\u0259n, ail\u0259ni bel\u0259, fikirl\u0259\u015fmirs\u0259n. Torpaqlar\u0131m\u0131z\u0131 azad etm\u0259yi qar\u015f\u0131ma m\u0259qs\u0259d qoymu\u015fdum\u201d. Bunu\u00a0Oxu.Az-a m\u00fcsahib\u0259sind\u0259 44 g\u00fcnl\u00fck V\u0259t\u0259n m\u00fcharib\u0259sind\u0259 i\u015ftirak edib, x\u00fcsusi \u015f\u00fcca\u0259t g\u00f6st\u0259r\u0259n 22 ya\u015fl\u0131 V\u0259t\u0259n M\u00fcharib\u0259si Q\u0259hr\u0259man\u0131, qazi\u00a0Az\u0259r Abdullazad\u0259\u00a0deyib. Abdullazad\u0259 Az\u0259r Rizvan o\u011flu 2001-ci il fevral\u0131n 18-d\u0259 T\u0259rt\u0259r rayonunun C\u0259milli k\u0259ndind\u0259 anadan olub. 2007-ci ild\u0259 C\u0259milli k\u0259nd tam orta m\u0259kt\u0259bind\u0259 birinci sinf\u0259 gedib, 2018-ci ild\u0259 m\u0259zun olub. Az\u0259r Abdullazad\u0259 2019-cu ilin aprel ay\u0131nda h\u0259qiqi h\u0259rbi xidm\u0259t\u0259 \u00e7a\u011f\u0131r\u0131l\u0131b. H\u0259rbi xidm\u0259t m\u00fcdd\u0259tinin bitm\u0259sin\u0259 bir ne\u00e7\u0259 g\u00fcn qalm\u0131\u015f&hellip;<\/p>\n","protected":false},"author":2,"featured_media":573553,"comment_status":"closed","ping_status":"closed","sticky":false,"template":"","format":"standard","meta":{"om_disable_all_campaigns":false,"_monsterinsights_skip_tracking":false,"_monsterinsights_sitenote_active":false,"_monsterinsights_sitenote_note":"","_monsterinsights_sitenote_category":0},"categories":[1],"tags":[],"aioseo_notices":[],"gutentor_comment":0,"rttpg_featured_image_url":{"full":["https:\/\/arantv.az\/wp-content\/uploads\/2023\/03\/azerjpg-1643748902.jpg",600,766,false],"landscape":["https:\/\/arantv.az\/wp-content\/uploads\/2023\/03\/azerjpg-1643748902.jpg",600,766,false],"portraits":["https:\/\/arantv.az\/wp-content\/uploads\/2023\/03\/azerjpg-1643748902.jpg",600,766,false],"thumbnail":["https:\/\/arantv.az\/wp-content\/uploads\/2023\/03\/azerjpg-1643748902-500x280.jpg",500,280,true],"medium":["https:\/\/arantv.az\/wp-content\/uploads\/2023\/03\/azerjpg-1643748902-286x365.jpg",286,365,true],"large":["https:\/\/arantv.az\/wp-content\/uploads\/2023\/03\/azerjpg-1643748902.jpg",600,766,false],"1536x1536":["https:\/\/arantv.az\/wp-content\/uploads\/2023\/03\/azerjpg-1643748902.jpg",600,766,false],"2048x2048":["https:\/\/arantv.az\/wp-content\/uploads\/2023\/03\/azerjpg-1643748902.jpg",600,766,false],"post-thumbnail":["https:\/\/arantv.az\/wp-content\/uploads\/2023\/03\/azerjpg-1643748902-240x172.jpg",240,172,true],"advps-thumb-one":["https:\/\/arantv.az\/wp-content\/uploads\/2023\/03\/azerjpg-1643748902-600x620.jpg",600,620,true]},"rttpg_author":{"display_name":"V\u00fcsal Rafiqo\u011flu","author_link":"https:\/\/arantv.az\/?author=2"},"rttpg_comment":0,"rttpg_category":"<a href=\"https:\/\/arantv.az\/?cat=1\" rel=\"category\">C\u0259miyy\u0259t<\/a>","rttpg_excerpt":"\u201cV\u0259t\u0259n m\u00fcharib\u0259sind\u0259 ya\u015fad\u0131\u011f\u0131m b\u00fct\u00fcn anlar xatir\u0259dir. M\u00fcharib\u0259d\u0259 olanlar he\u00e7 vaxt unudulmur. H\u0259min an ancaq ir\u0259li getm\u0259yi d\u00fc\u015f\u00fcn\u00fcrs\u0259n, ail\u0259ni bel\u0259, fikirl\u0259\u015fmirs\u0259n. Torpaqlar\u0131m\u0131z\u0131 azad etm\u0259yi qar\u015f\u0131ma m\u0259qs\u0259d qoymu\u015fdum\u201d. Bunu\u00a0Oxu.Az-a m\u00fcsahib\u0259sind\u0259 44 g\u00fcnl\u00fck V\u0259t\u0259n m\u00fcharib\u0259sind\u0259 i\u015ftirak edib, x\u00fcsusi \u015f\u00fcca\u0259t g\u00f6st\u0259r\u0259n 22 ya\u015fl\u0131 V\u0259t\u0259n M\u00fcharib\u0259si Q\u0259hr\u0259man\u0131, qazi\u00a0Az\u0259r Abdullazad\u0259\u00a0deyib. Abdullazad\u0259 Az\u0259r Rizvan o\u011flu 2001-ci il fevral\u0131n 18-d\u0259 T\u0259rt\u0259r rayonunun C\u0259milli&hellip;","_links":{"self":[{"href":"https:\/\/arantv.az\/index.php?rest_route=\/wp\/v2\/posts\/573552"}],"collection":[{"href":"https:\/\/arantv.az\/index.php?rest_route=\/wp\/v2\/posts"}],"about":[{"href":"https:\/\/arantv.az\/index.php?rest_route=\/wp\/v2\/types\/post"}],"author":[{"embeddable":true,"href":"https:\/\/arantv.az\/index.php?rest_route=\/wp\/v2\/users\/2"}],"replies":[{"embeddable":true,"href":"https:\/\/arantv.az\/index.php?rest_route=%2Fwp%2Fv2%2Fcomments&post=573552"}],"version-history":[{"count":0,"href":"https:\/\/arantv.az\/index.php?rest_route=\/wp\/v2\/posts\/573552\/revisions"}],"wp:featuredmedia":[{"embeddable":true,"href":"https:\/\/arantv.az\/index.php?rest_route=\/wp\/v2\/media\/573553"}],"wp:attachment":[{"href":"https:\/\/arantv.az\/index.php?rest_route=%2Fwp%2Fv2%2Fmedia&parent=573552"}],"wp:term":[{"taxonomy":"category","embeddable":true,"href":"https:\/\/arantv.az\/index.php?rest_route=%2Fwp%2Fv2%2Fcategories&post=573552"},{"taxonomy":"post_tag","embeddable":true,"href":"https:\/\/arantv.az\/index.php?rest_route=%2Fwp%2Fv2%2Ftags&post=573552"}],"curies":[{"name":"wp","href":"https:\/\/api.w.org\/{rel}","templated":true}]}}