{"id":573558,"date":"2023-03-07T11:40:24","date_gmt":"2023-03-07T08:40:24","guid":{"rendered":"https:\/\/arantv.az\/?p=573558"},"modified":"2023-03-07T11:40:24","modified_gmt":"2023-03-07T08:40:24","slug":"siy%c9%99z%c9%99nd%c9%99-guclu-kul%c9%99k-icra-numay%c9%99nd%c9%99liyinin-binasini-q%c9%99zali-v%c9%99ziyy%c9%99t%c9%99-salib","status":"publish","type":"post","link":"https:\/\/arantv.az\/?p=573558","title":{"rendered":"Siy\u0259z\u0259nd\u0259 g\u00fccl\u00fc k\u00fcl\u0259k icra n\u00fcmay\u0259nd\u0259liyinin binas\u0131n\u0131 q\u0259zal\u0131 v\u0259ziyy\u0259t\u0259 sal\u0131b"},"content":{"rendered":"<p>Siy\u0259z\u0259nd\u0259 g\u00fccl\u00fc k\u00fcl\u0259k f\u0259sadlar t\u00f6r\u0259dib.<\/p>\n<p>APA-n\u0131n verdiyi m\u0259lumata g\u00f6r\u0259, k\u00fcl\u0259k rayonun b\u0259zi k\u0259ndl\u0259rind\u0259 ya\u015fay\u0131\u015f evl\u0259rinin damlar\u0131n\u0131 u\u00e7urub.<\/p>\n<div class=\"AdviadNativeVideo\"><\/div>\n<p>K\u00fcl\u0259k rayonun \u018frzik\u00fc\u015f icra n\u00fcmay\u0259nd\u0259liyinin dam\u0131n\u0131 u\u00e7urub v\u0259 Da\u011f Qu\u015f\u00e7u k\u0259ndind\u0259 is\u0259 n\u00fcmay\u0259nd\u0259liyin binas\u0131 q\u0259zal\u0131 v\u0259ziyy\u0259t\u0259 d\u00fc\u015f\u00fcb.<\/p>\n<p>Siy\u0259z\u0259n \u015f\u0259h\u0259rinin m\u0259rk\u0259zind\u0259 v\u0259t\u0259nda\u015flara m\u0259xsus yard\u0131m\u00e7\u0131 tikilil\u0259rin v\u0259 m\u0259rasim evinin dam\u0131 u\u00e7ub.<\/p>\n<p>G\u00fccl\u00fc k\u00fcl\u0259k elektrik t\u0259s\u0259rr\u00fcfat\u0131na da ziyan vurub, Da\u015fl\u0131 Calgan v\u0259 \u018frzik\u00fc\u015f k\u0259ndl\u0259rind\u0259 i\u015f\u0131q dir\u0259kl\u0259rini a\u015f\u0131r\u0131b.<\/p>\n<p>D\u0259ymi\u015f ziyan\u0131n hesablanmas\u0131 v\u0259 f\u0259sadlar\u0131n aradan qald\u0131r\u0131lmas\u0131 istiqam\u0259tind\u0259 i\u015fl\u0259r davam etdirilir.<\/p>\n","protected":false},"excerpt":{"rendered":"<p>Siy\u0259z\u0259nd\u0259 g\u00fccl\u00fc k\u00fcl\u0259k f\u0259sadlar t\u00f6r\u0259dib. APA-n\u0131n verdiyi m\u0259lumata g\u00f6r\u0259, k\u00fcl\u0259k rayonun b\u0259zi k\u0259ndl\u0259rind\u0259 ya\u015fay\u0131\u015f evl\u0259rinin damlar\u0131n\u0131 u\u00e7urub. K\u00fcl\u0259k rayonun \u018frzik\u00fc\u015f icra n\u00fcmay\u0259nd\u0259liyinin dam\u0131n\u0131 u\u00e7urub v\u0259 Da\u011f Qu\u015f\u00e7u k\u0259ndind\u0259 is\u0259 n\u00fcmay\u0259nd\u0259liyin binas\u0131 q\u0259zal\u0131 v\u0259ziyy\u0259t\u0259 d\u00fc\u015f\u00fcb. Siy\u0259z\u0259n \u015f\u0259h\u0259rinin m\u0259rk\u0259zind\u0259 v\u0259t\u0259nda\u015flara m\u0259xsus yard\u0131m\u00e7\u0131 tikilil\u0259rin v\u0259 m\u0259rasim evinin dam\u0131 u\u00e7ub. G\u00fccl\u00fc k\u00fcl\u0259k elektrik t\u0259s\u0259rr\u00fcfat\u0131na da ziyan vurub, Da\u015fl\u0131 Calgan v\u0259 \u018frzik\u00fc\u015f k\u0259ndl\u0259rind\u0259 i\u015f\u0131q dir\u0259kl\u0259rini a\u015f\u0131r\u0131b. D\u0259ymi\u015f ziyan\u0131n hesablanmas\u0131 v\u0259 f\u0259sadlar\u0131n aradan qald\u0131r\u0131lmas\u0131 istiqam\u0259tind\u0259 i\u015fl\u0259r davam etdirilir.<\/p>\n","protected":false},"author":2,"featured_media":573559,"comment_status":"closed","ping_status":"closed","sticky":false,"template":"","format":"standard","meta":{"om_disable_all_campaigns":false,"_monsterinsights_skip_tracking":false,"_monsterinsights_sitenote_active":false,"_monsterinsights_sitenote_note":"","_monsterinsights_sitenote_category":0},"categories":[1],"tags":[],"aioseo_notices":[],"gutentor_comment":0,"rttpg_featured_image_url":{"full":["https:\/\/arantv.az\/wp-content\/uploads\/2023\/03\/kulu.jpg",620,413,false],"landscape":["https:\/\/arantv.az\/wp-content\/uploads\/2023\/03\/kulu.jpg",620,413,false],"portraits":["https:\/\/arantv.az\/wp-content\/uploads\/2023\/03\/kulu.jpg",620,413,false],"thumbnail":["https:\/\/arantv.az\/wp-content\/uploads\/2023\/03\/kulu-500x280.jpg",500,280,true],"medium":["https:\/\/arantv.az\/wp-content\/uploads\/2023\/03\/kulu-548x365.jpg",548,365,true],"large":["https:\/\/arantv.az\/wp-content\/uploads\/2023\/03\/kulu.jpg",620,413,false],"1536x1536":["https:\/\/arantv.az\/wp-content\/uploads\/2023\/03\/kulu.jpg",620,413,false],"2048x2048":["https:\/\/arantv.az\/wp-content\/uploads\/2023\/03\/kulu.jpg",620,413,false],"post-thumbnail":["https:\/\/arantv.az\/wp-content\/uploads\/2023\/03\/kulu-240x172.jpg",240,172,true],"advps-thumb-one":["https:\/\/arantv.az\/wp-content\/uploads\/2023\/03\/kulu.jpg",620,413,false]},"rttpg_author":{"display_name":"V\u00fcsal Rafiqo\u011flu","author_link":"https:\/\/arantv.az\/?author=2"},"rttpg_comment":0,"rttpg_category":"<a href=\"https:\/\/arantv.az\/?cat=1\" rel=\"category\">C\u0259miyy\u0259t<\/a>","rttpg_excerpt":"Siy\u0259z\u0259nd\u0259 g\u00fccl\u00fc k\u00fcl\u0259k f\u0259sadlar t\u00f6r\u0259dib. APA-n\u0131n verdiyi m\u0259lumata g\u00f6r\u0259, k\u00fcl\u0259k rayonun b\u0259zi k\u0259ndl\u0259rind\u0259 ya\u015fay\u0131\u015f evl\u0259rinin damlar\u0131n\u0131 u\u00e7urub. K\u00fcl\u0259k rayonun \u018frzik\u00fc\u015f icra n\u00fcmay\u0259nd\u0259liyinin dam\u0131n\u0131 u\u00e7urub v\u0259 Da\u011f Qu\u015f\u00e7u k\u0259ndind\u0259 is\u0259 n\u00fcmay\u0259nd\u0259liyin binas\u0131 q\u0259zal\u0131 v\u0259ziyy\u0259t\u0259 d\u00fc\u015f\u00fcb. Siy\u0259z\u0259n \u015f\u0259h\u0259rinin m\u0259rk\u0259zind\u0259 v\u0259t\u0259nda\u015flara m\u0259xsus yard\u0131m\u00e7\u0131 tikilil\u0259rin v\u0259 m\u0259rasim evinin dam\u0131 u\u00e7ub. G\u00fccl\u00fc k\u00fcl\u0259k elektrik t\u0259s\u0259rr\u00fcfat\u0131na da ziyan vurub, Da\u015fl\u0131 Calgan&hellip;","_links":{"self":[{"href":"https:\/\/arantv.az\/index.php?rest_route=\/wp\/v2\/posts\/573558"}],"collection":[{"href":"https:\/\/arantv.az\/index.php?rest_route=\/wp\/v2\/posts"}],"about":[{"href":"https:\/\/arantv.az\/index.php?rest_route=\/wp\/v2\/types\/post"}],"author":[{"embeddable":true,"href":"https:\/\/arantv.az\/index.php?rest_route=\/wp\/v2\/users\/2"}],"replies":[{"embeddable":true,"href":"https:\/\/arantv.az\/index.php?rest_route=%2Fwp%2Fv2%2Fcomments&post=573558"}],"version-history":[{"count":0,"href":"https:\/\/arantv.az\/index.php?rest_route=\/wp\/v2\/posts\/573558\/revisions"}],"wp:featuredmedia":[{"embeddable":true,"href":"https:\/\/arantv.az\/index.php?rest_route=\/wp\/v2\/media\/573559"}],"wp:attachment":[{"href":"https:\/\/arantv.az\/index.php?rest_route=%2Fwp%2Fv2%2Fmedia&parent=573558"}],"wp:term":[{"taxonomy":"category","embeddable":true,"href":"https:\/\/arantv.az\/index.php?rest_route=%2Fwp%2Fv2%2Fcategories&post=573558"},{"taxonomy":"post_tag","embeddable":true,"href":"https:\/\/arantv.az\/index.php?rest_route=%2Fwp%2Fv2%2Ftags&post=573558"}],"curies":[{"name":"wp","href":"https:\/\/api.w.org\/{rel}","templated":true}]}}