{"id":573561,"date":"2023-03-07T11:40:52","date_gmt":"2023-03-07T08:40:52","guid":{"rendered":"https:\/\/arantv.az\/?p=573561"},"modified":"2023-03-07T11:40:52","modified_gmt":"2023-03-07T08:40:52","slug":"media-subyektl%c9%99rinin-%c9%99ld%c9%99-etdikl%c9%99ri-g%c9%99lirl%c9%99rin-vergid%c9%99n-azad-olunmasina-dair-layih%c9%99-t%c9%99sdiql%c9%99nib","status":"publish","type":"post","link":"https:\/\/arantv.az\/?p=573561","title":{"rendered":"Media subyektl\u0259rinin \u0259ld\u0259 etdikl\u0259ri g\u0259lirl\u0259rin vergid\u0259n azad olunmas\u0131na dair layih\u0259 t\u0259sdiql\u0259nib"},"content":{"rendered":"<p>Milli M\u0259clis (MM) Az\u0259rbaycanda media subyektl\u0259rinin \u0259ld\u0259 etdikl\u0259ri g\u0259lirl\u0259rin vergid\u0259n azad olunmas\u0131 m\u0259s\u0259l\u0259sini III oxunu\u015fda q\u0259bul edib.<\/p>\n<div class=\"AdviadNativeVideo\"><\/div>\n<p>\u201cReport\u201d x\u0259b\u0259r verir ki, bununla ba\u011fl\u0131 Vergi M\u0259c\u0259ll\u0259sin\u0259 t\u0259klif edil\u0259n d\u0259yi\u015fiklik layih\u0259si parlamentin bug\u00fcnk\u00fc plenar iclas\u0131nda m\u00fczakir\u0259y\u0259 \u00e7\u0131xar\u0131l\u0131b.<\/p>\n<p>Layih\u0259nin qeyd hiss\u0259sind\u0259 \u0259sasland\u0131r\u0131l\u0131b ki, \u201cMedia haqq\u0131nda\u201d qanunun 4-c\u00fc madd\u0259sind\u0259 median\u0131n inki\u015faf\u0131n\u0131n t\u0259\u015fviqi v\u0259 media subyektl\u0259rinin f\u0259aliyy\u0259tini stimulla\u015fd\u0131rmas\u0131 n\u0259z\u0259rd\u0259 tutulur. H\u0259min qanuna uy\u011fun olaraq Vergi M\u0259c\u0259ll\u0259sin\u0259 d\u0259yi\u015fiklikl\u0259r edilm\u0259si t\u0259klif olunur.<\/p>\n<p>Bel\u0259 ki, qanun layih\u0259sin\u0259 \u0259sas\u0259n media subyektl\u0259rinin (k\u00fctl\u0259vi informasiyan\u0131n d\u0259rc olunmas\u0131 v\u0259 (v\u0259 ya) yay\u0131mlanmas\u0131 olan fiziki (jurnalistl\u0259r istisna olmaqla) v\u0259 ya h\u00fcquqi \u015f\u0259xsl\u0259rin) \u00f6z f\u0259aliyy\u0259tl\u0259ri n\u0259tic\u0259sind\u0259 \u0259ld\u0259 etdikl\u0259ri g\u0259lirl\u0259rin, o c\u00fcml\u0259d\u0259n reklam g\u0259lirl\u0259rinin g\u0259lir vergisind\u0259n, m\u0259nf\u0259\u0259t vergisind\u0259n v\u0259 sad\u0259l\u0259\u015fdirilmi\u015f vergid\u0259n azad edilm\u0259si t\u0259klif edilir.<\/p>\n<p>M\u0259c\u0259ll\u0259y\u0259 d\u0259yi\u015fiklik layih\u0259si q\u0259bul edil\u0259c\u0259yi t\u0259qdird\u0259 2023-c\u00fc il yanvar\u0131n 1-d\u0259n t\u0259tbiq olunmaqla 3 il m\u00fcdd\u0259tind\u0259 q\u00fcvv\u0259d\u0259 olacaq v\u0259 audiovizual media subyektl\u0259rin\u0259 \u015famil olunmayacaq.<\/p>\n","protected":false},"excerpt":{"rendered":"<p>Milli M\u0259clis (MM) Az\u0259rbaycanda media subyektl\u0259rinin \u0259ld\u0259 etdikl\u0259ri g\u0259lirl\u0259rin vergid\u0259n azad olunmas\u0131 m\u0259s\u0259l\u0259sini III oxunu\u015fda q\u0259bul edib. \u201cReport\u201d x\u0259b\u0259r verir ki, bununla ba\u011fl\u0131 Vergi M\u0259c\u0259ll\u0259sin\u0259 t\u0259klif edil\u0259n d\u0259yi\u015fiklik layih\u0259si parlamentin bug\u00fcnk\u00fc plenar iclas\u0131nda m\u00fczakir\u0259y\u0259 \u00e7\u0131xar\u0131l\u0131b. Layih\u0259nin qeyd hiss\u0259sind\u0259 \u0259sasland\u0131r\u0131l\u0131b ki, \u201cMedia haqq\u0131nda\u201d qanunun 4-c\u00fc madd\u0259sind\u0259 median\u0131n inki\u015faf\u0131n\u0131n t\u0259\u015fviqi v\u0259 media subyektl\u0259rinin f\u0259aliyy\u0259tini stimulla\u015fd\u0131rmas\u0131 n\u0259z\u0259rd\u0259 tutulur. H\u0259min qanuna uy\u011fun olaraq Vergi M\u0259c\u0259ll\u0259sin\u0259 d\u0259yi\u015fiklikl\u0259r edilm\u0259si t\u0259klif olunur. Bel\u0259 ki, qanun layih\u0259sin\u0259 \u0259sas\u0259n media subyektl\u0259rinin (k\u00fctl\u0259vi informasiyan\u0131n d\u0259rc olunmas\u0131 v\u0259 (v\u0259 ya) yay\u0131mlanmas\u0131 olan fiziki (jurnalistl\u0259r istisna olmaqla) v\u0259 ya h\u00fcquqi \u015f\u0259xsl\u0259rin) \u00f6z&hellip;<\/p>\n","protected":false},"author":2,"featured_media":573562,"comment_status":"closed","ping_status":"closed","sticky":false,"template":"","format":"standard","meta":{"om_disable_all_campaigns":false,"_monsterinsights_skip_tracking":false,"_monsterinsights_sitenote_active":false,"_monsterinsights_sitenote_note":"","_monsterinsights_sitenote_category":0},"categories":[1],"tags":[],"aioseo_notices":[],"gutentor_comment":0,"rttpg_featured_image_url":{"full":["https:\/\/arantv.az\/wp-content\/uploads\/2023\/03\/FotoJet-100.jpg",620,413,false],"landscape":["https:\/\/arantv.az\/wp-content\/uploads\/2023\/03\/FotoJet-100.jpg",620,413,false],"portraits":["https:\/\/arantv.az\/wp-content\/uploads\/2023\/03\/FotoJet-100.jpg",620,413,false],"thumbnail":["https:\/\/arantv.az\/wp-content\/uploads\/2023\/03\/FotoJet-100-500x280.jpg",500,280,true],"medium":["https:\/\/arantv.az\/wp-content\/uploads\/2023\/03\/FotoJet-100-548x365.jpg",548,365,true],"large":["https:\/\/arantv.az\/wp-content\/uploads\/2023\/03\/FotoJet-100.jpg",620,413,false],"1536x1536":["https:\/\/arantv.az\/wp-content\/uploads\/2023\/03\/FotoJet-100.jpg",620,413,false],"2048x2048":["https:\/\/arantv.az\/wp-content\/uploads\/2023\/03\/FotoJet-100.jpg",620,413,false],"post-thumbnail":["https:\/\/arantv.az\/wp-content\/uploads\/2023\/03\/FotoJet-100-240x172.jpg",240,172,true],"advps-thumb-one":["https:\/\/arantv.az\/wp-content\/uploads\/2023\/03\/FotoJet-100.jpg",620,413,false]},"rttpg_author":{"display_name":"V\u00fcsal Rafiqo\u011flu","author_link":"https:\/\/arantv.az\/?author=2"},"rttpg_comment":0,"rttpg_category":"<a href=\"https:\/\/arantv.az\/?cat=1\" rel=\"category\">C\u0259miyy\u0259t<\/a>","rttpg_excerpt":"Milli M\u0259clis (MM) Az\u0259rbaycanda media subyektl\u0259rinin \u0259ld\u0259 etdikl\u0259ri g\u0259lirl\u0259rin vergid\u0259n azad olunmas\u0131 m\u0259s\u0259l\u0259sini III oxunu\u015fda q\u0259bul edib. \u201cReport\u201d x\u0259b\u0259r verir ki, bununla ba\u011fl\u0131 Vergi M\u0259c\u0259ll\u0259sin\u0259 t\u0259klif edil\u0259n d\u0259yi\u015fiklik layih\u0259si parlamentin bug\u00fcnk\u00fc plenar iclas\u0131nda m\u00fczakir\u0259y\u0259 \u00e7\u0131xar\u0131l\u0131b. Layih\u0259nin qeyd hiss\u0259sind\u0259 \u0259sasland\u0131r\u0131l\u0131b ki, \u201cMedia haqq\u0131nda\u201d qanunun 4-c\u00fc madd\u0259sind\u0259 median\u0131n inki\u015faf\u0131n\u0131n t\u0259\u015fviqi v\u0259 media subyektl\u0259rinin f\u0259aliyy\u0259tini stimulla\u015fd\u0131rmas\u0131 n\u0259z\u0259rd\u0259 tutulur.&hellip;","_links":{"self":[{"href":"https:\/\/arantv.az\/index.php?rest_route=\/wp\/v2\/posts\/573561"}],"collection":[{"href":"https:\/\/arantv.az\/index.php?rest_route=\/wp\/v2\/posts"}],"about":[{"href":"https:\/\/arantv.az\/index.php?rest_route=\/wp\/v2\/types\/post"}],"author":[{"embeddable":true,"href":"https:\/\/arantv.az\/index.php?rest_route=\/wp\/v2\/users\/2"}],"replies":[{"embeddable":true,"href":"https:\/\/arantv.az\/index.php?rest_route=%2Fwp%2Fv2%2Fcomments&post=573561"}],"version-history":[{"count":0,"href":"https:\/\/arantv.az\/index.php?rest_route=\/wp\/v2\/posts\/573561\/revisions"}],"wp:featuredmedia":[{"embeddable":true,"href":"https:\/\/arantv.az\/index.php?rest_route=\/wp\/v2\/media\/573562"}],"wp:attachment":[{"href":"https:\/\/arantv.az\/index.php?rest_route=%2Fwp%2Fv2%2Fmedia&parent=573561"}],"wp:term":[{"taxonomy":"category","embeddable":true,"href":"https:\/\/arantv.az\/index.php?rest_route=%2Fwp%2Fv2%2Fcategories&post=573561"},{"taxonomy":"post_tag","embeddable":true,"href":"https:\/\/arantv.az\/index.php?rest_route=%2Fwp%2Fv2%2Ftags&post=573561"}],"curies":[{"name":"wp","href":"https:\/\/api.w.org\/{rel}","templated":true}]}}