{"id":573566,"date":"2023-03-07T11:42:08","date_gmt":"2023-03-07T08:42:08","guid":{"rendered":"https:\/\/arantv.az\/?p=573566"},"modified":"2023-03-07T11:42:08","modified_gmt":"2023-03-07T08:42:08","slug":"parlament-media-m%c9%99hsullarinin-t%c9%99qdim-edilm%c9%99sinin-%c9%99dv-d%c9%99n-azad-edilm%c9%99si-layih%c9%99sini-q%c9%99bul-edib","status":"publish","type":"post","link":"https:\/\/arantv.az\/?p=573566","title":{"rendered":"Parlament media m\u0259hsullar\u0131n\u0131n t\u0259qdim edilm\u0259sinin \u018fDV-d\u0259n azad edilm\u0259si layih\u0259sini q\u0259bul edib"},"content":{"rendered":"<p>Milli M\u0259clis media subyektl\u0259ri t\u0259r\u0259find\u0259n istehsal olunan media m\u0259hsullar\u0131n\u0131n t\u0259qdim edilm\u0259sinin \u018fDV-d\u0259n azad edilm\u0259sini q\u0259bul edib.<\/p>\n<div class=\"AdviadNativeVideo\"><\/div>\n<p>\u201cReport\u201d x\u0259b\u0259r verir ki, Vergi M\u0259c\u0259ll\u0259sin\u0259 t\u0259klif edil\u0259n d\u0259yi\u015fiklik layih\u0259si Milli M\u0259clisin bug\u00fcnk\u00fc plenar iclas\u0131nda m\u00fczakir\u0259y\u0259 \u00e7\u0131xar\u0131l\u0131b.<\/p>\n<p>Layih\u0259nin qeyd hiss\u0259sind\u0259 \u0259sasland\u0131r\u0131l\u0131b ki, \u201cMedia haqq\u0131nda\u201d qanunun 4-c\u00fc madd\u0259sind\u0259 median\u0131n inki\u015faf\u0131n\u0131n t\u0259\u015fviqi v\u0259 media subyektl\u0259rinin f\u0259aliyy\u0259tini stimulla\u015fd\u0131rmas\u0131 n\u0259z\u0259rd\u0259 tutulur. H\u0259min qanuna uy\u011fun olaraq Vergi M\u0259c\u0259ll\u0259sin\u0259 d\u0259yi\u015fiklikl\u0259r edilm\u0259si t\u0259klif olunur.<\/p>\n<p>D\u0259yi\u015fiklikl\u0259 media subyektl\u0259ri t\u0259r\u0259find\u0259n istehsal olunan media m\u0259hsullar\u0131n\u0131n t\u0259qdim edilm\u0259si \u0259lav\u0259 d\u0259y\u0259r vergisind\u0259n (\u018fDV) azad edilir.<\/p>\n<p>M\u0259c\u0259ll\u0259y\u0259 d\u0259yi\u015fiklik layih\u0259si q\u0259bul edil\u0259c\u0259yi t\u0259qdird\u0259 2023-c\u00fc il yanvar\u0131n 1-d\u0259n t\u0259tbiq olunmaqla 3 il m\u00fcdd\u0259tind\u0259 q\u00fcvv\u0259d\u0259 olacaq v\u0259 audiovizual media subyektl\u0259rin\u0259 \u015famil olunmayacaq.<\/p>\n","protected":false},"excerpt":{"rendered":"<p>Milli M\u0259clis media subyektl\u0259ri t\u0259r\u0259find\u0259n istehsal olunan media m\u0259hsullar\u0131n\u0131n t\u0259qdim edilm\u0259sinin \u018fDV-d\u0259n azad edilm\u0259sini q\u0259bul edib. \u201cReport\u201d x\u0259b\u0259r verir ki, Vergi M\u0259c\u0259ll\u0259sin\u0259 t\u0259klif edil\u0259n d\u0259yi\u015fiklik layih\u0259si Milli M\u0259clisin bug\u00fcnk\u00fc plenar iclas\u0131nda m\u00fczakir\u0259y\u0259 \u00e7\u0131xar\u0131l\u0131b. Layih\u0259nin qeyd hiss\u0259sind\u0259 \u0259sasland\u0131r\u0131l\u0131b ki, \u201cMedia haqq\u0131nda\u201d qanunun 4-c\u00fc madd\u0259sind\u0259 median\u0131n inki\u015faf\u0131n\u0131n t\u0259\u015fviqi v\u0259 media subyektl\u0259rinin f\u0259aliyy\u0259tini stimulla\u015fd\u0131rmas\u0131 n\u0259z\u0259rd\u0259 tutulur. H\u0259min qanuna uy\u011fun olaraq Vergi M\u0259c\u0259ll\u0259sin\u0259 d\u0259yi\u015fiklikl\u0259r edilm\u0259si t\u0259klif olunur. D\u0259yi\u015fiklikl\u0259 media subyektl\u0259ri t\u0259r\u0259find\u0259n istehsal olunan media m\u0259hsullar\u0131n\u0131n t\u0259qdim edilm\u0259si \u0259lav\u0259 d\u0259y\u0259r vergisind\u0259n (\u018fDV) azad edilir. M\u0259c\u0259ll\u0259y\u0259 d\u0259yi\u015fiklik layih\u0259si q\u0259bul edil\u0259c\u0259yi t\u0259qdird\u0259 2023-c\u00fc il yanvar\u0131n 1-d\u0259n t\u0259tbiq&hellip;<\/p>\n","protected":false},"author":2,"featured_media":342401,"comment_status":"closed","ping_status":"closed","sticky":false,"template":"","format":"standard","meta":{"om_disable_all_campaigns":false,"_monsterinsights_skip_tracking":false,"_monsterinsights_sitenote_active":false,"_monsterinsights_sitenote_note":"","_monsterinsights_sitenote_category":0},"categories":[1],"tags":[],"aioseo_notices":[],"gutentor_comment":0,"rttpg_featured_image_url":{"full":["https:\/\/arantv.az\/wp-content\/uploads\/2021\/06\/qazetler.jpg",620,349,false],"landscape":["https:\/\/arantv.az\/wp-content\/uploads\/2021\/06\/qazetler.jpg",620,349,false],"portraits":["https:\/\/arantv.az\/wp-content\/uploads\/2021\/06\/qazetler.jpg",620,349,false],"thumbnail":["https:\/\/arantv.az\/wp-content\/uploads\/2021\/06\/qazetler-500x280.jpg",500,280,true],"medium":["https:\/\/arantv.az\/wp-content\/uploads\/2021\/06\/qazetler.jpg",620,349,false],"large":["https:\/\/arantv.az\/wp-content\/uploads\/2021\/06\/qazetler.jpg",620,349,false],"1536x1536":["https:\/\/arantv.az\/wp-content\/uploads\/2021\/06\/qazetler.jpg",620,349,false],"2048x2048":["https:\/\/arantv.az\/wp-content\/uploads\/2021\/06\/qazetler.jpg",620,349,false],"post-thumbnail":["https:\/\/arantv.az\/wp-content\/uploads\/2021\/06\/qazetler-240x172.jpg",240,172,true],"advps-thumb-one":["https:\/\/arantv.az\/wp-content\/uploads\/2021\/06\/qazetler.jpg",620,349,false]},"rttpg_author":{"display_name":"V\u00fcsal Rafiqo\u011flu","author_link":"https:\/\/arantv.az\/?author=2"},"rttpg_comment":0,"rttpg_category":"<a href=\"https:\/\/arantv.az\/?cat=1\" rel=\"category\">C\u0259miyy\u0259t<\/a>","rttpg_excerpt":"Milli M\u0259clis media subyektl\u0259ri t\u0259r\u0259find\u0259n istehsal olunan media m\u0259hsullar\u0131n\u0131n t\u0259qdim edilm\u0259sinin \u018fDV-d\u0259n azad edilm\u0259sini q\u0259bul edib. \u201cReport\u201d x\u0259b\u0259r verir ki, Vergi M\u0259c\u0259ll\u0259sin\u0259 t\u0259klif edil\u0259n d\u0259yi\u015fiklik layih\u0259si Milli M\u0259clisin bug\u00fcnk\u00fc plenar iclas\u0131nda m\u00fczakir\u0259y\u0259 \u00e7\u0131xar\u0131l\u0131b. Layih\u0259nin qeyd hiss\u0259sind\u0259 \u0259sasland\u0131r\u0131l\u0131b ki, \u201cMedia haqq\u0131nda\u201d qanunun 4-c\u00fc madd\u0259sind\u0259 median\u0131n inki\u015faf\u0131n\u0131n t\u0259\u015fviqi v\u0259 media subyektl\u0259rinin f\u0259aliyy\u0259tini stimulla\u015fd\u0131rmas\u0131 n\u0259z\u0259rd\u0259 tutulur. H\u0259min qanuna&hellip;","_links":{"self":[{"href":"https:\/\/arantv.az\/index.php?rest_route=\/wp\/v2\/posts\/573566"}],"collection":[{"href":"https:\/\/arantv.az\/index.php?rest_route=\/wp\/v2\/posts"}],"about":[{"href":"https:\/\/arantv.az\/index.php?rest_route=\/wp\/v2\/types\/post"}],"author":[{"embeddable":true,"href":"https:\/\/arantv.az\/index.php?rest_route=\/wp\/v2\/users\/2"}],"replies":[{"embeddable":true,"href":"https:\/\/arantv.az\/index.php?rest_route=%2Fwp%2Fv2%2Fcomments&post=573566"}],"version-history":[{"count":0,"href":"https:\/\/arantv.az\/index.php?rest_route=\/wp\/v2\/posts\/573566\/revisions"}],"wp:featuredmedia":[{"embeddable":true,"href":"https:\/\/arantv.az\/index.php?rest_route=\/wp\/v2\/media\/342401"}],"wp:attachment":[{"href":"https:\/\/arantv.az\/index.php?rest_route=%2Fwp%2Fv2%2Fmedia&parent=573566"}],"wp:term":[{"taxonomy":"category","embeddable":true,"href":"https:\/\/arantv.az\/index.php?rest_route=%2Fwp%2Fv2%2Fcategories&post=573566"},{"taxonomy":"post_tag","embeddable":true,"href":"https:\/\/arantv.az\/index.php?rest_route=%2Fwp%2Fv2%2Ftags&post=573566"}],"curies":[{"name":"wp","href":"https:\/\/api.w.org\/{rel}","templated":true}]}}