{"id":573604,"date":"2023-03-07T12:22:43","date_gmt":"2023-03-07T09:22:43","guid":{"rendered":"https:\/\/arantv.az\/?p=573604"},"modified":"2023-03-07T12:22:43","modified_gmt":"2023-03-07T09:22:43","slug":"milyonlarin-konlund%c9%99-taxt-quran-insan-turkiy%c9%99-mediasi-s%c9%99rv%c9%99rd%c9%99n-yazdi-video-fotolar","status":"publish","type":"post","link":"https:\/\/arantv.az\/?p=573604","title":{"rendered":"Milyonlar\u0131n k\u00f6nl\u00fcnd\u0259 taxt quran insan&#8230; &#8211; T\u00fcrkiy\u0259 medias\u0131 S\u0259rv\u0259rd\u0259n yazd\u0131 &#8211; V\u0130DEO, FOTOLAR"},"content":{"rendered":"<div class=\"text-content\" data-id=\"\" data-url=\"\">\n<p><strong><em>K\u00f6hn\u0259 &#8220;VAZ-2107&#8243;si il\u0259 T\u00fcrkiy\u0259y\u0259 yard\u0131m m\u0259nt\u0259q\u0259sin\u0259 \u0259\u015fya da\u015f\u0131yan zaman g\u00f6r\u00fcnt\u00fcl\u0259n\u0259n S\u0259rv\u0259r B\u0259\u015firli s\u00f6z\u00fcn \u0259sl m\u0259nas\u0131nda fenomen\u0259 \u00e7evrildi.\u00a0Onun\u00a0bu yard\u0131m\u0131 h\u0259r k\u0259sin \u00fcr\u0259yin\u0259 toxundu&#8230;\u00a0<\/em><\/strong><\/p>\n<p><em>Xeyriyy\u0259\u00e7i i\u015f adam\u0131, T\u00fcrkiy\u0259d\u0259 bir \u00e7ox yard\u0131mlar\u0131 il\u0259 tan\u0131nan, \u201cAtlas\u201d m\u0259d\u0259n, m\u00fch\u0259ndislik, in\u015faat v\u0259 konsaltinq \u015firk\u0259tinin sahibi Sabahaddin Civelek S\u0259rv\u0259r B\u0259\u015firlinin bu add\u0131m\u0131na cavab olaraq, ona avtomobil h\u0259diyy\u0259 etdi. Avtomobil S\u0259rv\u0259r B\u0259\u015firlinin atas\u0131na i\u015f adam\u0131n\u0131n\u00a0 yax\u0131n dostu, onu bu xeyir i\u015fd\u0259 t\u0259msil ed\u0259n \u201cYeni M\u00fcsavat\u201d Media Qrupunun r\u0259hb\u0259ri Rauf Arifo\u011flu t\u0259r\u0259find\u0259n t\u0259qdim edildi.\u00a0Daha sonra\u00a0S\u0259rv\u0259r B\u0259\u015firliy\u0259 yeni avtomobil h\u0259diyy\u0259 ed\u0259n t\u00fcrkiy\u0259li i\u015f adam\u0131 Sebahettin Civelek Bak\u0131ya g\u0259ldi. Dostlar\u0131 &#8211; \u201cYeni M\u00fcsavat\u201d Media Qrupunun r\u0259hb\u0259ri Rauf Arifo\u011flu v\u0259 \u00fclk\u00fcc\u00fc Ali Y\u0131ld\u0131r\u0131m il\u0259 birg\u0259 S\u0259rv\u0259rin ail\u0259sinin qona\u011f\u0131 olan i\u015f adam\u0131 qeyd etdi ki, onun t\u0259\u015f\u0259bb\u00fcs\u00fc il\u0259 S\u0259rv\u0259r B\u0259\u015firlinin ya\u015fad\u0131\u011f\u0131 h\u0259y\u0259td\u0259 ikim\u0259rt\u0259b\u0259li ev tikil\u0259c\u0259k.<\/em><\/p>\n<p><strong>ARANTV.AZ <\/strong>\u00a0x\u0259b\u0259r verir ki, bu hadis\u0259 \u00f6lk\u0259 medias\u0131 il\u0259 yana\u015f\u0131, T\u00fcrkiy\u0259 m\u0259tbuat\u0131nda da geni\u015f i\u015f\u0131qland\u0131r\u0131l\u0131b.<\/p>\n<p><em><strong>Anadolu Ajans\u0131, TRT v\u0259\u00a0dig\u0259r x\u0259b\u0259r agentlikl\u0259rinin yay\u0131nlad\u0131\u011f\u0131 materiallarda\u00a0S\u0259rv\u0259r B\u0259\u015firlinin atd\u0131\u011f\u0131 add\u0131m alq\u0131\u015flan\u0131b, onun milyonlarla insan\u0131n k\u00f6nl\u00fcnd\u0259 taxt qurdu\u011fu, t\u00fcrk xalq\u0131n\u0131n t\u0259qdirini qazand\u0131\u011f\u0131 qeyd edilib.<\/strong><\/em><\/p>\n<p><em><strong>T\u00fcrkiy\u0259 m\u0259tbuat\u0131 yaz\u0131r ki, &#8220;qarda\u015f\u0131n h\u0259r k\u0259si a\u011fladan yax\u015f\u0131l\u0131\u011f\u0131 qar\u015f\u0131l\u0131qs\u0131z qalmay\u0131b&#8221;.<\/strong><\/em><\/p>\n<p>Qarda\u015f \u00f6lk\u0259nin medias\u0131 Sabahaddin Civelekin a\u00e7\u0131qlamalar\u0131na da yer verib.<\/p>\n<p>&#8220;O bir simvoldur. Onun k\u00f6hn\u0259 ma\u015f\u0131n\u0131 iki mill\u0259t aras\u0131ndak\u0131 dostlu\u011fun simvolu kimi qorunub saxlanmal\u0131d\u0131r. \u018fslind\u0259, S\u0259rv\u0259r B\u0259\u015firlinin timsal\u0131nda Az\u0259rbaycan\u0131n T\u00fcrk\u00a0xalq\u0131na uzatd\u0131\u011f\u0131 \u0259li g\u00f6rd\u00fck. Onu g\u00f6rm\u0259k \u00fc\u00e7\u00fcn Bak\u0131ya getdim. \u0130ll\u0259rl\u0259 bir-birini g\u00f6rm\u0259y\u0259n iki qarda\u015f kimi qucaqla\u015fd\u0131q, \u00e7ox duy\u011fusal anlar ya\u015fad\u0131q&#8221; &#8211;\u00a0<strong>Civelek deyib.<\/strong><\/p>\n<p><em><strong><iframe src=\"https:\/\/www.youtube.com\/embed\/-WrCyt3Wnfk\" allowfullscreen=\"allowfullscreen\" data-mce-fragment=\"1\"><\/iframe><\/strong><\/em><em><strong><br \/>\n<\/strong><\/em><\/p>\n<p>&nbsp;<\/p>\n<\/div>\n<div>\n<div class=\"form-group\"><img class=\"img-responsive\" src=\"https:\/\/cdn.musavat.com\/news\/images\/NigarJafarli\/WhatsApp%20Image%202023-03-07%20at%2012.29.15%20(2).jpeg\" \/><\/div>\n<div class=\"form-group\"><img class=\"img-responsive\" src=\"https:\/\/cdn.musavat.com\/news\/images\/NigarJafarli\/WhatsApp%20Image%202023-03-07%20at%2012.29.15%20(3).jpeg\" \/><\/div>\n<div class=\"form-group\"><img class=\"img-responsive\" src=\"https:\/\/cdn.musavat.com\/news\/images\/NigarJafarli\/WhatsApp%20Image%202023-03-07%20at%2012.29.16%20(2).jpeg\" \/><\/div>\n<div class=\"form-group\"><img class=\"img-responsive\" src=\"https:\/\/cdn.musavat.com\/news\/images\/NigarJafarli\/WhatsApp%20Image%202023-03-07%20at%2012.29.16%20(3).jpeg\" \/><\/div>\n<\/div>\n","protected":false},"excerpt":{"rendered":"<p>K\u00f6hn\u0259 &#8220;VAZ-2107&#8243;si il\u0259 T\u00fcrkiy\u0259y\u0259 yard\u0131m m\u0259nt\u0259q\u0259sin\u0259 \u0259\u015fya da\u015f\u0131yan zaman g\u00f6r\u00fcnt\u00fcl\u0259n\u0259n S\u0259rv\u0259r B\u0259\u015firli s\u00f6z\u00fcn \u0259sl m\u0259nas\u0131nda fenomen\u0259 \u00e7evrildi.\u00a0Onun\u00a0bu yard\u0131m\u0131 h\u0259r k\u0259sin \u00fcr\u0259yin\u0259 toxundu&#8230;\u00a0 Xeyriyy\u0259\u00e7i i\u015f adam\u0131, T\u00fcrkiy\u0259d\u0259 bir \u00e7ox yard\u0131mlar\u0131 il\u0259 tan\u0131nan, \u201cAtlas\u201d m\u0259d\u0259n, m\u00fch\u0259ndislik, in\u015faat v\u0259 konsaltinq \u015firk\u0259tinin sahibi Sabahaddin Civelek S\u0259rv\u0259r B\u0259\u015firlinin bu add\u0131m\u0131na cavab olaraq, ona avtomobil h\u0259diyy\u0259 etdi. Avtomobil S\u0259rv\u0259r B\u0259\u015firlinin atas\u0131na i\u015f adam\u0131n\u0131n\u00a0 yax\u0131n dostu, onu bu xeyir i\u015fd\u0259 t\u0259msil ed\u0259n \u201cYeni M\u00fcsavat\u201d Media Qrupunun r\u0259hb\u0259ri Rauf Arifo\u011flu t\u0259r\u0259find\u0259n t\u0259qdim edildi.\u00a0Daha sonra\u00a0S\u0259rv\u0259r B\u0259\u015firliy\u0259 yeni avtomobil h\u0259diyy\u0259 ed\u0259n t\u00fcrkiy\u0259li i\u015f adam\u0131 Sebahettin Civelek Bak\u0131ya g\u0259ldi. Dostlar\u0131 &#8211;&hellip;<\/p>\n","protected":false},"author":2,"featured_media":573605,"comment_status":"closed","ping_status":"closed","sticky":false,"template":"","format":"standard","meta":{"om_disable_all_campaigns":false,"_monsterinsights_skip_tracking":false,"_monsterinsights_sitenote_active":false,"_monsterinsights_sitenote_note":"","_monsterinsights_sitenote_category":0},"categories":[1],"tags":[],"aioseo_notices":[],"gutentor_comment":0,"rttpg_featured_image_url":{"full":["https:\/\/arantv.az\/wp-content\/uploads\/2023\/03\/7c93d3cf9ccfd059501fb3d860ff6fc3.jpg",857,492,false],"landscape":["https:\/\/arantv.az\/wp-content\/uploads\/2023\/03\/7c93d3cf9ccfd059501fb3d860ff6fc3.jpg",857,492,false],"portraits":["https:\/\/arantv.az\/wp-content\/uploads\/2023\/03\/7c93d3cf9ccfd059501fb3d860ff6fc3.jpg",857,492,false],"thumbnail":["https:\/\/arantv.az\/wp-content\/uploads\/2023\/03\/7c93d3cf9ccfd059501fb3d860ff6fc3-500x280.jpg",500,280,true],"medium":["https:\/\/arantv.az\/wp-content\/uploads\/2023\/03\/7c93d3cf9ccfd059501fb3d860ff6fc3-636x365.jpg",636,365,true],"large":["https:\/\/arantv.az\/wp-content\/uploads\/2023\/03\/7c93d3cf9ccfd059501fb3d860ff6fc3-840x482.jpg",640,367,true],"1536x1536":["https:\/\/arantv.az\/wp-content\/uploads\/2023\/03\/7c93d3cf9ccfd059501fb3d860ff6fc3.jpg",857,492,false],"2048x2048":["https:\/\/arantv.az\/wp-content\/uploads\/2023\/03\/7c93d3cf9ccfd059501fb3d860ff6fc3.jpg",857,492,false],"post-thumbnail":["https:\/\/arantv.az\/wp-content\/uploads\/2023\/03\/7c93d3cf9ccfd059501fb3d860ff6fc3-240x172.jpg",240,172,true],"advps-thumb-one":["https:\/\/arantv.az\/wp-content\/uploads\/2023\/03\/7c93d3cf9ccfd059501fb3d860ff6fc3.jpg",857,492,false]},"rttpg_author":{"display_name":"V\u00fcsal Rafiqo\u011flu","author_link":"https:\/\/arantv.az\/?author=2"},"rttpg_comment":0,"rttpg_category":"<a href=\"https:\/\/arantv.az\/?cat=1\" rel=\"category\">C\u0259miyy\u0259t<\/a>","rttpg_excerpt":"K\u00f6hn\u0259 &#8220;VAZ-2107&#8243;si il\u0259 T\u00fcrkiy\u0259y\u0259 yard\u0131m m\u0259nt\u0259q\u0259sin\u0259 \u0259\u015fya da\u015f\u0131yan zaman g\u00f6r\u00fcnt\u00fcl\u0259n\u0259n S\u0259rv\u0259r B\u0259\u015firli s\u00f6z\u00fcn \u0259sl m\u0259nas\u0131nda fenomen\u0259 \u00e7evrildi.\u00a0Onun\u00a0bu yard\u0131m\u0131 h\u0259r k\u0259sin \u00fcr\u0259yin\u0259 toxundu&#8230;\u00a0 Xeyriyy\u0259\u00e7i i\u015f adam\u0131, T\u00fcrkiy\u0259d\u0259 bir \u00e7ox yard\u0131mlar\u0131 il\u0259 tan\u0131nan, \u201cAtlas\u201d m\u0259d\u0259n, m\u00fch\u0259ndislik, in\u015faat v\u0259 konsaltinq \u015firk\u0259tinin sahibi Sabahaddin Civelek S\u0259rv\u0259r B\u0259\u015firlinin bu add\u0131m\u0131na cavab olaraq, ona avtomobil h\u0259diyy\u0259 etdi. Avtomobil S\u0259rv\u0259r B\u0259\u015firlinin atas\u0131na&hellip;","_links":{"self":[{"href":"https:\/\/arantv.az\/index.php?rest_route=\/wp\/v2\/posts\/573604"}],"collection":[{"href":"https:\/\/arantv.az\/index.php?rest_route=\/wp\/v2\/posts"}],"about":[{"href":"https:\/\/arantv.az\/index.php?rest_route=\/wp\/v2\/types\/post"}],"author":[{"embeddable":true,"href":"https:\/\/arantv.az\/index.php?rest_route=\/wp\/v2\/users\/2"}],"replies":[{"embeddable":true,"href":"https:\/\/arantv.az\/index.php?rest_route=%2Fwp%2Fv2%2Fcomments&post=573604"}],"version-history":[{"count":0,"href":"https:\/\/arantv.az\/index.php?rest_route=\/wp\/v2\/posts\/573604\/revisions"}],"wp:featuredmedia":[{"embeddable":true,"href":"https:\/\/arantv.az\/index.php?rest_route=\/wp\/v2\/media\/573605"}],"wp:attachment":[{"href":"https:\/\/arantv.az\/index.php?rest_route=%2Fwp%2Fv2%2Fmedia&parent=573604"}],"wp:term":[{"taxonomy":"category","embeddable":true,"href":"https:\/\/arantv.az\/index.php?rest_route=%2Fwp%2Fv2%2Fcategories&post=573604"},{"taxonomy":"post_tag","embeddable":true,"href":"https:\/\/arantv.az\/index.php?rest_route=%2Fwp%2Fv2%2Ftags&post=573604"}],"curies":[{"name":"wp","href":"https:\/\/api.w.org\/{rel}","templated":true}]}}