{"id":573607,"date":"2023-03-07T12:23:33","date_gmt":"2023-03-07T09:23:33","guid":{"rendered":"https:\/\/arantv.az\/?p=573607"},"modified":"2023-03-07T12:23:33","modified_gmt":"2023-03-07T09:23:33","slug":"s%c9%99firliyimizd%c9%99ki-terrorun-istintaqinda-maraqli-g%c9%99lism%c9%99-molla-rejimi-yumsalir-yoxsa","status":"publish","type":"post","link":"https:\/\/arantv.az\/?p=573607","title":{"rendered":"S\u0259firliyimizd\u0259ki terrorun istintaq\u0131nda maraql\u0131 g\u0259li\u015fm\u0259: molla rejimi yum\u015fal\u0131r, yoxsa&#8230;"},"content":{"rendered":"<p><strong>Bu il yanvar\u0131n 27-d\u0259 Tehrandak\u0131 s\u0259firliyimiz\u0259 edil\u0259n, bir n\u0259f\u0259rin \u00f6l\u00fcm\u00fc, iki n\u0259f\u0259rin is\u0259 yaralanmas\u0131na g\u0259tir\u0259n silahl\u0131 v\u0259 xain terror h\u00fccumundan 40 g\u00fcn\u0259 yax\u0131n vaxt ke\u00e7ir. Art\u0131q bir \u015feyi q\u0259ti \u0259minlikl\u0259 s\u00f6yl\u0259m\u0259k olar ki, Az\u0259rbaycan d\u00f6vl\u0259tin\u0259 qar\u015f\u0131 t\u00f6r\u0259dilmi\u015f bu qanl\u0131 cinay\u0259t olay\u0131 \u0130ran t\u0259r\u0259find\u0259n obyektiv ara\u015fd\u0131r\u0131lmay\u0131nca v\u0259 terror\u00e7u layiqli c\u0259zas\u0131n\u0131 almay\u0131nca, iki \u00f6lk\u0259 aras\u0131nda m\u00fcnasib\u0259tl\u0259r normal m\u0259craya qay\u0131tmayacaq. Bu bar\u0259d\u0259 Prezident \u0130lham \u018fliyev son olaraq, fevral\u0131n 18-d\u0259 M\u00fcnhend\u0259 q\u0259ti s\u00f6z\u00fcn\u00fc deyib.<\/strong><\/p>\n<p>Maraql\u0131d\u0131r ki, ke\u00e7\u0259n h\u0259ft\u0259sonu \u0130ran Az\u0259rbaycana s\u0259firliy\u0259 silahl\u0131 h\u00fccumun t\u0259hqiqat\u0131n\u0131 s\u00fcr\u0259tl\u0259ndirm\u0259k \u00fc\u00e7\u00fcn Tehrana v\u0259 Bak\u0131ya ekspert qruplar\u0131 g\u00f6nd\u0259rm\u0259yi t\u0259klif edib.<\/p>\n<p>M\u00fcvafiq t\u0259klifi \u0130ran xarici i\u015fl\u0259r nazirinin iqtisadi diplomatiya \u00fczr\u0259 m\u00fcavini Mehdi S\u0259f\u0259ri Bak\u0131da Az\u0259rbaycan\u0131n xarici i\u015fl\u0259r naziri Ceyhun Bayramovla g\u00f6r\u00fc\u015f\u00fcnd\u0259 s\u0259sl\u0259ndirib.<\/p>\n<p>M\u0259lumata g\u00f6r\u0259, g\u00f6r\u00fc\u015f zaman\u0131 S\u0259f\u0259ri \u201ci\u015fl\u0259 ba\u011fl\u0131 son hesabat\u0131 t\u0259qdim edib\u201d v\u0259 Az\u0259rbaycan hakimiyy\u0259tind\u0259n m\u0259hk\u0259m\u0259 prosesinin tamamlanmas\u0131n\u0131 s\u00fcr\u0259tl\u0259ndirm\u0259k \u00fc\u00e7\u00fcn iki \u00f6lk\u0259nin m\u00fcvafiq ekspertl\u0259rind\u0259n ibar\u0259t qruplar\u0131n Tehran v\u0259 Bak\u0131ya g\u00f6nd\u0259rilm\u0259sini xahi\u015f edib.<\/p>\n<p><img src=\"https:\/\/ordu.az\/photos\/2022\/10\/trend-1665476324.jpg\" alt=\"Erm\u0259nistan t\u00f6r\u0259tdiyi cinay\u0259tl\u0259rin m\u0259suliyy\u0259tini da\u015f\u0131mal\u0131d\u0131r - M\u0259tin M\u0259mm\u0259dli\" \/><\/p>\n<p><strong>M\u0259tin M\u0259mm\u0259dli: \u201cTehran sanki m\u0259suliyy\u0259ti \u00f6z \u00fcz\u0259rind\u0259n atmaq ist\u0259yir\u201d<\/strong><\/p>\n<p>Beyn\u0259lxalq M\u00fcnasib\u0259tl\u0259rin T\u0259hlili M\u0259rk\u0259zinin ba\u015f m\u0259sl\u0259h\u0259t\u00e7isi M\u0259tin M\u0259mm\u0259dli \u0130ran X\u0130N m\u00fcavininin s\u0259sl\u0259ndirdiyi fikirl\u0259ri s\u0259mimi hesab etmir. \u201cYeni M\u00fcsavat\u201da a\u00e7\u0131qlamas\u0131nda m\u00fct\u0259x\u0259ssis bildirdi ki, s\u0259firliyimiz\u0259 terror h\u00fccumundan sonra\u00a0 \u0130ran h\u00f6kun\u0259tinin, r\u0259smil\u0259rin, h\u00fcquq-m\u00fchafiz\u0259 orqanlar\u0131n\u0131n atd\u0131\u011f\u0131 add\u0131mlar bir daha s\u00fcbut etdi ki, terror akt\u0131 \u0130ran daxilind\u0259ki m\u00fc\u0259yy\u0259n q\u00fcvv\u0259l\u0259r t\u0259r\u0259find\u0259n t\u00f6r\u0259dilib: \u201cHesab edir\u0259m ki, \u0130ran X\u0130N m\u00fcavininin s\u0259sl\u0259ndirdiyi t\u0259klifl\u0259r ba\u015f vermi\u015f cinay\u0259tin p\u0259rd\u0259l\u0259nm\u0259si m\u0259qs\u0259di da\u015f\u0131y\u0131r. Bununla da Tehran sanki m\u0259suliyy\u0259ti \u00f6z \u00fcz\u0259rind\u0259n atmaq ist\u0259yir. Az\u0259rbaycan\u0131n m\u00f6vqeyi ayd\u0131nd\u0131r. Terror h\u00fccumu ba\u015f ver\u0259nd\u0259n q\u0131sa m\u00fcdd\u0259t sonra Az\u0259rbaycan h\u00fcquq-m\u00fchafiz\u0259 orqanlar\u0131 a\u00e7\u0131qlamas\u0131nda hadis\u0259ni yerind\u0259 ara\u015fd\u0131rma\u011fa haz\u0131r oldu\u011funu bildirib. Perspektivl\u0259rind\u0259n \u0259min olmasam da, d\u00fc\u015f\u00fcn\u00fcr\u0259m ki, h\u0259r bir halda t\u0259klifl\u0259r d\u0259y\u0259rl\u0259ndiril\u0259 bil\u0259r. \u00dcmumilikd\u0259, Az\u0259rbaycan \u0130ranla m\u00fcnasib\u0259tl\u0259rind\u0259 daha t\u0259mkinli m\u00f6vqe n\u00fcmayi\u015f etdirir, \u0130ran\u0131n \u00f6lk\u0259miz\u0259 qar\u015f\u0131 siyas\u0259tin\u0259 daha adekvat siyas\u0259t h\u0259yata ke\u00e7irir. \u0130ki \u00f6lk\u0259 aras\u0131ndak\u0131 m\u00fcnasib\u0259tl\u0259rd\u0259 bu tendensiya davam ed\u0259c\u0259k\u201d.<\/p>\n<p><img src=\"https:\/\/upload.wikimedia.org\/wikipedia\/az\/6\/6a\/Elman_N%C9%99sirov%2C_2020.jpg\" alt=\"Elman N\u0259sirov \u2014 Vikipediya\" \/><\/p>\n<p><strong>Elman N\u0259sirov: \u201cBu, sad\u0259c\u0259, vaxt\u0131 uzatmaq \u00fc\u00e7\u00fcn c\u0259hddir\u201d<\/strong><\/p>\n<p><strong>Mill\u0259t v\u0259kili Elman N\u0259sirov \u201cYeni M\u00fcsavat\u201da m\u00f6vzunu \u015f\u0259rh ed\u0259rk\u0259n qeyd etdi ki, kamera g\u00f6r\u00fcnt\u00fcl\u0259ri v\u0259 s. d\u0259lill\u0259r oldu\u011fu halda \u0130ran h\u00fcquq-m\u00fchafiz\u0259 orqanlar\u0131n\u0131n ara\u015fd\u0131rma il\u0259 ba\u011fl\u0131 yana\u015fmas\u0131 ayd\u0131n deyil:<\/strong>\u00a0\u201cLaz\u0131mi s\u00fcbutlar\u0131n olmas\u0131na baxmayaraq, x\u00fcsusi ekspert qrupunun i\u015ftirak\u0131 il\u0259 ara\u015fd\u0131rma apar\u0131lmas\u0131 t\u0259klifi anla\u015f\u0131lan deyil. Bel\u0259 hesab edir\u0259m ki, bu, sad\u0259c\u0259, vaxt\u0131 uzatmaq \u00fc\u00e7\u00fcn c\u0259hddir. \u0130ran t\u0259r\u0259fi guya t\u0259hqiqat aparmaqda maraql\u0131 oldu\u011funu g\u00f6st\u0259rm\u0259k m\u0259qs\u0259dil\u0259 bel\u0259 bir t\u0259\u015f\u0259bb\u00fcs ir\u0259li s\u00fcr\u00fcb.\u00a0 Az\u0259rbaycan t\u0259r\u0259finin hans\u0131 add\u0131mlar ataca\u011f\u0131n\u0131 bilmir\u0259m. Hesab edir\u0259m ki, s\u00fcbutlar laz\u0131mi q\u0259d\u0259rdir, buna g\u00f6r\u0259 d\u0259 ayr\u0131ca ekspert qrupuna l\u00fczum yoxdur. \u0130ran t\u0259r\u0259finin bu terror akt\u0131n\u0131 obyektiv, d\u00fcr\u00fcst ara\u015fd\u0131rmaq niyy\u0259ti varsa, cinay\u0259tkarlar\u0131n c\u0259zaland\u0131r\u0131lmas\u0131 namin\u0259 raz\u0131la\u015fmaq olar\u201d.<\/p>\n<p><img src=\"https:\/\/img.milli.az\/2019\/07\/10\/769899.jpg\" alt=\"Ceyhun M\u0259mm\u0259dov medalla t\u0259ltif edilib - FOTO\" \/><\/p>\n<p><strong>\u00a0Ceyhun M\u0259mm\u0259dov: \u201c\u0130ran Az\u0259rbaycanla ba\u011fl\u0131 siyas\u0259tini tamamil\u0259 d\u0259yi\u015fm\u0259lidir\u201d<\/strong><\/p>\n<p>&nbsp;<\/p>\n<p><strong>Mill\u0259t v\u0259kili Ceyhun M\u0259mm\u0259dov bildirdi ki, son q\u0259rar d\u00f6vl\u0259t s\u0259viyy\u0259sind\u0259 veril\u0259c\u0259k. C.M\u0259mm\u0259dov \u0130ran\u0131n davaml\u0131 olaraq Az\u0259rbaycana qar\u015f\u0131 t\u0259xribatlar etdiyini bildirdi:<\/strong>\u00a0\u201cS\u0259firliyimiz\u0259 h\u00fccum davaml\u0131 t\u0259xribatlardan biridir. \u0130ran Az\u0259rbaycanla ba\u011fl\u0131 siyas\u0259tini tamamil\u0259 d\u0259yi\u015fm\u0259lidir. Yana\u015fma d\u0259yi\u015fm\u0259dikc\u0259 ciddi n\u0259tic\u0259 g\u00f6zl\u0259m\u0259y\u0259 d\u0259ym\u0259z. Az\u0259rbaycana qar\u015f\u0131 d\u00fc\u015fm\u0259n\u00e7iliyin t\u0259bli\u011fi \u00fcmumi prosesin bir hiss\u0259sidir. \u0130ran m\u0259tbuat\u0131, el\u0259c\u0259 d\u0259 vaxtil\u0259 \u0130randa t\u0259hsil alan, \u0130ran\u0131n y\u00f6nl\u0259ndirdiyi \u015f\u0259xsl\u0259r gec\u0259-g\u00fcnd\u00fcz Az\u0259rbaycan d\u00f6vl\u0259tin\u0259 qar\u015f\u0131 t\u0259bli\u011fat apar\u0131rlar. S\u0259firlikd\u0259 t\u00f6r\u0259dil\u0259n terror akt\u0131 il\u0259 ba\u011fl\u0131 birg\u0259 ara\u015fd\u0131rma apar\u0131la bil\u0259r, amma bu, v\u0259ziyy\u0259td\u0259n as\u0131l\u0131d\u0131r. Z\u0259ng\u0259zur d\u0259hlizinin q\u0131rm\u0131z\u0131 x\u0259tt olma m\u0259s\u0259l\u0259si, konsullu\u011fun a\u00e7\u0131lmas\u0131, \u0259ks-t\u0259bli\u011fat\u0131n apar\u0131lmas\u0131, silahlar\u0131n da\u015f\u0131nmas\u0131, \u0259m\u0259kda\u015fl\u0131\u011f\u0131n g\u00fccl\u0259ndirilm\u0259si, m\u00fcharib\u0259d\u0259 yaralanan erm\u0259nil\u0259r\u0259 d\u0259st\u0259k g\u00f6st\u0259rilm\u0259si, Erm\u0259nistanla birg\u0259 minalar\u0131n t\u0259mizl\u0259nm\u0259si istiqam\u0259tind\u0259 layih\u0259l\u0259rin icra edilm\u0259si v\u0259 s. kimi yana\u015fmalar d\u0259yi\u015fm\u0259lidir, lakin biz h\u0259l\u0259 ki bunu g\u00f6rm\u00fcr\u00fck\u201d.<\/p>\n","protected":false},"excerpt":{"rendered":"<p>Bu il yanvar\u0131n 27-d\u0259 Tehrandak\u0131 s\u0259firliyimiz\u0259 edil\u0259n, bir n\u0259f\u0259rin \u00f6l\u00fcm\u00fc, iki n\u0259f\u0259rin is\u0259 yaralanmas\u0131na g\u0259tir\u0259n silahl\u0131 v\u0259 xain terror h\u00fccumundan 40 g\u00fcn\u0259 yax\u0131n vaxt ke\u00e7ir. Art\u0131q bir \u015feyi q\u0259ti \u0259minlikl\u0259 s\u00f6yl\u0259m\u0259k olar ki, Az\u0259rbaycan d\u00f6vl\u0259tin\u0259 qar\u015f\u0131 t\u00f6r\u0259dilmi\u015f bu qanl\u0131 cinay\u0259t olay\u0131 \u0130ran t\u0259r\u0259find\u0259n obyektiv ara\u015fd\u0131r\u0131lmay\u0131nca v\u0259 terror\u00e7u layiqli c\u0259zas\u0131n\u0131 almay\u0131nca, iki \u00f6lk\u0259 aras\u0131nda m\u00fcnasib\u0259tl\u0259r normal m\u0259craya qay\u0131tmayacaq. Bu bar\u0259d\u0259 Prezident \u0130lham \u018fliyev son olaraq, fevral\u0131n 18-d\u0259 M\u00fcnhend\u0259 q\u0259ti s\u00f6z\u00fcn\u00fc deyib. Maraql\u0131d\u0131r ki, ke\u00e7\u0259n h\u0259ft\u0259sonu \u0130ran Az\u0259rbaycana s\u0259firliy\u0259 silahl\u0131 h\u00fccumun t\u0259hqiqat\u0131n\u0131 s\u00fcr\u0259tl\u0259ndirm\u0259k \u00fc\u00e7\u00fcn Tehrana v\u0259 Bak\u0131ya ekspert qruplar\u0131 g\u00f6nd\u0259rm\u0259yi t\u0259klif edib.&hellip;<\/p>\n","protected":false},"author":2,"featured_media":573608,"comment_status":"closed","ping_status":"closed","sticky":false,"template":"","format":"standard","meta":{"om_disable_all_campaigns":false,"_monsterinsights_skip_tracking":false,"_monsterinsights_sitenote_active":false,"_monsterinsights_sitenote_note":"","_monsterinsights_sitenote_category":0},"categories":[19],"tags":[],"aioseo_notices":[],"gutentor_comment":0,"rttpg_featured_image_url":{"full":["https:\/\/arantv.az\/wp-content\/uploads\/2023\/03\/d2b142a8b2014839bee939ba23591858.jpg",800,500,false],"landscape":["https:\/\/arantv.az\/wp-content\/uploads\/2023\/03\/d2b142a8b2014839bee939ba23591858.jpg",800,500,false],"portraits":["https:\/\/arantv.az\/wp-content\/uploads\/2023\/03\/d2b142a8b2014839bee939ba23591858.jpg",800,500,false],"thumbnail":["https:\/\/arantv.az\/wp-content\/uploads\/2023\/03\/d2b142a8b2014839bee939ba23591858-500x280.jpg",500,280,true],"medium":["https:\/\/arantv.az\/wp-content\/uploads\/2023\/03\/d2b142a8b2014839bee939ba23591858-584x365.jpg",584,365,true],"large":["https:\/\/arantv.az\/wp-content\/uploads\/2023\/03\/d2b142a8b2014839bee939ba23591858.jpg",640,400,false],"1536x1536":["https:\/\/arantv.az\/wp-content\/uploads\/2023\/03\/d2b142a8b2014839bee939ba23591858.jpg",800,500,false],"2048x2048":["https:\/\/arantv.az\/wp-content\/uploads\/2023\/03\/d2b142a8b2014839bee939ba23591858.jpg",800,500,false],"post-thumbnail":["https:\/\/arantv.az\/wp-content\/uploads\/2023\/03\/d2b142a8b2014839bee939ba23591858-240x172.jpg",240,172,true],"advps-thumb-one":["https:\/\/arantv.az\/wp-content\/uploads\/2023\/03\/d2b142a8b2014839bee939ba23591858.jpg",800,500,false]},"rttpg_author":{"display_name":"V\u00fcsal Rafiqo\u011flu","author_link":"https:\/\/arantv.az\/?author=2"},"rttpg_comment":0,"rttpg_category":"<a href=\"https:\/\/arantv.az\/?cat=19\" rel=\"category\">G\u00fcnd\u0259m<\/a>","rttpg_excerpt":"Bu il yanvar\u0131n 27-d\u0259 Tehrandak\u0131 s\u0259firliyimiz\u0259 edil\u0259n, bir n\u0259f\u0259rin \u00f6l\u00fcm\u00fc, iki n\u0259f\u0259rin is\u0259 yaralanmas\u0131na g\u0259tir\u0259n silahl\u0131 v\u0259 xain terror h\u00fccumundan 40 g\u00fcn\u0259 yax\u0131n vaxt ke\u00e7ir. Art\u0131q bir \u015feyi q\u0259ti \u0259minlikl\u0259 s\u00f6yl\u0259m\u0259k olar ki, Az\u0259rbaycan d\u00f6vl\u0259tin\u0259 qar\u015f\u0131 t\u00f6r\u0259dilmi\u015f bu qanl\u0131 cinay\u0259t olay\u0131 \u0130ran t\u0259r\u0259find\u0259n obyektiv ara\u015fd\u0131r\u0131lmay\u0131nca v\u0259 terror\u00e7u layiqli c\u0259zas\u0131n\u0131 almay\u0131nca, iki \u00f6lk\u0259 aras\u0131nda m\u00fcnasib\u0259tl\u0259r normal&hellip;","_links":{"self":[{"href":"https:\/\/arantv.az\/index.php?rest_route=\/wp\/v2\/posts\/573607"}],"collection":[{"href":"https:\/\/arantv.az\/index.php?rest_route=\/wp\/v2\/posts"}],"about":[{"href":"https:\/\/arantv.az\/index.php?rest_route=\/wp\/v2\/types\/post"}],"author":[{"embeddable":true,"href":"https:\/\/arantv.az\/index.php?rest_route=\/wp\/v2\/users\/2"}],"replies":[{"embeddable":true,"href":"https:\/\/arantv.az\/index.php?rest_route=%2Fwp%2Fv2%2Fcomments&post=573607"}],"version-history":[{"count":0,"href":"https:\/\/arantv.az\/index.php?rest_route=\/wp\/v2\/posts\/573607\/revisions"}],"wp:featuredmedia":[{"embeddable":true,"href":"https:\/\/arantv.az\/index.php?rest_route=\/wp\/v2\/media\/573608"}],"wp:attachment":[{"href":"https:\/\/arantv.az\/index.php?rest_route=%2Fwp%2Fv2%2Fmedia&parent=573607"}],"wp:term":[{"taxonomy":"category","embeddable":true,"href":"https:\/\/arantv.az\/index.php?rest_route=%2Fwp%2Fv2%2Fcategories&post=573607"},{"taxonomy":"post_tag","embeddable":true,"href":"https:\/\/arantv.az\/index.php?rest_route=%2Fwp%2Fv2%2Ftags&post=573607"}],"curies":[{"name":"wp","href":"https:\/\/api.w.org\/{rel}","templated":true}]}}