{"id":573617,"date":"2023-03-07T14:21:48","date_gmt":"2023-03-07T11:21:48","guid":{"rendered":"https:\/\/arantv.az\/?p=573617"},"modified":"2023-03-07T14:21:48","modified_gmt":"2023-03-07T11:21:48","slug":"ot%c9%99n-gun-goycayda-itkin-dus%c9%99n-s%c9%99xsin-meyiti-tapildi","status":"publish","type":"post","link":"https:\/\/arantv.az\/?p=573617","title":{"rendered":"\u00d6t\u0259n g\u00fcn G\u00f6y\u00e7ayda itkin d\u00fc\u015f\u0259n \u015f\u0259xsin meyiti tap\u0131ld\u0131"},"content":{"rendered":"<p>G\u00f6y\u00e7ay\u00a0rayonunda itkin d\u00fc\u015f\u0259n \u015f\u0259xsin meyiti tap\u0131l\u0131b.<\/p>\n<div class=\"AdviadNativeVideo\"><\/div>\n<p>Daxili \u0130\u015fl\u0259r Nazirliyinin M\u0259tbuat Xidm\u0259tinin \u015e\u0259ki regional qrupunun ba\u015f inspektoru, polis kapitan\u0131 Mahir M\u0259simov bildirib ki,\u00a0mart\u0131n 6-da s\u0259h\u0259r saatlar\u0131nda Q\u0131z\u0131la\u011fac k\u0259nd sakini 1950-ci il t\u0259v\u0259ll\u00fcdl\u00fc M\u0259mm\u0259dov M\u00f6vlan S\u00fcleyman o\u011flunun\u00a0ya\u015fad\u0131\u011f\u0131 evd\u0259n \u00e7\u0131x\u0131b v\u0259 bir daha geri qay\u0131tmamas\u0131 il\u0259\u00a0ba\u011fl\u0131 G\u00f6y\u00e7ay Rayon Polis \u015e\u00f6b\u0259sin\u0259 m\u0259lumat daxil olub.<\/p>\n<p>Bu g\u00fcn M\u00f6vlan M\u0259mm\u0259dovun meyiti k\u0259ndin k\u0259nar\u0131ndan ke\u00e7\u0259n su kanal\u0131ndan\u00a0a\u015fkarlanaraq\u00a0aidiyy\u0259ti \u00fczr\u0259 t\u0259hvil verilib.<\/p>\n<p>Faktla ba\u011fl\u0131 G\u00f6y\u00e7ay Rayon Prokurorlu\u011funda ara\u015fd\u0131rma apar\u0131l\u0131r<\/p>\n","protected":false},"excerpt":{"rendered":"<p>G\u00f6y\u00e7ay\u00a0rayonunda itkin d\u00fc\u015f\u0259n \u015f\u0259xsin meyiti tap\u0131l\u0131b. Daxili \u0130\u015fl\u0259r Nazirliyinin M\u0259tbuat Xidm\u0259tinin \u015e\u0259ki regional qrupunun ba\u015f inspektoru, polis kapitan\u0131 Mahir M\u0259simov bildirib ki,\u00a0mart\u0131n 6-da s\u0259h\u0259r saatlar\u0131nda Q\u0131z\u0131la\u011fac k\u0259nd sakini 1950-ci il t\u0259v\u0259ll\u00fcdl\u00fc M\u0259mm\u0259dov M\u00f6vlan S\u00fcleyman o\u011flunun\u00a0ya\u015fad\u0131\u011f\u0131 evd\u0259n \u00e7\u0131x\u0131b v\u0259 bir daha geri qay\u0131tmamas\u0131 il\u0259\u00a0ba\u011fl\u0131 G\u00f6y\u00e7ay Rayon Polis \u015e\u00f6b\u0259sin\u0259 m\u0259lumat daxil olub. Bu g\u00fcn M\u00f6vlan M\u0259mm\u0259dovun meyiti k\u0259ndin k\u0259nar\u0131ndan ke\u00e7\u0259n su kanal\u0131ndan\u00a0a\u015fkarlanaraq\u00a0aidiyy\u0259ti \u00fczr\u0259 t\u0259hvil verilib. Faktla ba\u011fl\u0131 G\u00f6y\u00e7ay Rayon Prokurorlu\u011funda ara\u015fd\u0131rma apar\u0131l\u0131r<\/p>\n","protected":false},"author":2,"featured_media":573618,"comment_status":"closed","ping_status":"closed","sticky":false,"template":"","format":"standard","meta":{"om_disable_all_campaigns":false,"_monsterinsights_skip_tracking":false,"_monsterinsights_sitenote_active":false,"_monsterinsights_sitenote_note":"","_monsterinsights_sitenote_category":0},"categories":[5],"tags":[],"aioseo_notices":[],"gutentor_comment":0,"rttpg_featured_image_url":{"full":["https:\/\/arantv.az\/wp-content\/uploads\/2023\/03\/FotoJet-38.jpg",620,413,false],"landscape":["https:\/\/arantv.az\/wp-content\/uploads\/2023\/03\/FotoJet-38.jpg",620,413,false],"portraits":["https:\/\/arantv.az\/wp-content\/uploads\/2023\/03\/FotoJet-38.jpg",620,413,false],"thumbnail":["https:\/\/arantv.az\/wp-content\/uploads\/2023\/03\/FotoJet-38-500x280.jpg",500,280,true],"medium":["https:\/\/arantv.az\/wp-content\/uploads\/2023\/03\/FotoJet-38-548x365.jpg",548,365,true],"large":["https:\/\/arantv.az\/wp-content\/uploads\/2023\/03\/FotoJet-38.jpg",620,413,false],"1536x1536":["https:\/\/arantv.az\/wp-content\/uploads\/2023\/03\/FotoJet-38.jpg",620,413,false],"2048x2048":["https:\/\/arantv.az\/wp-content\/uploads\/2023\/03\/FotoJet-38.jpg",620,413,false],"post-thumbnail":["https:\/\/arantv.az\/wp-content\/uploads\/2023\/03\/FotoJet-38-240x172.jpg",240,172,true],"advps-thumb-one":["https:\/\/arantv.az\/wp-content\/uploads\/2023\/03\/FotoJet-38.jpg",620,413,false]},"rttpg_author":{"display_name":"V\u00fcsal Rafiqo\u011flu","author_link":"https:\/\/arantv.az\/?author=2"},"rttpg_comment":0,"rttpg_category":"<a href=\"https:\/\/arantv.az\/?cat=5\" rel=\"category\">Hadis\u0259<\/a>","rttpg_excerpt":"G\u00f6y\u00e7ay\u00a0rayonunda itkin d\u00fc\u015f\u0259n \u015f\u0259xsin meyiti tap\u0131l\u0131b. Daxili \u0130\u015fl\u0259r Nazirliyinin M\u0259tbuat Xidm\u0259tinin \u015e\u0259ki regional qrupunun ba\u015f inspektoru, polis kapitan\u0131 Mahir M\u0259simov bildirib ki,\u00a0mart\u0131n 6-da s\u0259h\u0259r saatlar\u0131nda Q\u0131z\u0131la\u011fac k\u0259nd sakini 1950-ci il t\u0259v\u0259ll\u00fcdl\u00fc M\u0259mm\u0259dov M\u00f6vlan S\u00fcleyman o\u011flunun\u00a0ya\u015fad\u0131\u011f\u0131 evd\u0259n \u00e7\u0131x\u0131b v\u0259 bir daha geri qay\u0131tmamas\u0131 il\u0259\u00a0ba\u011fl\u0131 G\u00f6y\u00e7ay Rayon Polis \u015e\u00f6b\u0259sin\u0259 m\u0259lumat daxil olub. Bu g\u00fcn M\u00f6vlan M\u0259mm\u0259dovun meyiti&hellip;","_links":{"self":[{"href":"https:\/\/arantv.az\/index.php?rest_route=\/wp\/v2\/posts\/573617"}],"collection":[{"href":"https:\/\/arantv.az\/index.php?rest_route=\/wp\/v2\/posts"}],"about":[{"href":"https:\/\/arantv.az\/index.php?rest_route=\/wp\/v2\/types\/post"}],"author":[{"embeddable":true,"href":"https:\/\/arantv.az\/index.php?rest_route=\/wp\/v2\/users\/2"}],"replies":[{"embeddable":true,"href":"https:\/\/arantv.az\/index.php?rest_route=%2Fwp%2Fv2%2Fcomments&post=573617"}],"version-history":[{"count":0,"href":"https:\/\/arantv.az\/index.php?rest_route=\/wp\/v2\/posts\/573617\/revisions"}],"wp:featuredmedia":[{"embeddable":true,"href":"https:\/\/arantv.az\/index.php?rest_route=\/wp\/v2\/media\/573618"}],"wp:attachment":[{"href":"https:\/\/arantv.az\/index.php?rest_route=%2Fwp%2Fv2%2Fmedia&parent=573617"}],"wp:term":[{"taxonomy":"category","embeddable":true,"href":"https:\/\/arantv.az\/index.php?rest_route=%2Fwp%2Fv2%2Fcategories&post=573617"},{"taxonomy":"post_tag","embeddable":true,"href":"https:\/\/arantv.az\/index.php?rest_route=%2Fwp%2Fv2%2Ftags&post=573617"}],"curies":[{"name":"wp","href":"https:\/\/api.w.org\/{rel}","templated":true}]}}