{"id":573626,"date":"2023-03-07T14:24:07","date_gmt":"2023-03-07T11:24:07","guid":{"rendered":"https:\/\/arantv.az\/?p=573626"},"modified":"2023-03-07T14:24:07","modified_gmt":"2023-03-07T11:24:07","slug":"krimda-aerodrom-%c9%99razisind%c9%99-partlayislar-esidilib-rusiya-ordusu-n%c9%99y%c9%99-hazirlasir-foto","status":"publish","type":"post","link":"https:\/\/arantv.az\/?p=573626","title":{"rendered":"Kr\u0131mda aerodrom \u0259razisind\u0259 partlay\u0131\u015flar e\u015fidilib: Rusiya ordusu n\u0259y\u0259 haz\u0131rla\u015f\u0131r? &#8211; FOTO"},"content":{"rendered":"<p>Mart\u0131n 7-d\u0259 s\u0259h\u0259r saatlar\u0131nda Ukraynan\u0131n i\u015f\u011fal alt\u0131nda olan Kr\u0131m vilay\u0259tinin Sevastopol \u015f\u0259h\u0259rind\u0259 gurultulu partlay\u0131\u015f s\u0259sl\u0259ri e\u015fidilib.<\/p>\n<p>Rusiyal\u0131 h\u0259rb\u00e7il\u0259r bunu t\u0259liml\u0259rl\u0259 \u0259sasland\u0131r\u0131blar.<\/p>\n<div class=\"AdviadNativeVideo\"><\/div>\n<p>Bu bar\u0259d\u0259 \u201cRBC-Ukrayna\u201d qondarma qubernator Mixail Razvojayevin \u201cTelegram\u201d hesab\u0131na istinad\u0259n m\u0259lumat verib.<\/p>\n<p>Yerli sakinl\u0259r sosial \u015f\u0259b\u0259k\u0259l\u0259rd\u0259 qeyd edirl\u0259r ki, partlay\u0131\u015flar \u201cBelbek\u201d aerodromu \u0259razisind\u0259 ba\u015f verib. Mixail Razvojayev is\u0259 b\u00f6lg\u0259d\u0259 \u201ch\u0259r \u015feyin sakit oldu\u011funu\u201d iddia edib.<\/p>\n<p>\u201cSosial \u015f\u0259b\u0259k\u0259l\u0259rd\u0259 yen\u0259 d\u0259 aerodrom \u0259razisind\u0259 hans\u0131sa partlay\u0131\u015flar\u0131n oldu\u011funu yaz\u0131rlar. Bu, yaland\u0131r. G\u0259mi hey\u0259tl\u0259rinin t\u0259liml\u0259ri apar\u0131l\u0131r. \u015e\u0259h\u0259rd\u0259 sakitlikdir\u201d, &#8211; dey\u0259 o bildirib.<\/p>\n<p>Xat\u0131rladaq ki, Rusiya ordusu i\u015f\u011fal olunmu\u015f Kr\u0131mda m\u00fcdafi\u0259y\u0259 haz\u0131rla\u015f\u0131r v\u0259 bu m\u0259qs\u0259dl\u0259 d\u0259 \u00e7im\u0259rlikl\u0259r boyu y\u00fczl\u0259rl\u0259 kilometr m\u0259saf\u0259d\u0259 s\u0259ng\u0259rl\u0259r qaz\u0131blar.<\/p>\n<p>&nbsp;<\/p>\n<div class=\"gallery\">\n<div class=\"gallery-i\"><img src=\"https:\/\/cdn.oxu.az\/uploads\/W1siZiIsIjIwMjMvMDMvMDcvMTIvMTgvNTUvMDk3YmIyOTgtY2YyNC00ZDg1LWJkYWItZTQzZTU5NzNiMGE5L0ZvdG9KZXQgLSAyMDIzLTAzLTA3VDEyMTgyMS4xNTkuanBnIl0sWyJwIiwiZW5jb2RlIiwianBnIiwiLXF1YWxpdHkgODAiXSxbInAiLCJ0aHVtYiIsIjU5MHg1OTBcdTAwM2UiXV0?sha=ec047556a86c8fd0\" alt=\"\" \/><\/div>\n<\/div>\n","protected":false},"excerpt":{"rendered":"<p>Mart\u0131n 7-d\u0259 s\u0259h\u0259r saatlar\u0131nda Ukraynan\u0131n i\u015f\u011fal alt\u0131nda olan Kr\u0131m vilay\u0259tinin Sevastopol \u015f\u0259h\u0259rind\u0259 gurultulu partlay\u0131\u015f s\u0259sl\u0259ri e\u015fidilib. Rusiyal\u0131 h\u0259rb\u00e7il\u0259r bunu t\u0259liml\u0259rl\u0259 \u0259sasland\u0131r\u0131blar. Bu bar\u0259d\u0259 \u201cRBC-Ukrayna\u201d qondarma qubernator Mixail Razvojayevin \u201cTelegram\u201d hesab\u0131na istinad\u0259n m\u0259lumat verib. Yerli sakinl\u0259r sosial \u015f\u0259b\u0259k\u0259l\u0259rd\u0259 qeyd edirl\u0259r ki, partlay\u0131\u015flar \u201cBelbek\u201d aerodromu \u0259razisind\u0259 ba\u015f verib. Mixail Razvojayev is\u0259 b\u00f6lg\u0259d\u0259 \u201ch\u0259r \u015feyin sakit oldu\u011funu\u201d iddia edib. \u201cSosial \u015f\u0259b\u0259k\u0259l\u0259rd\u0259 yen\u0259 d\u0259 aerodrom \u0259razisind\u0259 hans\u0131sa partlay\u0131\u015flar\u0131n oldu\u011funu yaz\u0131rlar. Bu, yaland\u0131r. G\u0259mi hey\u0259tl\u0259rinin t\u0259liml\u0259ri apar\u0131l\u0131r. \u015e\u0259h\u0259rd\u0259 sakitlikdir\u201d, &#8211; dey\u0259 o bildirib. Xat\u0131rladaq ki, Rusiya ordusu i\u015f\u011fal olunmu\u015f Kr\u0131mda m\u00fcdafi\u0259y\u0259 haz\u0131rla\u015f\u0131r v\u0259 bu m\u0259qs\u0259dl\u0259&hellip;<\/p>\n","protected":false},"author":2,"featured_media":573627,"comment_status":"closed","ping_status":"closed","sticky":false,"template":"","format":"standard","meta":{"om_disable_all_campaigns":false,"_monsterinsights_skip_tracking":false,"_monsterinsights_sitenote_active":false,"_monsterinsights_sitenote_note":"","_monsterinsights_sitenote_category":0},"categories":[7],"tags":[],"aioseo_notices":[],"gutentor_comment":0,"rttpg_featured_image_url":{"full":["https:\/\/arantv.az\/wp-content\/uploads\/2023\/03\/FotoJet-2023-03-07T121738.795.jpg",620,413,false],"landscape":["https:\/\/arantv.az\/wp-content\/uploads\/2023\/03\/FotoJet-2023-03-07T121738.795.jpg",620,413,false],"portraits":["https:\/\/arantv.az\/wp-content\/uploads\/2023\/03\/FotoJet-2023-03-07T121738.795.jpg",620,413,false],"thumbnail":["https:\/\/arantv.az\/wp-content\/uploads\/2023\/03\/FotoJet-2023-03-07T121738.795-500x280.jpg",500,280,true],"medium":["https:\/\/arantv.az\/wp-content\/uploads\/2023\/03\/FotoJet-2023-03-07T121738.795-548x365.jpg",548,365,true],"large":["https:\/\/arantv.az\/wp-content\/uploads\/2023\/03\/FotoJet-2023-03-07T121738.795.jpg",620,413,false],"1536x1536":["https:\/\/arantv.az\/wp-content\/uploads\/2023\/03\/FotoJet-2023-03-07T121738.795.jpg",620,413,false],"2048x2048":["https:\/\/arantv.az\/wp-content\/uploads\/2023\/03\/FotoJet-2023-03-07T121738.795.jpg",620,413,false],"post-thumbnail":["https:\/\/arantv.az\/wp-content\/uploads\/2023\/03\/FotoJet-2023-03-07T121738.795-240x172.jpg",240,172,true],"advps-thumb-one":["https:\/\/arantv.az\/wp-content\/uploads\/2023\/03\/FotoJet-2023-03-07T121738.795.jpg",620,413,false]},"rttpg_author":{"display_name":"V\u00fcsal Rafiqo\u011flu","author_link":"https:\/\/arantv.az\/?author=2"},"rttpg_comment":0,"rttpg_category":"<a href=\"https:\/\/arantv.az\/?cat=7\" rel=\"category\">D\u00fcnya<\/a>","rttpg_excerpt":"Mart\u0131n 7-d\u0259 s\u0259h\u0259r saatlar\u0131nda Ukraynan\u0131n i\u015f\u011fal alt\u0131nda olan Kr\u0131m vilay\u0259tinin Sevastopol \u015f\u0259h\u0259rind\u0259 gurultulu partlay\u0131\u015f s\u0259sl\u0259ri e\u015fidilib. Rusiyal\u0131 h\u0259rb\u00e7il\u0259r bunu t\u0259liml\u0259rl\u0259 \u0259sasland\u0131r\u0131blar. Bu bar\u0259d\u0259 \u201cRBC-Ukrayna\u201d qondarma qubernator Mixail Razvojayevin \u201cTelegram\u201d hesab\u0131na istinad\u0259n m\u0259lumat verib. Yerli sakinl\u0259r sosial \u015f\u0259b\u0259k\u0259l\u0259rd\u0259 qeyd edirl\u0259r ki, partlay\u0131\u015flar \u201cBelbek\u201d aerodromu \u0259razisind\u0259 ba\u015f verib. Mixail Razvojayev is\u0259 b\u00f6lg\u0259d\u0259 \u201ch\u0259r \u015feyin sakit oldu\u011funu\u201d iddia&hellip;","_links":{"self":[{"href":"https:\/\/arantv.az\/index.php?rest_route=\/wp\/v2\/posts\/573626"}],"collection":[{"href":"https:\/\/arantv.az\/index.php?rest_route=\/wp\/v2\/posts"}],"about":[{"href":"https:\/\/arantv.az\/index.php?rest_route=\/wp\/v2\/types\/post"}],"author":[{"embeddable":true,"href":"https:\/\/arantv.az\/index.php?rest_route=\/wp\/v2\/users\/2"}],"replies":[{"embeddable":true,"href":"https:\/\/arantv.az\/index.php?rest_route=%2Fwp%2Fv2%2Fcomments&post=573626"}],"version-history":[{"count":0,"href":"https:\/\/arantv.az\/index.php?rest_route=\/wp\/v2\/posts\/573626\/revisions"}],"wp:featuredmedia":[{"embeddable":true,"href":"https:\/\/arantv.az\/index.php?rest_route=\/wp\/v2\/media\/573627"}],"wp:attachment":[{"href":"https:\/\/arantv.az\/index.php?rest_route=%2Fwp%2Fv2%2Fmedia&parent=573626"}],"wp:term":[{"taxonomy":"category","embeddable":true,"href":"https:\/\/arantv.az\/index.php?rest_route=%2Fwp%2Fv2%2Fcategories&post=573626"},{"taxonomy":"post_tag","embeddable":true,"href":"https:\/\/arantv.az\/index.php?rest_route=%2Fwp%2Fv2%2Ftags&post=573626"}],"curies":[{"name":"wp","href":"https:\/\/api.w.org\/{rel}","templated":true}]}}