{"id":573776,"date":"2023-03-07T20:40:11","date_gmt":"2023-03-07T17:40:11","guid":{"rendered":"https:\/\/arantv.az\/?p=573776"},"modified":"2023-03-07T20:40:11","modified_gmt":"2023-03-07T17:40:11","slug":"prezident-pandemiya-zamani-cinin-az%c9%99rbaycana-vaksinl%c9%99r-ayirmasi-dostlugumuzun-bariz-numun%c9%99sidir","status":"publish","type":"post","link":"https:\/\/arantv.az\/?p=573776","title":{"rendered":"Prezident: \u201cPandemiya zaman\u0131 \u00c7inin Az\u0259rbaycana vaksinl\u0259r ay\u0131rmas\u0131 dostlu\u011fumuzun bariz n\u00fcmun\u0259sidir\u201d"},"content":{"rendered":"<p>\u201cCOVID-19 pandemiyas\u0131 zaman\u0131 \u00c7in \u00f6lk\u0259miz\u0259 vaksinl\u0259r ay\u0131rd\u0131 v\u0259 bunun n\u0259tic\u0259sind\u0259 Az\u0259rbaycan d\u00fcnyada vaksinasiyaya ba\u015flayan ilk \u00f6lk\u0259l\u0259rd\u0259n biri oldu\u201d.<\/p>\n<div class=\"AdviadNativeVideo\"><\/div>\n<p><a href=\"https:\/\/azertag.az\/xeber\/Prezident_Pandemiya_zamani_CHinin_Azerbaycana_vaksinler_ayirmasi_dostlugumuzun_bariz_numunesidir-2522030\" target=\"_blank\" rel=\"noopener\">AZ\u018fRTAC<\/a>\u00a0x\u0259b\u0259r verir ki, bu bar\u0259d\u0259 Prezident\u00a0<strong>\u0130lham \u018fliyev<\/strong>\u00a0\u00c7in H\u00f6kum\u0259tinin Avropa m\u0259s\u0259l\u0259l\u0259ri \u00fczr\u0259 x\u00fcsusi n\u00fcmay\u0259nd\u0259si Vu Honqbonu q\u0259bul ed\u0259rk\u0259n bildirib.<\/p>\n<p>\u00c7inin Az\u0259rbaycana vaksinl\u0259r ay\u0131rmas\u0131n\u0131 \u00f6lk\u0259l\u0259rimiz aras\u0131nda dostlu\u011fun bariz n\u00fcmun\u0259si kimi d\u0259y\u0259rl\u0259ndir\u0259n d\u00f6vl\u0259timizin ba\u015f\u00e7\u0131s\u0131 bu fakt\u0131n Az\u0259rbaycan d\u00f6vl\u0259ti v\u0259 xalq\u0131 t\u0259r\u0259find\u0259n \u00e7ox y\u00fcks\u0259k qiym\u0259tl\u0259ndirildiyini deyib.<\/p>\n<p>Prezident \u0130lham \u018fliyev Vu Honqbonun Bak\u0131da ke\u00e7iril\u0259c\u0259k n\u00f6vb\u0259ti Qlobal Forumda i\u015ftirak\u0131n\u0131 y\u00fcks\u0259k qiym\u0259tl\u0259ndirib v\u0259 onun s\u0259f\u0259rinin \u0259laq\u0259l\u0259rimizin geni\u015fl\u0259nm\u0259si i\u015fin\u0259 t\u00f6hf\u0259 ver\u0259c\u0259yin\u0259 \u0259minliyini ifad\u0259 edib.<\/p>\n","protected":false},"excerpt":{"rendered":"<p>\u201cCOVID-19 pandemiyas\u0131 zaman\u0131 \u00c7in \u00f6lk\u0259miz\u0259 vaksinl\u0259r ay\u0131rd\u0131 v\u0259 bunun n\u0259tic\u0259sind\u0259 Az\u0259rbaycan d\u00fcnyada vaksinasiyaya ba\u015flayan ilk \u00f6lk\u0259l\u0259rd\u0259n biri oldu\u201d. AZ\u018fRTAC\u00a0x\u0259b\u0259r verir ki, bu bar\u0259d\u0259 Prezident\u00a0\u0130lham \u018fliyev\u00a0\u00c7in H\u00f6kum\u0259tinin Avropa m\u0259s\u0259l\u0259l\u0259ri \u00fczr\u0259 x\u00fcsusi n\u00fcmay\u0259nd\u0259si Vu Honqbonu q\u0259bul ed\u0259rk\u0259n bildirib. \u00c7inin Az\u0259rbaycana vaksinl\u0259r ay\u0131rmas\u0131n\u0131 \u00f6lk\u0259l\u0259rimiz aras\u0131nda dostlu\u011fun bariz n\u00fcmun\u0259si kimi d\u0259y\u0259rl\u0259ndir\u0259n d\u00f6vl\u0259timizin ba\u015f\u00e7\u0131s\u0131 bu fakt\u0131n Az\u0259rbaycan d\u00f6vl\u0259ti v\u0259 xalq\u0131 t\u0259r\u0259find\u0259n \u00e7ox y\u00fcks\u0259k qiym\u0259tl\u0259ndirildiyini deyib. Prezident \u0130lham \u018fliyev Vu Honqbonun Bak\u0131da ke\u00e7iril\u0259c\u0259k n\u00f6vb\u0259ti Qlobal Forumda i\u015ftirak\u0131n\u0131 y\u00fcks\u0259k qiym\u0259tl\u0259ndirib v\u0259 onun s\u0259f\u0259rinin \u0259laq\u0259l\u0259rimizin geni\u015fl\u0259nm\u0259si i\u015fin\u0259 t\u00f6hf\u0259 ver\u0259c\u0259yin\u0259 \u0259minliyini ifad\u0259 edib.<\/p>\n","protected":false},"author":2,"featured_media":573781,"comment_status":"closed","ping_status":"closed","sticky":false,"template":"","format":"standard","meta":{"om_disable_all_campaigns":false,"_monsterinsights_skip_tracking":false,"_monsterinsights_sitenote_active":false,"_monsterinsights_sitenote_note":"","_monsterinsights_sitenote_category":0},"categories":[4],"tags":[],"aioseo_notices":[],"gutentor_comment":0,"rttpg_featured_image_url":{"full":["https:\/\/arantv.az\/wp-content\/uploads\/2023\/03\/16781077255995330636_1200x630.jpg",620,413,false],"landscape":["https:\/\/arantv.az\/wp-content\/uploads\/2023\/03\/16781077255995330636_1200x630.jpg",620,413,false],"portraits":["https:\/\/arantv.az\/wp-content\/uploads\/2023\/03\/16781077255995330636_1200x630.jpg",620,413,false],"thumbnail":["https:\/\/arantv.az\/wp-content\/uploads\/2023\/03\/16781077255995330636_1200x630-500x280.jpg",500,280,true],"medium":["https:\/\/arantv.az\/wp-content\/uploads\/2023\/03\/16781077255995330636_1200x630-548x365.jpg",548,365,true],"large":["https:\/\/arantv.az\/wp-content\/uploads\/2023\/03\/16781077255995330636_1200x630.jpg",620,413,false],"1536x1536":["https:\/\/arantv.az\/wp-content\/uploads\/2023\/03\/16781077255995330636_1200x630.jpg",620,413,false],"2048x2048":["https:\/\/arantv.az\/wp-content\/uploads\/2023\/03\/16781077255995330636_1200x630.jpg",620,413,false],"post-thumbnail":["https:\/\/arantv.az\/wp-content\/uploads\/2023\/03\/16781077255995330636_1200x630-240x172.jpg",240,172,true],"advps-thumb-one":["https:\/\/arantv.az\/wp-content\/uploads\/2023\/03\/16781077255995330636_1200x630.jpg",620,413,false]},"rttpg_author":{"display_name":"V\u00fcsal Rafiqo\u011flu","author_link":"https:\/\/arantv.az\/?author=2"},"rttpg_comment":0,"rttpg_category":"<a href=\"https:\/\/arantv.az\/?cat=4\" rel=\"category\">Siyas\u0259t<\/a>","rttpg_excerpt":"\u201cCOVID-19 pandemiyas\u0131 zaman\u0131 \u00c7in \u00f6lk\u0259miz\u0259 vaksinl\u0259r ay\u0131rd\u0131 v\u0259 bunun n\u0259tic\u0259sind\u0259 Az\u0259rbaycan d\u00fcnyada vaksinasiyaya ba\u015flayan ilk \u00f6lk\u0259l\u0259rd\u0259n biri oldu\u201d. AZ\u018fRTAC\u00a0x\u0259b\u0259r verir ki, bu bar\u0259d\u0259 Prezident\u00a0\u0130lham \u018fliyev\u00a0\u00c7in H\u00f6kum\u0259tinin Avropa m\u0259s\u0259l\u0259l\u0259ri \u00fczr\u0259 x\u00fcsusi n\u00fcmay\u0259nd\u0259si Vu Honqbonu q\u0259bul ed\u0259rk\u0259n bildirib. \u00c7inin Az\u0259rbaycana vaksinl\u0259r ay\u0131rmas\u0131n\u0131 \u00f6lk\u0259l\u0259rimiz aras\u0131nda dostlu\u011fun bariz n\u00fcmun\u0259si kimi d\u0259y\u0259rl\u0259ndir\u0259n d\u00f6vl\u0259timizin ba\u015f\u00e7\u0131s\u0131 bu fakt\u0131n Az\u0259rbaycan d\u00f6vl\u0259ti v\u0259 xalq\u0131&hellip;","_links":{"self":[{"href":"https:\/\/arantv.az\/index.php?rest_route=\/wp\/v2\/posts\/573776"}],"collection":[{"href":"https:\/\/arantv.az\/index.php?rest_route=\/wp\/v2\/posts"}],"about":[{"href":"https:\/\/arantv.az\/index.php?rest_route=\/wp\/v2\/types\/post"}],"author":[{"embeddable":true,"href":"https:\/\/arantv.az\/index.php?rest_route=\/wp\/v2\/users\/2"}],"replies":[{"embeddable":true,"href":"https:\/\/arantv.az\/index.php?rest_route=%2Fwp%2Fv2%2Fcomments&post=573776"}],"version-history":[{"count":0,"href":"https:\/\/arantv.az\/index.php?rest_route=\/wp\/v2\/posts\/573776\/revisions"}],"wp:featuredmedia":[{"embeddable":true,"href":"https:\/\/arantv.az\/index.php?rest_route=\/wp\/v2\/media\/573781"}],"wp:attachment":[{"href":"https:\/\/arantv.az\/index.php?rest_route=%2Fwp%2Fv2%2Fmedia&parent=573776"}],"wp:term":[{"taxonomy":"category","embeddable":true,"href":"https:\/\/arantv.az\/index.php?rest_route=%2Fwp%2Fv2%2Fcategories&post=573776"},{"taxonomy":"post_tag","embeddable":true,"href":"https:\/\/arantv.az\/index.php?rest_route=%2Fwp%2Fv2%2Ftags&post=573776"}],"curies":[{"name":"wp","href":"https:\/\/api.w.org\/{rel}","templated":true}]}}