{"id":573780,"date":"2023-03-07T20:40:47","date_gmt":"2023-03-07T17:40:47","guid":{"rendered":"https:\/\/arantv.az\/?p=573780"},"modified":"2023-03-07T20:40:47","modified_gmt":"2023-03-07T17:40:47","slug":"prezident-az%c9%99rbaycanin-xarici-siyas%c9%99tind%c9%99-cinl%c9%99-%c9%99m%c9%99kdasliq-%c9%99sas-prioritetl%c9%99rd%c9%99n-biridir","status":"publish","type":"post","link":"https:\/\/arantv.az\/?p=573780","title":{"rendered":"Prezident: \u201cAz\u0259rbaycan\u0131n xarici siyas\u0259tind\u0259 \u00c7inl\u0259 \u0259m\u0259kda\u015fl\u0131q \u0259sas prioritetl\u0259rd\u0259n biridir\u201d"},"content":{"rendered":"<p>\u201cAz\u0259rbaycan \u00c7in siyas\u0259tini, \u00c7inin \u0259razi b\u00fct\u00f6vl\u00fcy\u00fc v\u0259 suverenliyini daim d\u0259st\u0259kl\u0259yib. Az\u0259rbaycan\u0131n xarici siyas\u0259tind\u0259 \u00c7inl\u0259 \u0259m\u0259kda\u015fl\u0131q \u0259sas prioritetl\u0259rd\u0259n biridir\u201d.<\/p>\n<p><a href=\"https:\/\/azertag.az\/xeber\/Prezident_Azerbaycanin_xarici_siyasetinde_CHinle_emekdasliq_esas_prioritetlerden_biridir-2521997\" target=\"_blank\" rel=\"noopener\">AZ\u018fRTAC<\/a>\u00a0x\u0259b\u0259r verir ki, bu bar\u0259d\u0259 Prezident<strong>\u00a0\u0130lham \u018fliyev<\/strong>\u00a0\u00c7in H\u00f6kum\u0259tinin Avropa m\u0259s\u0259l\u0259l\u0259ri \u00fczr\u0259 x\u00fcsusi n\u00fcmay\u0259nd\u0259si Vu Honqbonu q\u0259bul ed\u0259rk\u0259n bildirib.<\/p>\n<p>D\u00f6vl\u0259timizin ba\u015f\u00e7\u0131s\u0131 \u00f6z\u00fcn\u00fcn \u00c7in\u0259 r\u0259smi s\u0259f\u0259rini, bu s\u0259f\u0259r zaman\u0131 v\u0259 beyn\u0259lxalq t\u0259dbirl\u0259rd\u0259 \u00c7in Xalq Respublikas\u0131n\u0131n S\u0259dri il\u0259 g\u00f6r\u00fc\u015fl\u0259rini xat\u0131rlayaraq, Si Cinpinin Az\u0259rbaycan Prezidentini \u00c7inin b\u00f6y\u00fck dostu adland\u0131rmas\u0131ndan b\u00f6y\u00fck m\u0259mnunluq hissi duydu\u011funu vur\u011fulay\u0131b.<\/p>\n","protected":false},"excerpt":{"rendered":"<p>\u201cAz\u0259rbaycan \u00c7in siyas\u0259tini, \u00c7inin \u0259razi b\u00fct\u00f6vl\u00fcy\u00fc v\u0259 suverenliyini daim d\u0259st\u0259kl\u0259yib. Az\u0259rbaycan\u0131n xarici siyas\u0259tind\u0259 \u00c7inl\u0259 \u0259m\u0259kda\u015fl\u0131q \u0259sas prioritetl\u0259rd\u0259n biridir\u201d. AZ\u018fRTAC\u00a0x\u0259b\u0259r verir ki, bu bar\u0259d\u0259 Prezident\u00a0\u0130lham \u018fliyev\u00a0\u00c7in H\u00f6kum\u0259tinin Avropa m\u0259s\u0259l\u0259l\u0259ri \u00fczr\u0259 x\u00fcsusi n\u00fcmay\u0259nd\u0259si Vu Honqbonu q\u0259bul ed\u0259rk\u0259n bildirib. D\u00f6vl\u0259timizin ba\u015f\u00e7\u0131s\u0131 \u00f6z\u00fcn\u00fcn \u00c7in\u0259 r\u0259smi s\u0259f\u0259rini, bu s\u0259f\u0259r zaman\u0131 v\u0259 beyn\u0259lxalq t\u0259dbirl\u0259rd\u0259 \u00c7in Xalq Respublikas\u0131n\u0131n S\u0259dri il\u0259 g\u00f6r\u00fc\u015fl\u0259rini xat\u0131rlayaraq, Si Cinpinin Az\u0259rbaycan Prezidentini \u00c7inin b\u00f6y\u00fck dostu adland\u0131rmas\u0131ndan b\u00f6y\u00fck m\u0259mnunluq hissi duydu\u011funu vur\u011fulay\u0131b.<\/p>\n","protected":false},"author":2,"featured_media":573785,"comment_status":"closed","ping_status":"closed","sticky":false,"template":"","format":"standard","meta":{"om_disable_all_campaigns":false,"_monsterinsights_skip_tracking":false,"_monsterinsights_sitenote_active":false,"_monsterinsights_sitenote_note":"","_monsterinsights_sitenote_category":0},"categories":[4],"tags":[],"aioseo_notices":[],"gutentor_comment":0,"rttpg_featured_image_url":{"full":["https:\/\/arantv.az\/wp-content\/uploads\/2023\/03\/124460-3.jpg",620,413,false],"landscape":["https:\/\/arantv.az\/wp-content\/uploads\/2023\/03\/124460-3.jpg",620,413,false],"portraits":["https:\/\/arantv.az\/wp-content\/uploads\/2023\/03\/124460-3.jpg",620,413,false],"thumbnail":["https:\/\/arantv.az\/wp-content\/uploads\/2023\/03\/124460-3-500x280.jpg",500,280,true],"medium":["https:\/\/arantv.az\/wp-content\/uploads\/2023\/03\/124460-3-548x365.jpg",548,365,true],"large":["https:\/\/arantv.az\/wp-content\/uploads\/2023\/03\/124460-3.jpg",620,413,false],"1536x1536":["https:\/\/arantv.az\/wp-content\/uploads\/2023\/03\/124460-3.jpg",620,413,false],"2048x2048":["https:\/\/arantv.az\/wp-content\/uploads\/2023\/03\/124460-3.jpg",620,413,false],"post-thumbnail":["https:\/\/arantv.az\/wp-content\/uploads\/2023\/03\/124460-3-240x172.jpg",240,172,true],"advps-thumb-one":["https:\/\/arantv.az\/wp-content\/uploads\/2023\/03\/124460-3.jpg",620,413,false]},"rttpg_author":{"display_name":"V\u00fcsal Rafiqo\u011flu","author_link":"https:\/\/arantv.az\/?author=2"},"rttpg_comment":0,"rttpg_category":"<a href=\"https:\/\/arantv.az\/?cat=4\" rel=\"category\">Siyas\u0259t<\/a>","rttpg_excerpt":"\u201cAz\u0259rbaycan \u00c7in siyas\u0259tini, \u00c7inin \u0259razi b\u00fct\u00f6vl\u00fcy\u00fc v\u0259 suverenliyini daim d\u0259st\u0259kl\u0259yib. Az\u0259rbaycan\u0131n xarici siyas\u0259tind\u0259 \u00c7inl\u0259 \u0259m\u0259kda\u015fl\u0131q \u0259sas prioritetl\u0259rd\u0259n biridir\u201d. AZ\u018fRTAC\u00a0x\u0259b\u0259r verir ki, bu bar\u0259d\u0259 Prezident\u00a0\u0130lham \u018fliyev\u00a0\u00c7in H\u00f6kum\u0259tinin Avropa m\u0259s\u0259l\u0259l\u0259ri \u00fczr\u0259 x\u00fcsusi n\u00fcmay\u0259nd\u0259si Vu Honqbonu q\u0259bul ed\u0259rk\u0259n bildirib. D\u00f6vl\u0259timizin ba\u015f\u00e7\u0131s\u0131 \u00f6z\u00fcn\u00fcn \u00c7in\u0259 r\u0259smi s\u0259f\u0259rini, bu s\u0259f\u0259r zaman\u0131 v\u0259 beyn\u0259lxalq t\u0259dbirl\u0259rd\u0259 \u00c7in Xalq Respublikas\u0131n\u0131n S\u0259dri il\u0259 g\u00f6r\u00fc\u015fl\u0259rini xat\u0131rlayaraq,&hellip;","_links":{"self":[{"href":"https:\/\/arantv.az\/index.php?rest_route=\/wp\/v2\/posts\/573780"}],"collection":[{"href":"https:\/\/arantv.az\/index.php?rest_route=\/wp\/v2\/posts"}],"about":[{"href":"https:\/\/arantv.az\/index.php?rest_route=\/wp\/v2\/types\/post"}],"author":[{"embeddable":true,"href":"https:\/\/arantv.az\/index.php?rest_route=\/wp\/v2\/users\/2"}],"replies":[{"embeddable":true,"href":"https:\/\/arantv.az\/index.php?rest_route=%2Fwp%2Fv2%2Fcomments&post=573780"}],"version-history":[{"count":0,"href":"https:\/\/arantv.az\/index.php?rest_route=\/wp\/v2\/posts\/573780\/revisions"}],"wp:featuredmedia":[{"embeddable":true,"href":"https:\/\/arantv.az\/index.php?rest_route=\/wp\/v2\/media\/573785"}],"wp:attachment":[{"href":"https:\/\/arantv.az\/index.php?rest_route=%2Fwp%2Fv2%2Fmedia&parent=573780"}],"wp:term":[{"taxonomy":"category","embeddable":true,"href":"https:\/\/arantv.az\/index.php?rest_route=%2Fwp%2Fv2%2Fcategories&post=573780"},{"taxonomy":"post_tag","embeddable":true,"href":"https:\/\/arantv.az\/index.php?rest_route=%2Fwp%2Fv2%2Ftags&post=573780"}],"curies":[{"name":"wp","href":"https:\/\/api.w.org\/{rel}","templated":true}]}}