{"id":573784,"date":"2023-03-07T20:41:27","date_gmt":"2023-03-07T17:41:27","guid":{"rendered":"https:\/\/arantv.az\/?p=573784"},"modified":"2023-03-07T20:41:27","modified_gmt":"2023-03-07T17:41:27","slug":"ilham-%c9%99liyev-timor-leste-prezidenti-jose-ramos-horta-il%c9%99-gorusub-foto","status":"publish","type":"post","link":"https:\/\/arantv.az\/?p=573784","title":{"rendered":"\u0130lham \u018fliyev Timor-Leste Prezidenti Jose Ramos Horta il\u0259 g\u00f6r\u00fc\u015f\u00fcb &#8211; FOTO"},"content":{"rendered":"<p>Az\u0259rbaycan Respublikas\u0131n\u0131n Prezidenti\u00a0<strong>\u0130lham \u018fliyev<\/strong>\u00a0mart\u0131n 7-d\u0259 Timor-Leste Demokratik Respublikas\u0131n\u0131n Prezidenti Jose Ramos Horta il\u0259 g\u00f6r\u00fc\u015f\u00fcb.<\/p>\n<p><a href=\"https:\/\/azertag.az\/\" target=\"_blank\" rel=\"noopener\">AZ\u018fRTAC<\/a>\u00a0x\u0259b\u0259r verir ki, g\u00f6r\u00fc\u015fd\u0259 \u00e7\u0131x\u0131\u015f ed\u0259n Prezident\u00a0\u0130lham \u018fliyev\u00a0dedi:<\/p>\n<div class=\"AdviadNativeVideo\"><\/div>\n<p>&#8211; Sizi bir daha salamlay\u0131ram. S\u0259f\u0259r\u0259 g\u0259ldiyiniz \u00fc\u00e7\u00fcn t\u0259\u015f\u0259kk\u00fcr edir\u0259m. Bu, h\u0259qiq\u0259t\u0259n d\u0259 tarixd\u0259 ilk d\u0259f\u0259dir ki, Timor-Lestenin Prezidenti Az\u0259rbaycana s\u0259f\u0259r edir. \u018fmin\u0259m ki, bu, \u00f6lk\u0259l\u0259rimiz aras\u0131nda dostluq \u0259laq\u0259l\u0259rinin, s\u0259m\u0259r\u0259li \u0259m\u0259kda\u015fl\u0131\u011f\u0131n v\u0259 t\u0259r\u0259fda\u015fl\u0131\u011f\u0131m\u0131z\u0131n u\u011furlu davam\u0131n\u0131 t\u0259min ed\u0259c\u0259k m\u00fch\u00fcm add\u0131md\u0131r. Bununla yana\u015f\u0131, Qo\u015fulmama H\u0259r\u0259kat\u0131n\u0131n bu yax\u0131nlarda ke\u00e7irilmi\u015f Zirv\u0259 toplant\u0131s\u0131nda \u00f6lk\u0259nizin y\u00fcks\u0259k s\u0259viyy\u0259d\u0259 t\u0259msil olunmas\u0131 il\u0259 ba\u011fl\u0131 minn\u0259tdarl\u0131\u011f\u0131m\u0131 bildirm\u0259k ist\u0259yir\u0259m. Bu toplant\u0131 olduqca u\u011furlu idi v\u0259 \u00fczv d\u00f6vl\u0259tl\u0259r aras\u0131nda h\u0259mr\u0259yliyi bir daha n\u00fcmayi\u015f etdirdi.<\/p>\n<p>Az\u0259rbaycan\u0131n s\u0259drliyin\u0259 v\u0259 bizim \u00fczv d\u00f6vl\u0259tl\u0259r aras\u0131nda \u0259m\u0259kda\u015fl\u0131\u011f\u0131n g\u00fccl\u0259ndirilm\u0259si v\u0259 onlar\u0131n maraqlar\u0131n\u0131n m\u00fcdafi\u0259sin\u0259 y\u00f6n\u0259lmi\u015f t\u0259\u015f\u0259bb\u00fcsl\u0259rimiz\u0259 veril\u0259n d\u0259st\u0259y\u0259 g\u00f6r\u0259 d\u0259 minn\u0259tdarl\u0131q bildirm\u0259k ist\u0259rdim.<\/p>\n<p>\u00d6lk\u0259l\u0259rimiz bir-birind\u0259n uzaqda yerl\u0259\u015fir, lakin hesab edir\u0259m ki, bu, m\u00fcxt\u0259lif sah\u0259l\u0259rd\u0259 \u0259m\u0259kda\u015fl\u0131\u011fa mane olmamal\u0131d\u0131r. Bir halda ki, siyasi m\u00fcst\u0259vid\u0259 \u0259m\u0259kda\u015fl\u0131q m\u00f6vcuddur, biz dig\u0259r sah\u0259l\u0259rd\u0259 imkanlar\u0131 n\u0259z\u0259rd\u0259n ke\u00e7irm\u0259liyik. \u018flb\u0259tt\u0259 ki, Sizin Az\u0259rbaycana s\u0259f\u0259riniz qar\u015f\u0131l\u0131ql\u0131 maraq do\u011furan geni\u015f m\u0259s\u0259l\u0259l\u0259rin m\u00fczakir\u0259si \u00fc\u00e7\u00fcn f\u00fcrs\u0259t yarad\u0131r. C\u0259nab Prezident, bir daha Az\u0259rbaycana xo\u015f g\u0259lmisiniz. Siz\u0259 Az\u0259rbaycanda xo\u015f vaxt ke\u00e7irm\u0259yi arzu edir\u0259m.<\/p>\n<p>Timor-Leste Prezidenti\u00a0Jose Ramos Horta\u00a0dedi:<\/p>\n<p>&#8211; Zati-alil\u0259ri, m\u0259niml\u0259 Az\u0259rbaycanda, i\u015ftirak ed\u0259c\u0259yim Forumla ba\u011fl\u0131 g\u00f6r\u00fc\u015fd\u00fcy\u00fcn\u00fcz\u0259 g\u00f6r\u0259 sa\u011f olun. M\u0259n \u0259vv\u0259ll\u0259r bu Foruma d\u0259v\u0259t edilmi\u015fdim, lakin m\u00fc\u0259yy\u0259n s\u0259b\u0259bl\u0259rd\u0259n s\u0259f\u0259r\u0259 g\u0259l\u0259 bilm\u0259dim. Bu d\u0259f\u0259 is\u0259 h\u0259qiq\u0259t\u0259n d\u0259 bu s\u0259f\u0259ri h\u0259yata ke\u00e7irm\u0259k arzusundayd\u0131m. \u0130st\u0259dim h\u0259m Forumda i\u015ftirak edim, h\u0259m d\u0259 r\u0259hb\u0259rliyinizl\u0259 t\u0259r\u0259qqi v\u0259 inki\u015fafa nail olan v\u0259 haqq\u0131nda \u00e7ox oxudu\u011fum Az\u0259rbaycan il\u0259 \u015f\u0259xs\u0259n tan\u0131\u015f olum. Bel\u0259 bir f\u00fcrs\u0259t\u0259 g\u00f6r\u0259 t\u0259\u015f\u0259kk\u00fcr edir\u0259m.<\/p>\n<p>Timor-Leste Demokratik Respublikas\u0131n\u0131n Prezidenti Az\u0259rbaycan\u0131n Qo\u015fulmama H\u0259r\u0259kat\u0131na s\u0259drliyinin y\u00fcks\u0259k qiym\u0259tl\u0259ndirildiyini dedi, H\u0259r\u0259kat\u0131n Bak\u0131da t\u0259\u015fkil edil\u0259n son Zirv\u0259 g\u00f6r\u00fc\u015f\u00fcn\u00fcn u\u011furla ke\u00e7irildiyini vur\u011fulad\u0131.<\/p>\n<p>Prezident \u0130lham \u018fliyev \u00f6lk\u0259mizin Qo\u015fulmama H\u0259r\u0259kat\u0131na s\u0259drliyin\u0259 g\u00f6st\u0259rdiyi d\u0259st\u0259y\u0259 g\u00f6r\u0259 Timor-Lestenin Prezidentin\u0259 minn\u0259tdarl\u0131\u011f\u0131n\u0131 bildirdi.<\/p>\n<p>G\u00f6r\u00fc\u015fd\u0259 qaz, s\u0259rmay\u0259l\u0259r, g\u00fcbr\u0259 istehsal\u0131, t\u0259hsil sah\u0259l\u0259rind\u0259 \u0259m\u0259kda\u015fl\u0131q m\u0259s\u0259l\u0259l\u0259ri m\u00fczakir\u0259 olundu.<\/p>\n<p>Jose Ramos Horta Az\u0259rbaycan\u0131n t\u0259hsil m\u00fc\u0259ssis\u0259l\u0259rind\u0259 \u00f6lk\u0259sind\u0259n olan t\u0259l\u0259b\u0259l\u0259r\u0259 t\u0259qa\u00fcd ayr\u0131lmas\u0131 il\u0259 ba\u011fl\u0131 imkanlara bax\u0131lmas\u0131 \u00fc\u00e7\u00fcn d\u00f6vl\u0259timizin ba\u015f\u00e7\u0131s\u0131ndan xahi\u015f etdi.<\/p>\n<p>Az\u0259rbaycan\u0131n t\u0259hsil potensial\u0131 haqq\u0131nda m\u0259lumat ver\u0259n Prezident \u0130lham \u018fliyev xarici t\u0259l\u0259b\u0259l\u0259r, o c\u00fcml\u0259d\u0259n Qo\u015fulmama H\u0259r\u0259kat\u0131na \u00fczv d\u00f6vl\u0259tl\u0259rd\u0259n olan t\u0259l\u0259b\u0259l\u0259r \u00fc\u00e7\u00fcn t\u0259hsil t\u0259qa\u00fcdl\u0259rinin ayr\u0131ld\u0131\u011f\u0131n\u0131 qeyd ed\u0259r\u0259k bu m\u0259s\u0259l\u0259y\u0259 d\u0259 bax\u0131laca\u011f\u0131n\u0131 bildirdi.<\/p>\n<p><strong>16:35<\/strong><\/p>\n<p>Az\u0259rbaycan Respublikas\u0131n\u0131n Prezidenti\u00a0<strong>\u0130lham \u018fliyev<\/strong>\u00a0mart\u0131n 7-d\u0259 Timor-Leste Demokratik Respublikas\u0131n\u0131n Prezidenti Jose Ramos Horta il\u0259 g\u00f6r\u00fc\u015f\u00fcb.<\/p>\n<p>Bu bar\u0259d\u0259\u00a0<a href=\"https:\/\/azertag.az\/xeber\/Azerbaycan_Prezidenti_Ilham_Aliyev_Timor_Leste_Prezidenti_Jose_Ramos_Horta_ile_gorusub_YENILANACAK-2521631\" target=\"_blank\" rel=\"noopener\">AZ\u018fRTAC<\/a>\u00a0x\u0259b\u0259r verir.<\/p>\n<p><img src=\"https:\/\/cdn.oxu.az\/uploads\/W1siZiIsIjIwMjMvMDMvMDcvMTYvMzQvNDUvY2U3Njc1NzYtOWJhZi00YjlmLWJjNjItOTJhYjVjMTBmMWZlLzE2NzgxOTIyNTE2NTM0MDMzMTExXzEwMDB4NjY5LmpwZyJdLFsicCIsImVuY29kZSIsImpwZyIsIi1xdWFsaXR5IDgwIl0sWyJwIiwidGh1bWIiLCI1OTB4NTkwXHUwMDNlIl1d?sha=781e4207fdb68b4b\" alt=\"\" \/><\/p>\n","protected":false},"excerpt":{"rendered":"<p>Az\u0259rbaycan Respublikas\u0131n\u0131n Prezidenti\u00a0\u0130lham \u018fliyev\u00a0mart\u0131n 7-d\u0259 Timor-Leste Demokratik Respublikas\u0131n\u0131n Prezidenti Jose Ramos Horta il\u0259 g\u00f6r\u00fc\u015f\u00fcb. AZ\u018fRTAC\u00a0x\u0259b\u0259r verir ki, g\u00f6r\u00fc\u015fd\u0259 \u00e7\u0131x\u0131\u015f ed\u0259n Prezident\u00a0\u0130lham \u018fliyev\u00a0dedi: &#8211; Sizi bir daha salamlay\u0131ram. S\u0259f\u0259r\u0259 g\u0259ldiyiniz \u00fc\u00e7\u00fcn t\u0259\u015f\u0259kk\u00fcr edir\u0259m. Bu, h\u0259qiq\u0259t\u0259n d\u0259 tarixd\u0259 ilk d\u0259f\u0259dir ki, Timor-Lestenin Prezidenti Az\u0259rbaycana s\u0259f\u0259r edir. \u018fmin\u0259m ki, bu, \u00f6lk\u0259l\u0259rimiz aras\u0131nda dostluq \u0259laq\u0259l\u0259rinin, s\u0259m\u0259r\u0259li \u0259m\u0259kda\u015fl\u0131\u011f\u0131n v\u0259 t\u0259r\u0259fda\u015fl\u0131\u011f\u0131m\u0131z\u0131n u\u011furlu davam\u0131n\u0131 t\u0259min ed\u0259c\u0259k m\u00fch\u00fcm add\u0131md\u0131r. Bununla yana\u015f\u0131, Qo\u015fulmama H\u0259r\u0259kat\u0131n\u0131n bu yax\u0131nlarda ke\u00e7irilmi\u015f Zirv\u0259 toplant\u0131s\u0131nda \u00f6lk\u0259nizin y\u00fcks\u0259k s\u0259viyy\u0259d\u0259 t\u0259msil olunmas\u0131 il\u0259 ba\u011fl\u0131 minn\u0259tdarl\u0131\u011f\u0131m\u0131 bildirm\u0259k ist\u0259yir\u0259m. Bu toplant\u0131 olduqca u\u011furlu idi v\u0259 \u00fczv d\u00f6vl\u0259tl\u0259r aras\u0131nda h\u0259mr\u0259yliyi&hellip;<\/p>\n","protected":false},"author":2,"featured_media":573789,"comment_status":"closed","ping_status":"closed","sticky":false,"template":"","format":"standard","meta":{"om_disable_all_campaigns":false,"_monsterinsights_skip_tracking":false,"_monsterinsights_sitenote_active":false,"_monsterinsights_sitenote_note":"","_monsterinsights_sitenote_category":0},"categories":[4],"tags":[],"aioseo_notices":[],"gutentor_comment":0,"rttpg_featured_image_url":{"full":["https:\/\/arantv.az\/wp-content\/uploads\/2023\/03\/FotoJet-15.jpg",620,413,false],"landscape":["https:\/\/arantv.az\/wp-content\/uploads\/2023\/03\/FotoJet-15.jpg",620,413,false],"portraits":["https:\/\/arantv.az\/wp-content\/uploads\/2023\/03\/FotoJet-15.jpg",620,413,false],"thumbnail":["https:\/\/arantv.az\/wp-content\/uploads\/2023\/03\/FotoJet-15-500x280.jpg",500,280,true],"medium":["https:\/\/arantv.az\/wp-content\/uploads\/2023\/03\/FotoJet-15-548x365.jpg",548,365,true],"large":["https:\/\/arantv.az\/wp-content\/uploads\/2023\/03\/FotoJet-15.jpg",620,413,false],"1536x1536":["https:\/\/arantv.az\/wp-content\/uploads\/2023\/03\/FotoJet-15.jpg",620,413,false],"2048x2048":["https:\/\/arantv.az\/wp-content\/uploads\/2023\/03\/FotoJet-15.jpg",620,413,false],"post-thumbnail":["https:\/\/arantv.az\/wp-content\/uploads\/2023\/03\/FotoJet-15-240x172.jpg",240,172,true],"advps-thumb-one":["https:\/\/arantv.az\/wp-content\/uploads\/2023\/03\/FotoJet-15.jpg",620,413,false]},"rttpg_author":{"display_name":"V\u00fcsal Rafiqo\u011flu","author_link":"https:\/\/arantv.az\/?author=2"},"rttpg_comment":0,"rttpg_category":"<a href=\"https:\/\/arantv.az\/?cat=4\" rel=\"category\">Siyas\u0259t<\/a>","rttpg_excerpt":"Az\u0259rbaycan Respublikas\u0131n\u0131n Prezidenti\u00a0\u0130lham \u018fliyev\u00a0mart\u0131n 7-d\u0259 Timor-Leste Demokratik Respublikas\u0131n\u0131n Prezidenti Jose Ramos Horta il\u0259 g\u00f6r\u00fc\u015f\u00fcb. AZ\u018fRTAC\u00a0x\u0259b\u0259r verir ki, g\u00f6r\u00fc\u015fd\u0259 \u00e7\u0131x\u0131\u015f ed\u0259n Prezident\u00a0\u0130lham \u018fliyev\u00a0dedi: &#8211; Sizi bir daha salamlay\u0131ram. S\u0259f\u0259r\u0259 g\u0259ldiyiniz \u00fc\u00e7\u00fcn t\u0259\u015f\u0259kk\u00fcr edir\u0259m. Bu, h\u0259qiq\u0259t\u0259n d\u0259 tarixd\u0259 ilk d\u0259f\u0259dir ki, Timor-Lestenin Prezidenti Az\u0259rbaycana s\u0259f\u0259r edir. \u018fmin\u0259m ki, bu, \u00f6lk\u0259l\u0259rimiz aras\u0131nda dostluq \u0259laq\u0259l\u0259rinin, s\u0259m\u0259r\u0259li \u0259m\u0259kda\u015fl\u0131\u011f\u0131n v\u0259 t\u0259r\u0259fda\u015fl\u0131\u011f\u0131m\u0131z\u0131n&hellip;","_links":{"self":[{"href":"https:\/\/arantv.az\/index.php?rest_route=\/wp\/v2\/posts\/573784"}],"collection":[{"href":"https:\/\/arantv.az\/index.php?rest_route=\/wp\/v2\/posts"}],"about":[{"href":"https:\/\/arantv.az\/index.php?rest_route=\/wp\/v2\/types\/post"}],"author":[{"embeddable":true,"href":"https:\/\/arantv.az\/index.php?rest_route=\/wp\/v2\/users\/2"}],"replies":[{"embeddable":true,"href":"https:\/\/arantv.az\/index.php?rest_route=%2Fwp%2Fv2%2Fcomments&post=573784"}],"version-history":[{"count":0,"href":"https:\/\/arantv.az\/index.php?rest_route=\/wp\/v2\/posts\/573784\/revisions"}],"wp:featuredmedia":[{"embeddable":true,"href":"https:\/\/arantv.az\/index.php?rest_route=\/wp\/v2\/media\/573789"}],"wp:attachment":[{"href":"https:\/\/arantv.az\/index.php?rest_route=%2Fwp%2Fv2%2Fmedia&parent=573784"}],"wp:term":[{"taxonomy":"category","embeddable":true,"href":"https:\/\/arantv.az\/index.php?rest_route=%2Fwp%2Fv2%2Fcategories&post=573784"},{"taxonomy":"post_tag","embeddable":true,"href":"https:\/\/arantv.az\/index.php?rest_route=%2Fwp%2Fv2%2Ftags&post=573784"}],"curies":[{"name":"wp","href":"https:\/\/api.w.org\/{rel}","templated":true}]}}