{"id":573788,"date":"2023-03-07T20:42:31","date_gmt":"2023-03-07T17:42:31","guid":{"rendered":"https:\/\/arantv.az\/?p=573788"},"modified":"2023-03-07T20:42:31","modified_gmt":"2023-03-07T17:42:31","slug":"ayxan-hacizad%c9%99-fransa-xin-bolg%c9%99mizd%c9%99-bas-ver%c9%99n-t%c9%99xribatlar-bar%c9%99d%c9%99-q%c9%99r%c9%99zli-movqe-numayis-etdirir","status":"publish","type":"post","link":"https:\/\/arantv.az\/?p=573788","title":{"rendered":"Ayxan Hac\u0131zad\u0259: \u201cFransa X\u0130N b\u00f6lg\u0259mizd\u0259 ba\u015f ver\u0259n t\u0259xribatlar bar\u0259d\u0259 q\u0259r\u0259zli m\u00f6vqe n\u00fcmayi\u015f etdirir\u201d"},"content":{"rendered":"<p>\u201cT\u0259\u0259ss\u00fcf ki, Fransa Xarici \u0130\u015fl\u0259r Nazirliyi n\u00f6vb\u0259ti d\u0259f\u0259 b\u00f6lg\u0259mizd\u0259 ba\u015f ver\u0259n t\u0259xribatlar\u0131 \u015f\u0259rh ed\u0259rk\u0259n q\u0259r\u0259zli v\u0259 \u0259sass\u0131z m\u00f6vqe n\u00fcmayi\u015f etdirm\u0259kd\u0259 davam edir\u201d.<\/p>\n<div class=\"AdviadNativeVideo\"><\/div>\n<p><strong>ARANTV.AZ<\/strong>\u00a0x\u0259b\u0259r verir ki, bu bar\u0259d\u0259 Az\u0259rbaycan Respublikas\u0131n\u0131n Xarici \u0130\u015fl\u0259r Nazirliyinin M\u0259tbuat xidm\u0259ti idar\u0259sinin r\u0259isi Ayxan Hac\u0131zad\u0259 yerli media n\u00fcmay\u0259nd\u0259l\u0259rinin m\u00f6vzu il\u0259 ba\u011fl\u0131 sual\u0131n\u0131 cavabland\u0131rark\u0259n bildirib.<\/p>\n<p>Fransa t\u0259r\u0259fi beyn\u0259lxalq h\u00fcququn norma v\u0259 prinsipl\u0259rin\u0259, \u00fczv\u00fc oldu\u011fu BMT T\u0259hl\u00fck\u0259sizlik \u015euras\u0131n\u0131n 4 q\u0259tnam\u0259sin\u0259 v\u0259 \u00dc\u00e7t\u0259r\u0259fli B\u0259yanat uy\u011fun olaraq Az\u0259rbaycan\u0131n suveren \u0259razil\u0259rind\u0259n qeyri-qanuni erm\u0259ni silahl\u0131 q\u00fcvv\u0259l\u0259rinin \u00e7\u0131xar\u0131lmas\u0131na \u00e7a\u011f\u0131r\u0131\u015f \u0259v\u0259zin\u0259, qanunsuz erm\u0259ni silahl\u0131 birl\u0259\u015fm\u0259l\u0259rini \u201cpolis\u201d kimi t\u0259qdim etm\u0259si v\u0259 dolay\u0131s\u0131 yolla onlar\u0131n Az\u0259rbaycan \u0259razil\u0259rind\u0259 t\u0259xribatlar\u0131na haqq qazand\u0131rmas\u0131 q\u0259buledilm\u0259zdir.<\/p>\n<p>Fransa t\u0259r\u0259fi anlamal\u0131d\u0131r ki, Erm\u0259nistan t\u0259r\u0259finin La\u00e7\u0131n yolunda etirazlar\u0131 b\u0259han\u0259 g\u0259tir\u0259r\u0259k alternativ yollardan istifad\u0259 etm\u0259kl\u0259 qeyri-qanuni h\u0259rbi f\u0259aliyy\u0259ti davam etdirm\u0259y\u0259 c\u0259hd g\u00f6st\u0259rm\u0259si beyn\u0259lxalq \u00f6hd\u0259likl\u0259rin kobud \u015f\u0259kild\u0259 pozulmas\u0131d\u0131r.<\/p>\n<p>Bir daha xat\u0131rlad\u0131r\u0131q ki, \u0259razil\u0259rimizin 30 illik i\u015f\u011fal\u0131na son qoyulmas\u0131ndan sonra Erm\u0259nistan t\u0259r\u0259finin davam ed\u0259n t\u0259xribatlar\u0131n\u0131n qar\u015f\u0131s\u0131n\u0131n al\u0131nmas\u0131, \u00f6hd\u0259likl\u0259rin\u0259 zidd olaraq Az\u0259rbaycan \u0259razil\u0259rind\u0259n h\u0259l\u0259 d\u0259 \u00e7\u0131xar\u0131lmayan erm\u0259ni silahl\u0131 q\u00fcvv\u0259l\u0259ri il\u0259 m\u00fcbariz\u0259, o c\u00fcml\u0259d\u0259n silah, sursat v\u0259 minalar\u0131n Az\u0259rbaycan\u0131n suveren \u0259razil\u0259rin\u0259 da\u015f\u0131nmas\u0131na v\u0259 istifad\u0259 edilm\u0259sin\u0259 imkan verilm\u0259m\u0259si m\u0259qs\u0259dil\u0259 b\u00fct\u00fcn z\u0259ruri add\u0131mlar\u0131 atmaqda q\u0259rarl\u0131d\u0131r v\u0259 bu \u00f6lk\u0259mizin suveren h\u00fcququdur.<\/p>\n","protected":false},"excerpt":{"rendered":"<p>\u201cT\u0259\u0259ss\u00fcf ki, Fransa Xarici \u0130\u015fl\u0259r Nazirliyi n\u00f6vb\u0259ti d\u0259f\u0259 b\u00f6lg\u0259mizd\u0259 ba\u015f ver\u0259n t\u0259xribatlar\u0131 \u015f\u0259rh ed\u0259rk\u0259n q\u0259r\u0259zli v\u0259 \u0259sass\u0131z m\u00f6vqe n\u00fcmayi\u015f etdirm\u0259kd\u0259 davam edir\u201d. ARANTV.AZ\u00a0x\u0259b\u0259r verir ki, bu bar\u0259d\u0259 Az\u0259rbaycan Respublikas\u0131n\u0131n Xarici \u0130\u015fl\u0259r Nazirliyinin M\u0259tbuat xidm\u0259ti idar\u0259sinin r\u0259isi Ayxan Hac\u0131zad\u0259 yerli media n\u00fcmay\u0259nd\u0259l\u0259rinin m\u00f6vzu il\u0259 ba\u011fl\u0131 sual\u0131n\u0131 cavabland\u0131rark\u0259n bildirib. Fransa t\u0259r\u0259fi beyn\u0259lxalq h\u00fcququn norma v\u0259 prinsipl\u0259rin\u0259, \u00fczv\u00fc oldu\u011fu BMT T\u0259hl\u00fck\u0259sizlik \u015euras\u0131n\u0131n 4 q\u0259tnam\u0259sin\u0259 v\u0259 \u00dc\u00e7t\u0259r\u0259fli B\u0259yanat uy\u011fun olaraq Az\u0259rbaycan\u0131n suveren \u0259razil\u0259rind\u0259n qeyri-qanuni erm\u0259ni silahl\u0131 q\u00fcvv\u0259l\u0259rinin \u00e7\u0131xar\u0131lmas\u0131na \u00e7a\u011f\u0131r\u0131\u015f \u0259v\u0259zin\u0259, qanunsuz erm\u0259ni silahl\u0131 birl\u0259\u015fm\u0259l\u0259rini \u201cpolis\u201d kimi t\u0259qdim etm\u0259si v\u0259 dolay\u0131s\u0131 yolla onlar\u0131n Az\u0259rbaycan \u0259razil\u0259rind\u0259&hellip;<\/p>\n","protected":false},"author":2,"featured_media":573792,"comment_status":"closed","ping_status":"closed","sticky":false,"template":"","format":"standard","meta":{"om_disable_all_campaigns":false,"_monsterinsights_skip_tracking":false,"_monsterinsights_sitenote_active":false,"_monsterinsights_sitenote_note":"","_monsterinsights_sitenote_category":0},"categories":[4],"tags":[],"aioseo_notices":[],"gutentor_comment":0,"rttpg_featured_image_url":{"full":["https:\/\/arantv.az\/wp-content\/uploads\/2023\/03\/FotoJet-46-1.jpg",620,413,false],"landscape":["https:\/\/arantv.az\/wp-content\/uploads\/2023\/03\/FotoJet-46-1.jpg",620,413,false],"portraits":["https:\/\/arantv.az\/wp-content\/uploads\/2023\/03\/FotoJet-46-1.jpg",620,413,false],"thumbnail":["https:\/\/arantv.az\/wp-content\/uploads\/2023\/03\/FotoJet-46-1-500x280.jpg",500,280,true],"medium":["https:\/\/arantv.az\/wp-content\/uploads\/2023\/03\/FotoJet-46-1-548x365.jpg",548,365,true],"large":["https:\/\/arantv.az\/wp-content\/uploads\/2023\/03\/FotoJet-46-1.jpg",620,413,false],"1536x1536":["https:\/\/arantv.az\/wp-content\/uploads\/2023\/03\/FotoJet-46-1.jpg",620,413,false],"2048x2048":["https:\/\/arantv.az\/wp-content\/uploads\/2023\/03\/FotoJet-46-1.jpg",620,413,false],"post-thumbnail":["https:\/\/arantv.az\/wp-content\/uploads\/2023\/03\/FotoJet-46-1-240x172.jpg",240,172,true],"advps-thumb-one":["https:\/\/arantv.az\/wp-content\/uploads\/2023\/03\/FotoJet-46-1.jpg",620,413,false]},"rttpg_author":{"display_name":"V\u00fcsal Rafiqo\u011flu","author_link":"https:\/\/arantv.az\/?author=2"},"rttpg_comment":0,"rttpg_category":"<a href=\"https:\/\/arantv.az\/?cat=4\" rel=\"category\">Siyas\u0259t<\/a>","rttpg_excerpt":"\u201cT\u0259\u0259ss\u00fcf ki, Fransa Xarici \u0130\u015fl\u0259r Nazirliyi n\u00f6vb\u0259ti d\u0259f\u0259 b\u00f6lg\u0259mizd\u0259 ba\u015f ver\u0259n t\u0259xribatlar\u0131 \u015f\u0259rh ed\u0259rk\u0259n q\u0259r\u0259zli v\u0259 \u0259sass\u0131z m\u00f6vqe n\u00fcmayi\u015f etdirm\u0259kd\u0259 davam edir\u201d. ARANTV.AZ\u00a0x\u0259b\u0259r verir ki, bu bar\u0259d\u0259 Az\u0259rbaycan Respublikas\u0131n\u0131n Xarici \u0130\u015fl\u0259r Nazirliyinin M\u0259tbuat xidm\u0259ti idar\u0259sinin r\u0259isi Ayxan Hac\u0131zad\u0259 yerli media n\u00fcmay\u0259nd\u0259l\u0259rinin m\u00f6vzu il\u0259 ba\u011fl\u0131 sual\u0131n\u0131 cavabland\u0131rark\u0259n bildirib. Fransa t\u0259r\u0259fi beyn\u0259lxalq h\u00fcququn norma v\u0259 prinsipl\u0259rin\u0259, \u00fczv\u00fc&hellip;","_links":{"self":[{"href":"https:\/\/arantv.az\/index.php?rest_route=\/wp\/v2\/posts\/573788"}],"collection":[{"href":"https:\/\/arantv.az\/index.php?rest_route=\/wp\/v2\/posts"}],"about":[{"href":"https:\/\/arantv.az\/index.php?rest_route=\/wp\/v2\/types\/post"}],"author":[{"embeddable":true,"href":"https:\/\/arantv.az\/index.php?rest_route=\/wp\/v2\/users\/2"}],"replies":[{"embeddable":true,"href":"https:\/\/arantv.az\/index.php?rest_route=%2Fwp%2Fv2%2Fcomments&post=573788"}],"version-history":[{"count":0,"href":"https:\/\/arantv.az\/index.php?rest_route=\/wp\/v2\/posts\/573788\/revisions"}],"wp:featuredmedia":[{"embeddable":true,"href":"https:\/\/arantv.az\/index.php?rest_route=\/wp\/v2\/media\/573792"}],"wp:attachment":[{"href":"https:\/\/arantv.az\/index.php?rest_route=%2Fwp%2Fv2%2Fmedia&parent=573788"}],"wp:term":[{"taxonomy":"category","embeddable":true,"href":"https:\/\/arantv.az\/index.php?rest_route=%2Fwp%2Fv2%2Fcategories&post=573788"},{"taxonomy":"post_tag","embeddable":true,"href":"https:\/\/arantv.az\/index.php?rest_route=%2Fwp%2Fv2%2Ftags&post=573788"}],"curies":[{"name":"wp","href":"https:\/\/api.w.org\/{rel}","templated":true}]}}