{"id":573801,"date":"2023-03-07T20:44:20","date_gmt":"2023-03-07T17:44:20","guid":{"rendered":"https:\/\/arantv.az\/?p=573801"},"modified":"2023-03-07T20:44:20","modified_gmt":"2023-03-07T17:44:20","slug":"iranda-m%c9%99kt%c9%99blil%c9%99rin-davamli-olaraq-z%c9%99h%c9%99rl%c9%99nm%c9%99si-aliml%c9%99rin-d%c9%99-etirazina-s%c9%99b%c9%99b-oldu-video","status":"publish","type":"post","link":"https:\/\/arantv.az\/?p=573801","title":{"rendered":"\u0130randa m\u0259kt\u0259blil\u0259rin davaml\u0131 olaraq z\u0259h\u0259rl\u0259nm\u0259si aliml\u0259rin d\u0259 etiraz\u0131na s\u0259b\u0259b oldu &#8211; V\u0130DEO"},"content":{"rendered":"<p>\u0130randa m\u0259kt\u0259blil\u0259rin davaml\u0131 olaraq z\u0259h\u0259rl\u0259nm\u0259si art\u0131q din \u00fczr\u0259 m\u00fcct\u0259hid aliml\u0259rin d\u0259 etiraz s\u0259sini y\u00fcks\u0259ldib.<\/p>\n<div class=\"AdviadNativeVideo\"><\/div>\n<p>Bu bar\u0259d\u0259\u00a0\u201cAzad \u0130ran\u201d\u00a0\u201cTelegram\u201d kanal\u0131nda m\u0259lumat verilib.<\/p>\n<p>Bildirilib ki, Ay\u0259tullah Y\u0259srebi \u00f6z narahatl\u0131\u011f\u0131n\u0131 dil\u0259 g\u0259tir\u0259r\u0259k bildirib:<\/p>\n<p>\u201cValideynl\u0259rin \u00f6vladlar\u0131n\u0131n m\u0259kt\u0259bd\u0259n evl\u0259rin\u0259 sa\u011f-salamat qay\u0131d\u0131\u015f\u0131ndan \u0259min olmamas\u0131ndan daha b\u00f6y\u00fck qorxu n\u0259 ola bil\u0259r ki?\u201d<\/p>\n<div><iframe loading=\"lazy\" id=\"telegram-post-AzadIranTelegram-17268\" src=\"https:\/\/t.me\/AzadIranTelegram\/17268?embed=1\" width=\"100%\" height=\"\" frameborder=\"0\" scrolling=\"no\" data-mce-fragment=\"1\"><\/iframe><\/div>\n<p>&nbsp;<\/p>\n","protected":false},"excerpt":{"rendered":"<p>\u0130randa m\u0259kt\u0259blil\u0259rin davaml\u0131 olaraq z\u0259h\u0259rl\u0259nm\u0259si art\u0131q din \u00fczr\u0259 m\u00fcct\u0259hid aliml\u0259rin d\u0259 etiraz s\u0259sini y\u00fcks\u0259ldib. Bu bar\u0259d\u0259\u00a0\u201cAzad \u0130ran\u201d\u00a0\u201cTelegram\u201d kanal\u0131nda m\u0259lumat verilib. Bildirilib ki, Ay\u0259tullah Y\u0259srebi \u00f6z narahatl\u0131\u011f\u0131n\u0131 dil\u0259 g\u0259tir\u0259r\u0259k bildirib: \u201cValideynl\u0259rin \u00f6vladlar\u0131n\u0131n m\u0259kt\u0259bd\u0259n evl\u0259rin\u0259 sa\u011f-salamat qay\u0131d\u0131\u015f\u0131ndan \u0259min olmamas\u0131ndan daha b\u00f6y\u00fck qorxu n\u0259 ola bil\u0259r ki?\u201d &nbsp;<\/p>\n","protected":false},"author":2,"featured_media":573803,"comment_status":"closed","ping_status":"closed","sticky":false,"template":"","format":"standard","meta":{"om_disable_all_campaigns":false,"_monsterinsights_skip_tracking":false,"_monsterinsights_sitenote_active":false,"_monsterinsights_sitenote_note":"","_monsterinsights_sitenote_category":0},"categories":[7],"tags":[],"aioseo_notices":[],"gutentor_comment":0,"rttpg_featured_image_url":{"full":["https:\/\/arantv.az\/wp-content\/uploads\/2023\/03\/FotoJet-2023-03-07T191433.473.jpg",620,413,false],"landscape":["https:\/\/arantv.az\/wp-content\/uploads\/2023\/03\/FotoJet-2023-03-07T191433.473.jpg",620,413,false],"portraits":["https:\/\/arantv.az\/wp-content\/uploads\/2023\/03\/FotoJet-2023-03-07T191433.473.jpg",620,413,false],"thumbnail":["https:\/\/arantv.az\/wp-content\/uploads\/2023\/03\/FotoJet-2023-03-07T191433.473-500x280.jpg",500,280,true],"medium":["https:\/\/arantv.az\/wp-content\/uploads\/2023\/03\/FotoJet-2023-03-07T191433.473-548x365.jpg",548,365,true],"large":["https:\/\/arantv.az\/wp-content\/uploads\/2023\/03\/FotoJet-2023-03-07T191433.473.jpg",620,413,false],"1536x1536":["https:\/\/arantv.az\/wp-content\/uploads\/2023\/03\/FotoJet-2023-03-07T191433.473.jpg",620,413,false],"2048x2048":["https:\/\/arantv.az\/wp-content\/uploads\/2023\/03\/FotoJet-2023-03-07T191433.473.jpg",620,413,false],"post-thumbnail":["https:\/\/arantv.az\/wp-content\/uploads\/2023\/03\/FotoJet-2023-03-07T191433.473-240x172.jpg",240,172,true],"advps-thumb-one":["https:\/\/arantv.az\/wp-content\/uploads\/2023\/03\/FotoJet-2023-03-07T191433.473.jpg",620,413,false]},"rttpg_author":{"display_name":"V\u00fcsal Rafiqo\u011flu","author_link":"https:\/\/arantv.az\/?author=2"},"rttpg_comment":0,"rttpg_category":"<a href=\"https:\/\/arantv.az\/?cat=7\" rel=\"category\">D\u00fcnya<\/a>","rttpg_excerpt":"\u0130randa m\u0259kt\u0259blil\u0259rin davaml\u0131 olaraq z\u0259h\u0259rl\u0259nm\u0259si art\u0131q din \u00fczr\u0259 m\u00fcct\u0259hid aliml\u0259rin d\u0259 etiraz s\u0259sini y\u00fcks\u0259ldib. Bu bar\u0259d\u0259\u00a0\u201cAzad \u0130ran\u201d\u00a0\u201cTelegram\u201d kanal\u0131nda m\u0259lumat verilib. Bildirilib ki, Ay\u0259tullah Y\u0259srebi \u00f6z narahatl\u0131\u011f\u0131n\u0131 dil\u0259 g\u0259tir\u0259r\u0259k bildirib: \u201cValideynl\u0259rin \u00f6vladlar\u0131n\u0131n m\u0259kt\u0259bd\u0259n evl\u0259rin\u0259 sa\u011f-salamat qay\u0131d\u0131\u015f\u0131ndan \u0259min olmamas\u0131ndan daha b\u00f6y\u00fck qorxu n\u0259 ola bil\u0259r ki?\u201d &nbsp;","_links":{"self":[{"href":"https:\/\/arantv.az\/index.php?rest_route=\/wp\/v2\/posts\/573801"}],"collection":[{"href":"https:\/\/arantv.az\/index.php?rest_route=\/wp\/v2\/posts"}],"about":[{"href":"https:\/\/arantv.az\/index.php?rest_route=\/wp\/v2\/types\/post"}],"author":[{"embeddable":true,"href":"https:\/\/arantv.az\/index.php?rest_route=\/wp\/v2\/users\/2"}],"replies":[{"embeddable":true,"href":"https:\/\/arantv.az\/index.php?rest_route=%2Fwp%2Fv2%2Fcomments&post=573801"}],"version-history":[{"count":0,"href":"https:\/\/arantv.az\/index.php?rest_route=\/wp\/v2\/posts\/573801\/revisions"}],"wp:featuredmedia":[{"embeddable":true,"href":"https:\/\/arantv.az\/index.php?rest_route=\/wp\/v2\/media\/573803"}],"wp:attachment":[{"href":"https:\/\/arantv.az\/index.php?rest_route=%2Fwp%2Fv2%2Fmedia&parent=573801"}],"wp:term":[{"taxonomy":"category","embeddable":true,"href":"https:\/\/arantv.az\/index.php?rest_route=%2Fwp%2Fv2%2Fcategories&post=573801"},{"taxonomy":"post_tag","embeddable":true,"href":"https:\/\/arantv.az\/index.php?rest_route=%2Fwp%2Fv2%2Ftags&post=573801"}],"curies":[{"name":"wp","href":"https:\/\/api.w.org\/{rel}","templated":true}]}}