{"id":573804,"date":"2023-03-07T20:45:07","date_gmt":"2023-03-07T17:45:07","guid":{"rendered":"https:\/\/arantv.az\/?p=573804"},"modified":"2023-03-07T20:45:07","modified_gmt":"2023-03-07T17:45:07","slug":"q%c9%99rbi-az%c9%99rbaycanli-fikrim-ancaq-z%c9%99ng%c9%99zurdadir-video","status":"publish","type":"post","link":"https:\/\/arantv.az\/?p=573804","title":{"rendered":"Q\u0259rbi az\u0259rbaycanl\u0131: \u201cFikrim ancaq Z\u0259ng\u0259zurdad\u0131r\u201d &#8211; V\u0130DEO"},"content":{"rendered":"<article class=\"news\">\n<div class=\"news-inner\">\n<p>\u201cFikrim nacaq Z\u0259ng\u0259zurdad\u0131r\u201d.<\/p>\n<div class=\"AdviadNativeVideo\"><\/div>\n<p>Bu s\u00f6zl\u0259ri Baku TV-y\u0259 a\u00e7\u0131qlamas\u0131nda q\u0259rbi az\u0259rbaycanl\u0131 \u018fhm\u0259dxan \u018fhm\u0259dov bildirib.<\/p>\n<p>O qeyd edib ki, Q\u0259rbi Az\u0259rbaycan\u0131n Qafan rayonunun \u00c7ayl\u0131 k\u0259ndind\u0259ndirl\u0259r:<\/p>\n<p>\u201cG\u00fcl \u00e7i\u00e7\u0259k i\u00e7ind\u0259 ya\u015fay\u0131rd\u0131q. K\u0259ndimiz\u0259 \u00fc\u00e7 \u00e7ay g\u0259lirdi. \u0130\u00e7diyimiz t\u0259miz bulaq suyu idi\u201d.<\/p>\n<p>Daha \u0259trafl\u0131 s\u00fcjetd\u0259:<\/p>\n<div><iframe loading=\"lazy\" title=\"YouTube video player\" src=\"https:\/\/www.youtube.com\/embed\/yx47SXOEOO0\" width=\"560\" height=\"315\" frameborder=\"0\" allowfullscreen=\"allowfullscreen\" data-mce-fragment=\"1\"><\/iframe><\/div>\n<\/div>\n<\/article>\n","protected":false},"excerpt":{"rendered":"<p>\u201cFikrim nacaq Z\u0259ng\u0259zurdad\u0131r\u201d. Bu s\u00f6zl\u0259ri Baku TV-y\u0259 a\u00e7\u0131qlamas\u0131nda q\u0259rbi az\u0259rbaycanl\u0131 \u018fhm\u0259dxan \u018fhm\u0259dov bildirib. O qeyd edib ki, Q\u0259rbi Az\u0259rbaycan\u0131n Qafan rayonunun \u00c7ayl\u0131 k\u0259ndind\u0259ndirl\u0259r: \u201cG\u00fcl \u00e7i\u00e7\u0259k i\u00e7ind\u0259 ya\u015fay\u0131rd\u0131q. K\u0259ndimiz\u0259 \u00fc\u00e7 \u00e7ay g\u0259lirdi. \u0130\u00e7diyimiz t\u0259miz bulaq suyu idi\u201d. Daha \u0259trafl\u0131 s\u00fcjetd\u0259:<\/p>\n","protected":false},"author":2,"featured_media":573809,"comment_status":"closed","ping_status":"closed","sticky":false,"template":"","format":"standard","meta":{"om_disable_all_campaigns":false,"_monsterinsights_skip_tracking":false,"_monsterinsights_sitenote_active":false,"_monsterinsights_sitenote_note":"","_monsterinsights_sitenote_category":0},"categories":[1],"tags":[],"aioseo_notices":[],"gutentor_comment":0,"rttpg_featured_image_url":{"full":["https:\/\/arantv.az\/wp-content\/uploads\/2023\/03\/FotoJet-2023-03-07T190557.237.jpg",620,413,false],"landscape":["https:\/\/arantv.az\/wp-content\/uploads\/2023\/03\/FotoJet-2023-03-07T190557.237.jpg",620,413,false],"portraits":["https:\/\/arantv.az\/wp-content\/uploads\/2023\/03\/FotoJet-2023-03-07T190557.237.jpg",620,413,false],"thumbnail":["https:\/\/arantv.az\/wp-content\/uploads\/2023\/03\/FotoJet-2023-03-07T190557.237-500x280.jpg",500,280,true],"medium":["https:\/\/arantv.az\/wp-content\/uploads\/2023\/03\/FotoJet-2023-03-07T190557.237-548x365.jpg",548,365,true],"large":["https:\/\/arantv.az\/wp-content\/uploads\/2023\/03\/FotoJet-2023-03-07T190557.237.jpg",620,413,false],"1536x1536":["https:\/\/arantv.az\/wp-content\/uploads\/2023\/03\/FotoJet-2023-03-07T190557.237.jpg",620,413,false],"2048x2048":["https:\/\/arantv.az\/wp-content\/uploads\/2023\/03\/FotoJet-2023-03-07T190557.237.jpg",620,413,false],"post-thumbnail":["https:\/\/arantv.az\/wp-content\/uploads\/2023\/03\/FotoJet-2023-03-07T190557.237-240x172.jpg",240,172,true],"advps-thumb-one":["https:\/\/arantv.az\/wp-content\/uploads\/2023\/03\/FotoJet-2023-03-07T190557.237.jpg",620,413,false]},"rttpg_author":{"display_name":"V\u00fcsal Rafiqo\u011flu","author_link":"https:\/\/arantv.az\/?author=2"},"rttpg_comment":0,"rttpg_category":"<a href=\"https:\/\/arantv.az\/?cat=1\" rel=\"category\">C\u0259miyy\u0259t<\/a>","rttpg_excerpt":"\u201cFikrim nacaq Z\u0259ng\u0259zurdad\u0131r\u201d. Bu s\u00f6zl\u0259ri Baku TV-y\u0259 a\u00e7\u0131qlamas\u0131nda q\u0259rbi az\u0259rbaycanl\u0131 \u018fhm\u0259dxan \u018fhm\u0259dov bildirib. O qeyd edib ki, Q\u0259rbi Az\u0259rbaycan\u0131n Qafan rayonunun \u00c7ayl\u0131 k\u0259ndind\u0259ndirl\u0259r: \u201cG\u00fcl \u00e7i\u00e7\u0259k i\u00e7ind\u0259 ya\u015fay\u0131rd\u0131q. K\u0259ndimiz\u0259 \u00fc\u00e7 \u00e7ay g\u0259lirdi. \u0130\u00e7diyimiz t\u0259miz bulaq suyu idi\u201d. Daha \u0259trafl\u0131 s\u00fcjetd\u0259:","_links":{"self":[{"href":"https:\/\/arantv.az\/index.php?rest_route=\/wp\/v2\/posts\/573804"}],"collection":[{"href":"https:\/\/arantv.az\/index.php?rest_route=\/wp\/v2\/posts"}],"about":[{"href":"https:\/\/arantv.az\/index.php?rest_route=\/wp\/v2\/types\/post"}],"author":[{"embeddable":true,"href":"https:\/\/arantv.az\/index.php?rest_route=\/wp\/v2\/users\/2"}],"replies":[{"embeddable":true,"href":"https:\/\/arantv.az\/index.php?rest_route=%2Fwp%2Fv2%2Fcomments&post=573804"}],"version-history":[{"count":0,"href":"https:\/\/arantv.az\/index.php?rest_route=\/wp\/v2\/posts\/573804\/revisions"}],"wp:featuredmedia":[{"embeddable":true,"href":"https:\/\/arantv.az\/index.php?rest_route=\/wp\/v2\/media\/573809"}],"wp:attachment":[{"href":"https:\/\/arantv.az\/index.php?rest_route=%2Fwp%2Fv2%2Fmedia&parent=573804"}],"wp:term":[{"taxonomy":"category","embeddable":true,"href":"https:\/\/arantv.az\/index.php?rest_route=%2Fwp%2Fv2%2Fcategories&post=573804"},{"taxonomy":"post_tag","embeddable":true,"href":"https:\/\/arantv.az\/index.php?rest_route=%2Fwp%2Fv2%2Ftags&post=573804"}],"curies":[{"name":"wp","href":"https:\/\/api.w.org\/{rel}","templated":true}]}}