{"id":573820,"date":"2023-03-07T20:47:54","date_gmt":"2023-03-07T17:47:54","guid":{"rendered":"https:\/\/arantv.az\/?p=573820"},"modified":"2023-03-07T20:47:54","modified_gmt":"2023-03-07T17:47:54","slug":"ilham-%c9%99liyev-cin-hokum%c9%99tinin-avropa-m%c9%99s%c9%99l%c9%99l%c9%99ri-uzr%c9%99-xususi-numay%c9%99nd%c9%99sini-q%c9%99bul-edib-yenil%c9%99nib-foto","status":"publish","type":"post","link":"https:\/\/arantv.az\/?p=573820","title":{"rendered":"\u0130lham \u018fliyev \u00c7in H\u00f6kum\u0259tinin Avropa m\u0259s\u0259l\u0259l\u0259ri \u00fczr\u0259 x\u00fcsusi n\u00fcmay\u0259nd\u0259sini q\u0259bul edib &#8211; YEN\u0130L\u018fN\u0130B + FOTO"},"content":{"rendered":"<p>Az\u0259rbaycan Respublikas\u0131n\u0131n Prezidenti\u00a0<strong>\u0130lham \u018fliyev<\/strong>\u00a0mart\u0131n 7-d\u0259 \u00c7in H\u00f6kum\u0259tinin Avropa m\u0259s\u0259l\u0259l\u0259ri \u00fczr\u0259 x\u00fcsusi n\u00fcmay\u0259nd\u0259si Vu Honqbonu q\u0259bul edib.<\/p>\n<p><a href=\"https:\/\/azertag.az\/\" target=\"_blank\" rel=\"noopener\">AZ\u018fRTAC<\/a>\u00a0x\u0259b\u0259r verir ki, ilk n\u00f6vb\u0259d\u0259, \u00c7in Xalq Respublikas\u0131n\u0131n S\u0259dri Si Cinpinin salamlar\u0131n\u0131 d\u00f6vl\u0259timizin ba\u015f\u00e7\u0131s\u0131na \u00e7atd\u0131ran Vu Honqbo Az\u0259rbaycan Prezidenti il\u0259 \u0259vv\u0259lki g\u00f6r\u00fc\u015fl\u0259rini m\u0259mnunluqla xat\u0131rlay\u0131b.<\/p>\n<div class=\"AdviadNativeVideo\"><\/div>\n<p>Qonaq bildirdi ki, Az\u0259rbaycan Prezidentinin g\u00fccl\u00fc r\u0259hb\u0259rliyi alt\u0131nda \u00f6lk\u0259mizin iqtisadi v\u0259 dig\u0259r sah\u0259l\u0259rd\u0259 \u0259ld\u0259 etdiyi u\u011furlar onlarda b\u00f6y\u00fck t\u0259\u0259ss\u00fcrat hissi do\u011furur.<\/p>\n<p>Prezident \u0130lham \u018fliyev salamlara g\u00f6r\u0259 minn\u0259tdarl\u0131\u011f\u0131n\u0131 bildirdi, onun da salamlar\u0131n\u0131 Si Cinpin\u0259 \u00e7atd\u0131rma\u011f\u0131 xahi\u015f etdi.<\/p>\n<p>D\u00f6vl\u0259timizin ba\u015f\u00e7\u0131s\u0131 \u00f6z\u00fcn\u00fcn \u00c7in\u0259 r\u0259smi s\u0259f\u0259rini, bu s\u0259f\u0259r zaman\u0131 v\u0259 beyn\u0259lxalq t\u0259dbirl\u0259rd\u0259 \u00c7in Xalq Respublikas\u0131n\u0131n S\u0259dri il\u0259 g\u00f6r\u00fc\u015fl\u0259rini xat\u0131rlayaraq bildirdi ki, Si Cinpinin Az\u0259rbaycan Prezidentini \u00c7inin b\u00f6y\u00fck dostu adland\u0131rmas\u0131ndan b\u00f6y\u00fck m\u0259mnunluq hissi duyur.<\/p>\n<p>Vahid \u00c7in siyas\u0259tini, \u00c7inin \u0259razi b\u00fct\u00f6vl\u00fcy\u00fc v\u0259 suverenliyini daim d\u0259st\u0259kl\u0259diyini qeyd ed\u0259n Prezident \u0130lham \u018fliyev Az\u0259rbaycan\u0131n xarici siyas\u0259tind\u0259 \u00c7inl\u0259 \u0259m\u0259kda\u015fl\u0131\u011f\u0131n \u0259sas prioritetl\u0259rd\u0259n biri oldu\u011funu vur\u011fulad\u0131, \u0259laq\u0259l\u0259rimizin ild\u0259n-il\u0259 g\u00fccl\u0259nm\u0259sind\u0259n m\u0259mnunlu\u011funu bildirdi v\u0259 \u00f6lk\u0259l\u0259rimiz aras\u0131nda \u0259m\u0259kda\u015fl\u0131\u011f\u0131n yaln\u0131z m\u00fcxt\u0259lif siyasi platformalarda deyil, eyni zamanda, iqtisadi sah\u0259d\u0259 v\u0259 \u201cBir k\u0259m\u0259r, bir yol\u201d \u00e7\u0259r\u00e7iv\u0259sind\u0259 d\u0259 geni\u015fl\u0259ndiyini dedi. D\u00f6vl\u0259timizin ba\u015f\u00e7\u0131s\u0131 bu bax\u0131mdan \u00c7ind\u0259n Az\u0259rbaycan vasit\u0259sil\u0259 q\u0259rb istiqam\u0259tind\u0259 da\u015f\u0131nan y\u00fckl\u0259rin h\u0259cminin artmas\u0131n\u0131 bunun yax\u015f\u0131 n\u00fcmun\u0259si kimi d\u0259y\u0259rl\u0259nd\u0259rdi.<\/p>\n<p>Prezident \u0130lham \u018fliyev COVID-19 pandemiyas\u0131 zaman\u0131 \u00c7in Xalq Respublikas\u0131n\u0131n S\u0259drin\u0259 g\u00f6nd\u0259rdiyi m\u0259ktubu xat\u0131rladaraq \u00c7inin \u00f6lk\u0259miz\u0259 vaksinl\u0259ri ay\u0131rmas\u0131n\u0131 v\u0259 bunun n\u0259tic\u0259sind\u0259 Az\u0259rbaycan\u0131n d\u00fcnyada vaksinasiyaya ba\u015flayan ilk \u00f6lk\u0259l\u0259rd\u0259n biri oldu\u011funu x\u00fcsusil\u0259 qeyd etdi, bunu \u00f6lk\u0259l\u0259rimiz aras\u0131nda dostlu\u011fun bariz n\u00fcmun\u0259si kimi d\u0259y\u0259rl\u0259ndirdi, bu fakt\u0131n Az\u0259rbaycan d\u00f6vl\u0259ti v\u0259 xalq\u0131 t\u0259r\u0259find\u0259n \u00e7ox y\u00fcks\u0259k qiym\u0259tl\u0259ndirildiyini dedi.<\/p>\n<p>D\u00f6vl\u0259timizin ba\u015f\u00e7\u0131s\u0131 Az\u0259rbaycan\u0131n b\u0259rpaolunan enerji potensial\u0131 bar\u0259d\u0259 m\u0259lumat verdi. \u00c7inin bu sah\u0259d\u0259 b\u00f6y\u00fck texnoloji imkanlara malik oldu\u011fu qeyd edildi.<\/p>\n<p>S\u00f6hb\u0259t zaman\u0131 \u00c7in \u015firk\u0259tl\u0259ri i\u015f\u011faldan azad edilmi\u015f \u0259razil\u0259rimizd\u0259 apar\u0131lan b\u0259rpa v\u0259 quruculuq i\u015fl\u0259rin\u0259 d\u0259v\u0259t olundular.<\/p>\n<p>Qonaq \u00c7inin \u00f6lk\u0259mizin \u0259razi b\u00fct\u00f6vl\u00fcy\u00fcn\u00fc v\u0259 suverenliyini daim d\u0259st\u0259kl\u0259diyini qeyd etdi.<\/p>\n<p>Vu Honqbonun Bak\u0131da ke\u00e7iril\u0259c\u0259k n\u00f6vb\u0259ti Qlobal Forumda i\u015ftirak\u0131n\u0131 y\u00fcks\u0259k qiym\u0259tl\u0259ndir\u0259n d\u00f6vl\u0259timizin ba\u015f\u00e7\u0131s\u0131 onun s\u0259f\u0259rinin \u0259laq\u0259l\u0259rimizin geni\u015fl\u0259nm\u0259si i\u015fin\u0259 t\u00f6hf\u0259 ver\u0259c\u0259yin\u0259 \u0259minliyini bildirdi.<\/p>\n<p>\u00c7in H\u00f6kum\u0259tinin Avropa m\u0259s\u0259l\u0259l\u0259ri \u00fczr\u0259 x\u00fcsusi n\u00fcmay\u0259nd\u0259si Nizami G\u0259nc\u0259vi Beyn\u0259lxalq M\u0259rk\u0259zinin art\u0131q d\u00fcnya s\u0259viyy\u0259sind\u0259 tan\u0131nm\u0131\u015f m\u0259rk\u0259zl\u0259rd\u0259n biri oldu\u011funu qeyd etdi, burada beyn\u0259lxalq s\u00fclh v\u0259 t\u0259hl\u00fck\u0259sizlik g\u00fcnd\u0259liyind\u0259 duran \u00e7ox vacib m\u00fczakir\u0259l\u0259rin apar\u0131ld\u0131\u011f\u0131n\u0131 dedi v\u0259 M\u0259rk\u0259zin g\u0259l\u0259c\u0259k f\u0259aliyy\u0259tin\u0259 u\u011furlar arzulad\u0131.<\/p>\n<p>G\u00f6r\u00fc\u015fd\u0259 iqtisadi, humanitar v\u0259 turizm sah\u0259l\u0259rind\u0259 \u0259m\u0259kda\u015fl\u0131\u011f\u0131n daha da geni\u015fl\u0259ndirilm\u0259si bar\u0259d\u0259 fikir m\u00fcbadil\u0259si apar\u0131ld\u0131, \u0259laq\u0259l\u0259rimizin inki\u015faf\u0131 \u00fc\u00e7\u00fcn b\u00f6y\u00fck imkanlar\u0131n oldu\u011fu bildirildi, media, elm-t\u0259dqiqat m\u0259rk\u0259zl\u0259ri v\u0259 insanlar aras\u0131nda t\u0259maslar\u0131n art\u0131r\u0131lmas\u0131n\u0131n vacibliyi vur\u011fuland\u0131.<\/p>\n<p><strong>17:58<\/strong><\/p>\n<p>Az\u0259rbaycan Respublikas\u0131n\u0131n Prezidenti\u00a0<strong>\u0130lham \u018fliyev\u00a0<\/strong>mart\u0131n 7-d\u0259 \u00c7in H\u00f6kum\u0259tinin Avropa m\u0259s\u0259l\u0259l\u0259ri \u00fczr\u0259 x\u00fcsusi n\u00fcmay\u0259nd\u0259si Vu Honqbonu q\u0259bul edib.<\/p>\n<p>Bu bar\u0259d\u0259\u00a0<a href=\"https:\/\/azertag.az\/xeber\/Prezident_Ilham_Aliyev_CHin_Hokumetinin_Avropa_meseleleri_uzre_xususi_numayendesini_qebul_edib_YENILANACAK-2521817\" target=\"_blank\" rel=\"noopener\">AZ\u018fRTAC<\/a>\u00a0x\u0259b\u0259r verir.<\/p>\n<p><img src=\"https:\/\/cdn.oxu.az\/uploads\/W1siZiIsIjIwMjMvMDMvMDcvMTcvNTgvMTIvOWVjNmI3MWUtY2JkYy00OTA1LTlhMTctOTZlNDFjOTZhM2I4LzE2NzgxOTY3ODU1NjYxNjEzNjQ1XzEwMDB4NjY5LmpwZyJdLFsicCIsImVuY29kZSIsImpwZyIsIi1xdWFsaXR5IDgwIl0sWyJwIiwidGh1bWIiLCI1OTB4NTkwXHUwMDNlIl1d?sha=808e1ae1ddb9ff77\" alt=\"\" \/><\/p>\n","protected":false},"excerpt":{"rendered":"<p>Az\u0259rbaycan Respublikas\u0131n\u0131n Prezidenti\u00a0\u0130lham \u018fliyev\u00a0mart\u0131n 7-d\u0259 \u00c7in H\u00f6kum\u0259tinin Avropa m\u0259s\u0259l\u0259l\u0259ri \u00fczr\u0259 x\u00fcsusi n\u00fcmay\u0259nd\u0259si Vu Honqbonu q\u0259bul edib. AZ\u018fRTAC\u00a0x\u0259b\u0259r verir ki, ilk n\u00f6vb\u0259d\u0259, \u00c7in Xalq Respublikas\u0131n\u0131n S\u0259dri Si Cinpinin salamlar\u0131n\u0131 d\u00f6vl\u0259timizin ba\u015f\u00e7\u0131s\u0131na \u00e7atd\u0131ran Vu Honqbo Az\u0259rbaycan Prezidenti il\u0259 \u0259vv\u0259lki g\u00f6r\u00fc\u015fl\u0259rini m\u0259mnunluqla xat\u0131rlay\u0131b. Qonaq bildirdi ki, Az\u0259rbaycan Prezidentinin g\u00fccl\u00fc r\u0259hb\u0259rliyi alt\u0131nda \u00f6lk\u0259mizin iqtisadi v\u0259 dig\u0259r sah\u0259l\u0259rd\u0259 \u0259ld\u0259 etdiyi u\u011furlar onlarda b\u00f6y\u00fck t\u0259\u0259ss\u00fcrat hissi do\u011furur. Prezident \u0130lham \u018fliyev salamlara g\u00f6r\u0259 minn\u0259tdarl\u0131\u011f\u0131n\u0131 bildirdi, onun da salamlar\u0131n\u0131 Si Cinpin\u0259 \u00e7atd\u0131rma\u011f\u0131 xahi\u015f etdi. D\u00f6vl\u0259timizin ba\u015f\u00e7\u0131s\u0131 \u00f6z\u00fcn\u00fcn \u00c7in\u0259 r\u0259smi s\u0259f\u0259rini, bu s\u0259f\u0259r zaman\u0131 v\u0259 beyn\u0259lxalq t\u0259dbirl\u0259rd\u0259 \u00c7in Xalq&hellip;<\/p>\n","protected":false},"author":2,"featured_media":573822,"comment_status":"closed","ping_status":"closed","sticky":false,"template":"","format":"standard","meta":{"om_disable_all_campaigns":false,"_monsterinsights_skip_tracking":false,"_monsterinsights_sitenote_active":false,"_monsterinsights_sitenote_note":"","_monsterinsights_sitenote_category":0},"categories":[4],"tags":[],"aioseo_notices":[],"gutentor_comment":0,"rttpg_featured_image_url":{"full":["https:\/\/arantv.az\/wp-content\/uploads\/2023\/03\/FotoJet-17.jpg",620,413,false],"landscape":["https:\/\/arantv.az\/wp-content\/uploads\/2023\/03\/FotoJet-17.jpg",620,413,false],"portraits":["https:\/\/arantv.az\/wp-content\/uploads\/2023\/03\/FotoJet-17.jpg",620,413,false],"thumbnail":["https:\/\/arantv.az\/wp-content\/uploads\/2023\/03\/FotoJet-17-500x280.jpg",500,280,true],"medium":["https:\/\/arantv.az\/wp-content\/uploads\/2023\/03\/FotoJet-17-548x365.jpg",548,365,true],"large":["https:\/\/arantv.az\/wp-content\/uploads\/2023\/03\/FotoJet-17.jpg",620,413,false],"1536x1536":["https:\/\/arantv.az\/wp-content\/uploads\/2023\/03\/FotoJet-17.jpg",620,413,false],"2048x2048":["https:\/\/arantv.az\/wp-content\/uploads\/2023\/03\/FotoJet-17.jpg",620,413,false],"post-thumbnail":["https:\/\/arantv.az\/wp-content\/uploads\/2023\/03\/FotoJet-17-240x172.jpg",240,172,true],"advps-thumb-one":["https:\/\/arantv.az\/wp-content\/uploads\/2023\/03\/FotoJet-17.jpg",620,413,false]},"rttpg_author":{"display_name":"V\u00fcsal Rafiqo\u011flu","author_link":"https:\/\/arantv.az\/?author=2"},"rttpg_comment":0,"rttpg_category":"<a href=\"https:\/\/arantv.az\/?cat=4\" rel=\"category\">Siyas\u0259t<\/a>","rttpg_excerpt":"Az\u0259rbaycan Respublikas\u0131n\u0131n Prezidenti\u00a0\u0130lham \u018fliyev\u00a0mart\u0131n 7-d\u0259 \u00c7in H\u00f6kum\u0259tinin Avropa m\u0259s\u0259l\u0259l\u0259ri \u00fczr\u0259 x\u00fcsusi n\u00fcmay\u0259nd\u0259si Vu Honqbonu q\u0259bul edib. AZ\u018fRTAC\u00a0x\u0259b\u0259r verir ki, ilk n\u00f6vb\u0259d\u0259, \u00c7in Xalq Respublikas\u0131n\u0131n S\u0259dri Si Cinpinin salamlar\u0131n\u0131 d\u00f6vl\u0259timizin ba\u015f\u00e7\u0131s\u0131na \u00e7atd\u0131ran Vu Honqbo Az\u0259rbaycan Prezidenti il\u0259 \u0259vv\u0259lki g\u00f6r\u00fc\u015fl\u0259rini m\u0259mnunluqla xat\u0131rlay\u0131b. Qonaq bildirdi ki, Az\u0259rbaycan Prezidentinin g\u00fccl\u00fc r\u0259hb\u0259rliyi alt\u0131nda \u00f6lk\u0259mizin iqtisadi v\u0259 dig\u0259r sah\u0259l\u0259rd\u0259 \u0259ld\u0259 etdiyi&hellip;","_links":{"self":[{"href":"https:\/\/arantv.az\/index.php?rest_route=\/wp\/v2\/posts\/573820"}],"collection":[{"href":"https:\/\/arantv.az\/index.php?rest_route=\/wp\/v2\/posts"}],"about":[{"href":"https:\/\/arantv.az\/index.php?rest_route=\/wp\/v2\/types\/post"}],"author":[{"embeddable":true,"href":"https:\/\/arantv.az\/index.php?rest_route=\/wp\/v2\/users\/2"}],"replies":[{"embeddable":true,"href":"https:\/\/arantv.az\/index.php?rest_route=%2Fwp%2Fv2%2Fcomments&post=573820"}],"version-history":[{"count":0,"href":"https:\/\/arantv.az\/index.php?rest_route=\/wp\/v2\/posts\/573820\/revisions"}],"wp:featuredmedia":[{"embeddable":true,"href":"https:\/\/arantv.az\/index.php?rest_route=\/wp\/v2\/media\/573822"}],"wp:attachment":[{"href":"https:\/\/arantv.az\/index.php?rest_route=%2Fwp%2Fv2%2Fmedia&parent=573820"}],"wp:term":[{"taxonomy":"category","embeddable":true,"href":"https:\/\/arantv.az\/index.php?rest_route=%2Fwp%2Fv2%2Fcategories&post=573820"},{"taxonomy":"post_tag","embeddable":true,"href":"https:\/\/arantv.az\/index.php?rest_route=%2Fwp%2Fv2%2Ftags&post=573820"}],"curies":[{"name":"wp","href":"https:\/\/api.w.org\/{rel}","templated":true}]}}