{"id":573823,"date":"2023-03-07T20:48:31","date_gmt":"2023-03-07T17:48:31","guid":{"rendered":"https:\/\/arantv.az\/?p=573823"},"modified":"2023-03-07T20:48:31","modified_gmt":"2023-03-07T17:48:31","slug":"xin-sozcusu-irana-cavab-verdi-foto","status":"publish","type":"post","link":"https:\/\/arantv.az\/?p=573823","title":{"rendered":"X\u0130N s\u00f6z\u00e7\u00fcs\u00fc \u0130rana cavab verdi &#8211; FOTO"},"content":{"rendered":"<p>\u201cNizami G\u0259nc\u0259vi b\u00f6y\u00fck Az\u0259rbaycan \u015fairi v\u0259 m\u00fct\u0259f\u0259kkiridir. O, b\u00fct\u00fcn h\u0259yat\u0131 boyu Az\u0259rbaycan\u0131n q\u0259dim \u015f\u0259h\u0259ri G\u0259nc\u0259d\u0259 ya\u015fay\u0131b. Nizami G\u0259nc\u0259vi Az\u0259rbaycanda milli s\u0259viyy\u0259d\u0259 d\u0259rin h\u00f6rm\u0259t qazan\u0131b\u201d.<\/p>\n<div class=\"AdviadNativeVideo\"><\/div>\n<p>Bu bar\u0259d\u0259 Az\u0259rbaycan Xarici \u0130\u015fl\u0259r Nazirliyinin M\u0259tbuat xidm\u0259ti idar\u0259sinin r\u0259isi Ayxan Hac\u0131zad\u0259 \u00f6z\u00fcn\u00fcn \u201cTwitter\u201d hesab\u0131nda bildirib.<\/p>\n<p>\u201cBu h\u0259ft\u0259 Az\u0259rbaycanda X Qlobal Bak\u0131 Forum ke\u00e7iril\u0259c\u0259k v\u0259 Forum Nizami G\u0259nc\u0259vi Beyn\u0259lxalq M\u0259rk\u0259zi t\u0259r\u0259find\u0259n t\u0259\u015fkil olunacaq\u201d, &#8211; dey\u0259 X\u0130N s\u00f6z\u00e7\u00fcs\u00fc qeyd edib.<\/p>\n<div>\n<div class=\"twitter-tweet twitter-tweet-rendered\"><iframe id=\"twitter-widget-0\" class=\"\" title=\"Twitter Tweet\" src=\"https:\/\/platform.twitter.com\/embed\/Tweet.html?creatorScreenName=oxuaz&amp;dnt=false&amp;embedId=twitter-widget-0&amp;features=eyJ0ZndfdGltZWxpbmVfbGlzdCI6eyJidWNrZXQiOltdLCJ2ZXJzaW9uIjpudWxsfSwidGZ3X2ZvbGxvd2VyX2NvdW50X3N1bnNldCI6eyJidWNrZXQiOnRydWUsInZlcnNpb24iOm51bGx9LCJ0ZndfdHdlZXRfZWRpdF9iYWNrZW5kIjp7ImJ1Y2tldCI6Im9uIiwidmVyc2lvbiI6bnVsbH0sInRmd19yZWZzcmNfc2Vzc2lvbiI6eyJidWNrZXQiOiJvbiIsInZlcnNpb24iOm51bGx9LCJ0ZndfbWl4ZWRfbWVkaWFfMTU4OTciOnsiYnVja2V0IjoidHJlYXRtZW50IiwidmVyc2lvbiI6bnVsbH0sInRmd19leHBlcmltZW50c19jb29raWVfZXhwaXJhdGlvbiI6eyJidWNrZXQiOjEyMDk2MDAsInZlcnNpb24iOm51bGx9LCJ0ZndfZHVwbGljYXRlX3NjcmliZXNfdG9fc2V0dGluZ3MiOnsiYnVja2V0Ijoib24iLCJ2ZXJzaW9uIjpudWxsfSwidGZ3X3ZpZGVvX2hsc19keW5hbWljX21hbmlmZXN0c18xNTA4MiI6eyJidWNrZXQiOiJ0cnVlX2JpdHJhdGUiLCJ2ZXJzaW9uIjpudWxsfSwidGZ3X2xlZ2FjeV90aW1lbGluZV9zdW5zZXQiOnsiYnVja2V0Ijp0cnVlLCJ2ZXJzaW9uIjpudWxsfSwidGZ3X3R3ZWV0X2VkaXRfZnJvbnRlbmQiOnsiYnVja2V0Ijoib24iLCJ2ZXJzaW9uIjpudWxsfX0%3D&amp;frame=false&amp;hideCard=false&amp;hideThread=false&amp;id=1633041815724077057&amp;lang=en&amp;origin=https%3A%2F%2Foxu.az%2Fpolitics%2F704523&amp;sessionId=9559c883eb39e156d5e8cc9e1a7d8b4ad80a4620&amp;siteScreenName=oxuaz&amp;theme=light&amp;widgetsVersion=aaf4084522e3a%3A1674595607486&amp;width=550px\" frameborder=\"0\" scrolling=\"no\" allowfullscreen=\"allowfullscreen\" data-tweet-id=\"1633041815724077057\" data-mce-fragment=\"1\"><\/iframe><\/div>\n<blockquote class=\"twitter-tweet\" data-twitter-extracted-i1678211281333838756=\"true\">\n<p dir=\"ltr\" lang=\"en\">This week\u00a0<a href=\"https:\/\/twitter.com\/hashtag\/Azerbaijan?src=hash&amp;ref_src=twsrc%5Etfw\">#Azerbaijan<\/a>\u00a0is hosting the X Global Baku Forum organized by\u00a0<a href=\"https:\/\/twitter.com\/NizamiGanjaviIC?ref_src=twsrc%5Etfw\">@NizamiGanjaviIC<\/a>, named after Nizami Ganjavi. Nizami is a great Azerbaijani poet and thinker, spent his whole life in ancient Azerbaijani city of Ganja, and widely honoured in Azerbaijan at national level.\u00a0<a href=\"https:\/\/t.co\/y6Imt3wS2j\">pic.twitter.com\/y6Imt3wS2j<\/a><\/p>\n<p>\u2014 Aykhan Hajizada (@Aykhanh)\u00a0<a href=\"https:\/\/twitter.com\/Aykhanh\/status\/1633041815724077057?ref_src=twsrc%5Etfw\">March 7, 2023<\/a><\/p><\/blockquote>\n<\/div>\n<p>&nbsp;<\/p>\n","protected":false},"excerpt":{"rendered":"<p>\u201cNizami G\u0259nc\u0259vi b\u00f6y\u00fck Az\u0259rbaycan \u015fairi v\u0259 m\u00fct\u0259f\u0259kkiridir. O, b\u00fct\u00fcn h\u0259yat\u0131 boyu Az\u0259rbaycan\u0131n q\u0259dim \u015f\u0259h\u0259ri G\u0259nc\u0259d\u0259 ya\u015fay\u0131b. Nizami G\u0259nc\u0259vi Az\u0259rbaycanda milli s\u0259viyy\u0259d\u0259 d\u0259rin h\u00f6rm\u0259t qazan\u0131b\u201d. Bu bar\u0259d\u0259 Az\u0259rbaycan Xarici \u0130\u015fl\u0259r Nazirliyinin M\u0259tbuat xidm\u0259ti idar\u0259sinin r\u0259isi Ayxan Hac\u0131zad\u0259 \u00f6z\u00fcn\u00fcn \u201cTwitter\u201d hesab\u0131nda bildirib. \u201cBu h\u0259ft\u0259 Az\u0259rbaycanda X Qlobal Bak\u0131 Forum ke\u00e7iril\u0259c\u0259k v\u0259 Forum Nizami G\u0259nc\u0259vi Beyn\u0259lxalq M\u0259rk\u0259zi t\u0259r\u0259find\u0259n t\u0259\u015fkil olunacaq\u201d, &#8211; dey\u0259 X\u0130N s\u00f6z\u00e7\u00fcs\u00fc qeyd edib. This week\u00a0#Azerbaijan\u00a0is hosting the X Global Baku Forum organized by\u00a0@NizamiGanjaviIC, named after Nizami Ganjavi. Nizami is a great Azerbaijani poet and thinker, spent his whole life in&hellip;<\/p>\n","protected":false},"author":2,"featured_media":573825,"comment_status":"closed","ping_status":"closed","sticky":false,"template":"","format":"standard","meta":{"om_disable_all_campaigns":false,"_monsterinsights_skip_tracking":false,"_monsterinsights_sitenote_active":false,"_monsterinsights_sitenote_note":"","_monsterinsights_sitenote_category":0},"categories":[4],"tags":[],"aioseo_notices":[],"gutentor_comment":0,"rttpg_featured_image_url":{"full":["https:\/\/arantv.az\/wp-content\/uploads\/2023\/03\/ay-1.jpg",620,413,false],"landscape":["https:\/\/arantv.az\/wp-content\/uploads\/2023\/03\/ay-1.jpg",620,413,false],"portraits":["https:\/\/arantv.az\/wp-content\/uploads\/2023\/03\/ay-1.jpg",620,413,false],"thumbnail":["https:\/\/arantv.az\/wp-content\/uploads\/2023\/03\/ay-1-500x280.jpg",500,280,true],"medium":["https:\/\/arantv.az\/wp-content\/uploads\/2023\/03\/ay-1-548x365.jpg",548,365,true],"large":["https:\/\/arantv.az\/wp-content\/uploads\/2023\/03\/ay-1.jpg",620,413,false],"1536x1536":["https:\/\/arantv.az\/wp-content\/uploads\/2023\/03\/ay-1.jpg",620,413,false],"2048x2048":["https:\/\/arantv.az\/wp-content\/uploads\/2023\/03\/ay-1.jpg",620,413,false],"post-thumbnail":["https:\/\/arantv.az\/wp-content\/uploads\/2023\/03\/ay-1-240x172.jpg",240,172,true],"advps-thumb-one":["https:\/\/arantv.az\/wp-content\/uploads\/2023\/03\/ay-1.jpg",620,413,false]},"rttpg_author":{"display_name":"V\u00fcsal Rafiqo\u011flu","author_link":"https:\/\/arantv.az\/?author=2"},"rttpg_comment":0,"rttpg_category":"<a href=\"https:\/\/arantv.az\/?cat=4\" rel=\"category\">Siyas\u0259t<\/a>","rttpg_excerpt":"\u201cNizami G\u0259nc\u0259vi b\u00f6y\u00fck Az\u0259rbaycan \u015fairi v\u0259 m\u00fct\u0259f\u0259kkiridir. O, b\u00fct\u00fcn h\u0259yat\u0131 boyu Az\u0259rbaycan\u0131n q\u0259dim \u015f\u0259h\u0259ri G\u0259nc\u0259d\u0259 ya\u015fay\u0131b. Nizami G\u0259nc\u0259vi Az\u0259rbaycanda milli s\u0259viyy\u0259d\u0259 d\u0259rin h\u00f6rm\u0259t qazan\u0131b\u201d. Bu bar\u0259d\u0259 Az\u0259rbaycan Xarici \u0130\u015fl\u0259r Nazirliyinin M\u0259tbuat xidm\u0259ti idar\u0259sinin r\u0259isi Ayxan Hac\u0131zad\u0259 \u00f6z\u00fcn\u00fcn \u201cTwitter\u201d hesab\u0131nda bildirib. \u201cBu h\u0259ft\u0259 Az\u0259rbaycanda X Qlobal Bak\u0131 Forum ke\u00e7iril\u0259c\u0259k v\u0259 Forum Nizami G\u0259nc\u0259vi Beyn\u0259lxalq M\u0259rk\u0259zi t\u0259r\u0259find\u0259n&hellip;","_links":{"self":[{"href":"https:\/\/arantv.az\/index.php?rest_route=\/wp\/v2\/posts\/573823"}],"collection":[{"href":"https:\/\/arantv.az\/index.php?rest_route=\/wp\/v2\/posts"}],"about":[{"href":"https:\/\/arantv.az\/index.php?rest_route=\/wp\/v2\/types\/post"}],"author":[{"embeddable":true,"href":"https:\/\/arantv.az\/index.php?rest_route=\/wp\/v2\/users\/2"}],"replies":[{"embeddable":true,"href":"https:\/\/arantv.az\/index.php?rest_route=%2Fwp%2Fv2%2Fcomments&post=573823"}],"version-history":[{"count":0,"href":"https:\/\/arantv.az\/index.php?rest_route=\/wp\/v2\/posts\/573823\/revisions"}],"wp:featuredmedia":[{"embeddable":true,"href":"https:\/\/arantv.az\/index.php?rest_route=\/wp\/v2\/media\/573825"}],"wp:attachment":[{"href":"https:\/\/arantv.az\/index.php?rest_route=%2Fwp%2Fv2%2Fmedia&parent=573823"}],"wp:term":[{"taxonomy":"category","embeddable":true,"href":"https:\/\/arantv.az\/index.php?rest_route=%2Fwp%2Fv2%2Fcategories&post=573823"},{"taxonomy":"post_tag","embeddable":true,"href":"https:\/\/arantv.az\/index.php?rest_route=%2Fwp%2Fv2%2Ftags&post=573823"}],"curies":[{"name":"wp","href":"https:\/\/api.w.org\/{rel}","templated":true}]}}