{"id":573834,"date":"2023-03-07T20:50:32","date_gmt":"2023-03-07T17:50:32","guid":{"rendered":"https:\/\/arantv.az\/?p=573834"},"modified":"2023-03-07T20:50:32","modified_gmt":"2023-03-07T17:50:32","slug":"saatlida-dovl%c9%99t-binasini-yandirmaga-c%c9%99hd-ed%c9%99n-s%c9%99xs-saxlanildi-video","status":"publish","type":"post","link":"https:\/\/arantv.az\/?p=573834","title":{"rendered":"Saatl\u0131da d\u00f6vl\u0259t binas\u0131n\u0131 yand\u0131rma\u011fa c\u0259hd ed\u0259n \u015f\u0259xs saxlan\u0131ld\u0131 &#8211; V\u0130DEO"},"content":{"rendered":"<p>Regional M\u0259\u015f\u011fulluq \u0130dar\u0259sinin Saatl\u0131 Rayon Xidm\u0259t \u015e\u00f6b\u0259sind\u0259 yan\u011f\u0131n olub. Bu bar\u0259d\u0259 videog\u00f6r\u00fcnt\u00fcl\u0259r sosial \u015f\u0259b\u0259k\u0259l\u0259rd\u0259 payla\u015f\u0131l\u0131b.<\/p>\n<p>H\u0259min videoda bir n\u0259f\u0259rin inzibati binan\u0131n d\u00f6\u015f\u0259m\u0259sini yand\u0131rd\u0131\u011f\u0131 g\u00f6r\u00fcn\u00fcr.<\/p>\n<div class=\"AdviadNativeVideo\"><\/div>\n<p>M\u0259s\u0259l\u0259 il\u0259 ba\u011fl\u0131\u00a0Oxu.Az-\u0131n sor\u011fusuna cavab olaraq D\u0130N-in M\u0259tbuat Xidm\u0259tinin \u015eirvan regional qrupundan bildirilib ki, Saatl\u0131 rayonu \u018fbilk\u0259nd k\u0259nd sakini, V\u0259t\u0259n m\u00fcharib\u0259si i\u015ftirak\u00e7\u0131s\u0131 Vilay\u0259t H\u0259s\u0259nov Mil-Mu\u011fan Regional M\u0259\u015f\u011fulluq \u0130dar\u0259sinin Saatl\u0131 Rayon Xidm\u0259t \u015e\u00f6b\u0259sin\u0259 yax\u0131nla\u015faraq f\u0259rdi t\u0259s\u0259rr\u00fcfatla m\u0259\u015f\u011ful olmaq \u00fc\u00e7\u00fcn iri v\u0259 x\u0131rdabuynuzlu heyvan verilm\u0259sini t\u0259l\u0259b edib:<\/p>\n<p>\u201cQeyd olunub ki, bu zaman h\u0259min qurumun \u0259m\u0259kda\u015f\u0131 ona 2021-ci ild\u0259 21 ba\u015f x\u0131rdabuynuzlu heyvan verildiyini izah edib v\u0259 haz\u0131rda onun bu t\u0259l\u0259binin yerin\u0259 yetirilm\u0259sinin m\u00fcmk\u00fcn olmad\u0131\u011f\u0131n\u0131 bildirib. Bundan sonra V.H\u0259s\u0259nov \u015f\u00f6b\u0259ni t\u0259rk edib, bir m\u00fcdd\u0259t sonra is\u0259 yenid\u0259n qay\u0131daraq inzibati binan\u0131n birinci m\u0259rt\u0259b\u0259sinin d\u00f6\u015f\u0259m\u0259sini yand\u0131r\u0131b. Yan\u011f\u0131n \u0259trafdak\u0131lar\u0131n k\u00f6m\u0259yi il\u0259 s\u00f6nd\u00fcr\u00fcl\u00fcb.<\/p>\n<div><iframe loading=\"lazy\" src=\"https:\/\/baku.tv\/embed\/75460\" width=\"560\" height=\"315\" frameborder=\"0\" allowfullscreen=\"allowfullscreen\" data-mce-fragment=\"1\"><\/iframe><\/div>\n<p>V.H\u0259s\u0259nov \u0259razid\u0259 xidm\u0259t aparan polis \u0259m\u0259kda\u015flar\u0131 t\u0259r\u0259find\u0259n saxlan\u0131l\u0131b v\u0259 Saatl\u0131 Rayon Polis \u015e\u00f6b\u0259sin\u0259 g\u0259tirilib. Onun bar\u0259sind\u0259 toplanm\u0131\u015f materiallar h\u00fcquqi qiym\u0259t verilm\u0259si \u00fc\u00e7\u00fcn aidiyy\u0259ti \u00fczr\u0259 rayon m\u0259hk\u0259m\u0259sin\u0259 g\u00f6nd\u0259rilib v\u0259 m\u0259hk\u0259m\u0259nin q\u0259rar\u0131 il\u0259 sonuncu 25 sutka inzibati qaydada h\u0259bs edilib\u201d.<\/p>\n<p>Qeyd ed\u0259k ki, Vilay\u0259t H\u0259s\u0259nov V\u0259t\u0259n m\u00fcharib\u0259sinin i\u015ftirak\u00e7\u0131s\u0131 olub v\u0259 d\u00f6rd medalla t\u0259ltif edilib.<\/p>\n","protected":false},"excerpt":{"rendered":"<p>Regional M\u0259\u015f\u011fulluq \u0130dar\u0259sinin Saatl\u0131 Rayon Xidm\u0259t \u015e\u00f6b\u0259sind\u0259 yan\u011f\u0131n olub. Bu bar\u0259d\u0259 videog\u00f6r\u00fcnt\u00fcl\u0259r sosial \u015f\u0259b\u0259k\u0259l\u0259rd\u0259 payla\u015f\u0131l\u0131b. H\u0259min videoda bir n\u0259f\u0259rin inzibati binan\u0131n d\u00f6\u015f\u0259m\u0259sini yand\u0131rd\u0131\u011f\u0131 g\u00f6r\u00fcn\u00fcr. M\u0259s\u0259l\u0259 il\u0259 ba\u011fl\u0131\u00a0Oxu.Az-\u0131n sor\u011fusuna cavab olaraq D\u0130N-in M\u0259tbuat Xidm\u0259tinin \u015eirvan regional qrupundan bildirilib ki, Saatl\u0131 rayonu \u018fbilk\u0259nd k\u0259nd sakini, V\u0259t\u0259n m\u00fcharib\u0259si i\u015ftirak\u00e7\u0131s\u0131 Vilay\u0259t H\u0259s\u0259nov Mil-Mu\u011fan Regional M\u0259\u015f\u011fulluq \u0130dar\u0259sinin Saatl\u0131 Rayon Xidm\u0259t \u015e\u00f6b\u0259sin\u0259 yax\u0131nla\u015faraq f\u0259rdi t\u0259s\u0259rr\u00fcfatla m\u0259\u015f\u011ful olmaq \u00fc\u00e7\u00fcn iri v\u0259 x\u0131rdabuynuzlu heyvan verilm\u0259sini t\u0259l\u0259b edib: \u201cQeyd olunub ki, bu zaman h\u0259min qurumun \u0259m\u0259kda\u015f\u0131 ona 2021-ci ild\u0259 21 ba\u015f x\u0131rdabuynuzlu heyvan verildiyini izah edib v\u0259 haz\u0131rda onun&hellip;<\/p>\n","protected":false},"author":2,"featured_media":573837,"comment_status":"closed","ping_status":"closed","sticky":false,"template":"","format":"standard","meta":{"om_disable_all_campaigns":false,"_monsterinsights_skip_tracking":false,"_monsterinsights_sitenote_active":false,"_monsterinsights_sitenote_note":"","_monsterinsights_sitenote_category":0},"categories":[5],"tags":[],"aioseo_notices":[],"gutentor_comment":0,"rttpg_featured_image_url":{"full":["https:\/\/arantv.az\/wp-content\/uploads\/2023\/03\/FotoJet-34.jpg",620,413,false],"landscape":["https:\/\/arantv.az\/wp-content\/uploads\/2023\/03\/FotoJet-34.jpg",620,413,false],"portraits":["https:\/\/arantv.az\/wp-content\/uploads\/2023\/03\/FotoJet-34.jpg",620,413,false],"thumbnail":["https:\/\/arantv.az\/wp-content\/uploads\/2023\/03\/FotoJet-34-500x280.jpg",500,280,true],"medium":["https:\/\/arantv.az\/wp-content\/uploads\/2023\/03\/FotoJet-34-548x365.jpg",548,365,true],"large":["https:\/\/arantv.az\/wp-content\/uploads\/2023\/03\/FotoJet-34.jpg",620,413,false],"1536x1536":["https:\/\/arantv.az\/wp-content\/uploads\/2023\/03\/FotoJet-34.jpg",620,413,false],"2048x2048":["https:\/\/arantv.az\/wp-content\/uploads\/2023\/03\/FotoJet-34.jpg",620,413,false],"post-thumbnail":["https:\/\/arantv.az\/wp-content\/uploads\/2023\/03\/FotoJet-34-240x172.jpg",240,172,true],"advps-thumb-one":["https:\/\/arantv.az\/wp-content\/uploads\/2023\/03\/FotoJet-34.jpg",620,413,false]},"rttpg_author":{"display_name":"V\u00fcsal Rafiqo\u011flu","author_link":"https:\/\/arantv.az\/?author=2"},"rttpg_comment":0,"rttpg_category":"<a href=\"https:\/\/arantv.az\/?cat=5\" rel=\"category\">Hadis\u0259<\/a>","rttpg_excerpt":"Regional M\u0259\u015f\u011fulluq \u0130dar\u0259sinin Saatl\u0131 Rayon Xidm\u0259t \u015e\u00f6b\u0259sind\u0259 yan\u011f\u0131n olub. Bu bar\u0259d\u0259 videog\u00f6r\u00fcnt\u00fcl\u0259r sosial \u015f\u0259b\u0259k\u0259l\u0259rd\u0259 payla\u015f\u0131l\u0131b. H\u0259min videoda bir n\u0259f\u0259rin inzibati binan\u0131n d\u00f6\u015f\u0259m\u0259sini yand\u0131rd\u0131\u011f\u0131 g\u00f6r\u00fcn\u00fcr. M\u0259s\u0259l\u0259 il\u0259 ba\u011fl\u0131\u00a0Oxu.Az-\u0131n sor\u011fusuna cavab olaraq D\u0130N-in M\u0259tbuat Xidm\u0259tinin \u015eirvan regional qrupundan bildirilib ki, Saatl\u0131 rayonu \u018fbilk\u0259nd k\u0259nd sakini, V\u0259t\u0259n m\u00fcharib\u0259si i\u015ftirak\u00e7\u0131s\u0131 Vilay\u0259t H\u0259s\u0259nov Mil-Mu\u011fan Regional M\u0259\u015f\u011fulluq \u0130dar\u0259sinin Saatl\u0131 Rayon Xidm\u0259t&hellip;","_links":{"self":[{"href":"https:\/\/arantv.az\/index.php?rest_route=\/wp\/v2\/posts\/573834"}],"collection":[{"href":"https:\/\/arantv.az\/index.php?rest_route=\/wp\/v2\/posts"}],"about":[{"href":"https:\/\/arantv.az\/index.php?rest_route=\/wp\/v2\/types\/post"}],"author":[{"embeddable":true,"href":"https:\/\/arantv.az\/index.php?rest_route=\/wp\/v2\/users\/2"}],"replies":[{"embeddable":true,"href":"https:\/\/arantv.az\/index.php?rest_route=%2Fwp%2Fv2%2Fcomments&post=573834"}],"version-history":[{"count":0,"href":"https:\/\/arantv.az\/index.php?rest_route=\/wp\/v2\/posts\/573834\/revisions"}],"wp:featuredmedia":[{"embeddable":true,"href":"https:\/\/arantv.az\/index.php?rest_route=\/wp\/v2\/media\/573837"}],"wp:attachment":[{"href":"https:\/\/arantv.az\/index.php?rest_route=%2Fwp%2Fv2%2Fmedia&parent=573834"}],"wp:term":[{"taxonomy":"category","embeddable":true,"href":"https:\/\/arantv.az\/index.php?rest_route=%2Fwp%2Fv2%2Fcategories&post=573834"},{"taxonomy":"post_tag","embeddable":true,"href":"https:\/\/arantv.az\/index.php?rest_route=%2Fwp%2Fv2%2Ftags&post=573834"}],"curies":[{"name":"wp","href":"https:\/\/api.w.org\/{rel}","templated":true}]}}