{"id":573841,"date":"2023-03-07T20:51:57","date_gmt":"2023-03-07T17:51:57","guid":{"rendered":"https:\/\/arantv.az\/?p=573841"},"modified":"2023-03-07T20:51:57","modified_gmt":"2023-03-07T17:51:57","slug":"dun%c9%99n-bakida-v%c9%99-abseronda-temperatur-iqlim-normasindan-9-d%c9%99r%c9%99c%c9%99-yuks%c9%99k-olub","status":"publish","type":"post","link":"https:\/\/arantv.az\/?p=573841","title":{"rendered":"D\u00fcn\u0259n Bak\u0131da v\u0259 Ab\u015feronda temperatur iqlim normas\u0131ndan 9 d\u0259r\u0259c\u0259 y\u00fcks\u0259k olub"},"content":{"rendered":"<p>\u201cD\u00fcn\u0259n Bak\u0131da v\u0259 Ab\u015feronda temperatur iqlim normas\u0131ndan 9 d\u0259r\u0259c\u0259 y\u00fcks\u0259k olub\u201d.<\/p>\n<div class=\"AdviadNativeVideo\"><\/div>\n<p>Bu bar\u0259d\u0259\u00a0Ekologiya v\u0259 T\u0259bii S\u0259rv\u0259tl\u0259r Nazirliyinin Hidrometeoroloji Proqnozlar B\u00fcrosunun direktoru G\u00fcl\u015fad M\u0259mm\u0259dova bildirib.<\/p>\n<p>O qeyd edib ki, bir ne\u00e7\u0259 g\u00fcnd\u00fcr, \u00f6lk\u0259 \u0259razisind\u0259 k\u00fcl\u0259kli hava \u015f\u0259raitinin m\u00fc\u015fahid\u0259 edilm\u0259sin\u0259 baxmayaraq y\u00fcks\u0259k temperatur rejimi qeyd\u0259 al\u0131n\u0131b:<\/p>\n<p>\u201cBel\u0259 ki, d\u00fcn\u0259n Bak\u0131da v\u0259 Ab\u015feron yar\u0131madas\u0131nda temperatur iqlim normas\u0131ndan 9 d\u0259r\u0259c\u0259 y\u00fcks\u0259k olub. Bak\u0131da v\u0259 Ab\u015feron yar\u0131madas\u0131nda, el\u0259c\u0259 d\u0259, b\u0259zi b\u00f6lg\u0259l\u0259rd\u0259 havan\u0131n temperaturu 23-28 d\u0259r\u0259c\u0259y\u0259d\u0259k y\u00fcks\u0259lib\u201d.<\/p>\n<p>G.M\u0259mm\u0259dovan\u0131n s\u00f6zl\u0259rin\u0259 g\u00f6r\u0259, ke\u00e7\u0259n il Yel \u00e7\u0259r\u015f\u0259nb\u0259sind\u0259 havan\u0131n temperaturu iqlim normas\u0131ndan 4 d\u0259r\u0259c\u0259 y\u00fcks\u0259k olub: \u201c\u00c7oxillik m\u00fc\u015fahid\u0259 m\u0259lumatlar\u0131na \u0259sas\u0259n, son 10 ilin Yel \u00e7\u0259r\u015f\u0259nb\u0259sind\u0259 c\u0259nub-q\u0259rb k\u00fcl\u0259yinin maksimal s\u00fcr\u0259ti 2020-ci ild\u0259 saniy\u0259d\u0259 22 metr\u0259 \u00e7at\u0131b. Bu g\u00fcn is\u0259 Ab\u015feronda \u015fimal k\u00fcl\u0259yinin s\u00fcr\u0259ti saniy\u0259d\u0259 25 metr\u0259 \u00e7at\u0131b. Ax\u015fam k\u00fcl\u0259k m\u00fclayiml\u0259\u015f\u0259c\u0259k\u201d.<\/p>\n","protected":false},"excerpt":{"rendered":"<p>\u201cD\u00fcn\u0259n Bak\u0131da v\u0259 Ab\u015feronda temperatur iqlim normas\u0131ndan 9 d\u0259r\u0259c\u0259 y\u00fcks\u0259k olub\u201d. Bu bar\u0259d\u0259\u00a0Ekologiya v\u0259 T\u0259bii S\u0259rv\u0259tl\u0259r Nazirliyinin Hidrometeoroloji Proqnozlar B\u00fcrosunun direktoru G\u00fcl\u015fad M\u0259mm\u0259dova bildirib. O qeyd edib ki, bir ne\u00e7\u0259 g\u00fcnd\u00fcr, \u00f6lk\u0259 \u0259razisind\u0259 k\u00fcl\u0259kli hava \u015f\u0259raitinin m\u00fc\u015fahid\u0259 edilm\u0259sin\u0259 baxmayaraq y\u00fcks\u0259k temperatur rejimi qeyd\u0259 al\u0131n\u0131b: \u201cBel\u0259 ki, d\u00fcn\u0259n Bak\u0131da v\u0259 Ab\u015feron yar\u0131madas\u0131nda temperatur iqlim normas\u0131ndan 9 d\u0259r\u0259c\u0259 y\u00fcks\u0259k olub. Bak\u0131da v\u0259 Ab\u015feron yar\u0131madas\u0131nda, el\u0259c\u0259 d\u0259, b\u0259zi b\u00f6lg\u0259l\u0259rd\u0259 havan\u0131n temperaturu 23-28 d\u0259r\u0259c\u0259y\u0259d\u0259k y\u00fcks\u0259lib\u201d. G.M\u0259mm\u0259dovan\u0131n s\u00f6zl\u0259rin\u0259 g\u00f6r\u0259, ke\u00e7\u0259n il Yel \u00e7\u0259r\u015f\u0259nb\u0259sind\u0259 havan\u0131n temperaturu iqlim normas\u0131ndan 4 d\u0259r\u0259c\u0259 y\u00fcks\u0259k olub: \u201c\u00c7oxillik m\u00fc\u015fahid\u0259 m\u0259lumatlar\u0131na \u0259sas\u0259n,&hellip;<\/p>\n","protected":false},"author":2,"featured_media":573844,"comment_status":"closed","ping_status":"closed","sticky":false,"template":"","format":"standard","meta":{"om_disable_all_campaigns":false,"_monsterinsights_skip_tracking":false,"_monsterinsights_sitenote_active":false,"_monsterinsights_sitenote_note":"","_monsterinsights_sitenote_category":0},"categories":[22],"tags":[],"aioseo_notices":[],"gutentor_comment":0,"rttpg_featured_image_url":{"full":["https:\/\/arantv.az\/wp-content\/uploads\/2023\/03\/zakat-romashki-leto-1.jpg",620,413,false],"landscape":["https:\/\/arantv.az\/wp-content\/uploads\/2023\/03\/zakat-romashki-leto-1.jpg",620,413,false],"portraits":["https:\/\/arantv.az\/wp-content\/uploads\/2023\/03\/zakat-romashki-leto-1.jpg",620,413,false],"thumbnail":["https:\/\/arantv.az\/wp-content\/uploads\/2023\/03\/zakat-romashki-leto-1-500x280.jpg",500,280,true],"medium":["https:\/\/arantv.az\/wp-content\/uploads\/2023\/03\/zakat-romashki-leto-1-548x365.jpg",548,365,true],"large":["https:\/\/arantv.az\/wp-content\/uploads\/2023\/03\/zakat-romashki-leto-1.jpg",620,413,false],"1536x1536":["https:\/\/arantv.az\/wp-content\/uploads\/2023\/03\/zakat-romashki-leto-1.jpg",620,413,false],"2048x2048":["https:\/\/arantv.az\/wp-content\/uploads\/2023\/03\/zakat-romashki-leto-1.jpg",620,413,false],"post-thumbnail":["https:\/\/arantv.az\/wp-content\/uploads\/2023\/03\/zakat-romashki-leto-1-240x172.jpg",240,172,true],"advps-thumb-one":["https:\/\/arantv.az\/wp-content\/uploads\/2023\/03\/zakat-romashki-leto-1.jpg",620,413,false]},"rttpg_author":{"display_name":"V\u00fcsal Rafiqo\u011flu","author_link":"https:\/\/arantv.az\/?author=2"},"rttpg_comment":0,"rttpg_category":"<a href=\"https:\/\/arantv.az\/?cat=22\" rel=\"category\">Hava<\/a>","rttpg_excerpt":"\u201cD\u00fcn\u0259n Bak\u0131da v\u0259 Ab\u015feronda temperatur iqlim normas\u0131ndan 9 d\u0259r\u0259c\u0259 y\u00fcks\u0259k olub\u201d. Bu bar\u0259d\u0259\u00a0Ekologiya v\u0259 T\u0259bii S\u0259rv\u0259tl\u0259r Nazirliyinin Hidrometeoroloji Proqnozlar B\u00fcrosunun direktoru G\u00fcl\u015fad M\u0259mm\u0259dova bildirib. O qeyd edib ki, bir ne\u00e7\u0259 g\u00fcnd\u00fcr, \u00f6lk\u0259 \u0259razisind\u0259 k\u00fcl\u0259kli hava \u015f\u0259raitinin m\u00fc\u015fahid\u0259 edilm\u0259sin\u0259 baxmayaraq y\u00fcks\u0259k temperatur rejimi qeyd\u0259 al\u0131n\u0131b: \u201cBel\u0259 ki, d\u00fcn\u0259n Bak\u0131da v\u0259 Ab\u015feron yar\u0131madas\u0131nda temperatur iqlim normas\u0131ndan 9&hellip;","_links":{"self":[{"href":"https:\/\/arantv.az\/index.php?rest_route=\/wp\/v2\/posts\/573841"}],"collection":[{"href":"https:\/\/arantv.az\/index.php?rest_route=\/wp\/v2\/posts"}],"about":[{"href":"https:\/\/arantv.az\/index.php?rest_route=\/wp\/v2\/types\/post"}],"author":[{"embeddable":true,"href":"https:\/\/arantv.az\/index.php?rest_route=\/wp\/v2\/users\/2"}],"replies":[{"embeddable":true,"href":"https:\/\/arantv.az\/index.php?rest_route=%2Fwp%2Fv2%2Fcomments&post=573841"}],"version-history":[{"count":0,"href":"https:\/\/arantv.az\/index.php?rest_route=\/wp\/v2\/posts\/573841\/revisions"}],"wp:featuredmedia":[{"embeddable":true,"href":"https:\/\/arantv.az\/index.php?rest_route=\/wp\/v2\/media\/573844"}],"wp:attachment":[{"href":"https:\/\/arantv.az\/index.php?rest_route=%2Fwp%2Fv2%2Fmedia&parent=573841"}],"wp:term":[{"taxonomy":"category","embeddable":true,"href":"https:\/\/arantv.az\/index.php?rest_route=%2Fwp%2Fv2%2Fcategories&post=573841"},{"taxonomy":"post_tag","embeddable":true,"href":"https:\/\/arantv.az\/index.php?rest_route=%2Fwp%2Fv2%2Ftags&post=573841"}],"curies":[{"name":"wp","href":"https:\/\/api.w.org\/{rel}","templated":true}]}}