{"id":573847,"date":"2023-03-07T20:52:54","date_gmt":"2023-03-07T17:52:54","guid":{"rendered":"https:\/\/arantv.az\/?p=573847"},"modified":"2023-03-07T20:52:54","modified_gmt":"2023-03-07T17:52:54","slug":"bakida-t%c9%99hsil-ocaginda-d%c9%99rs-zamani-t%c9%99mir-isl%c9%99ri-gedir-video","status":"publish","type":"post","link":"https:\/\/arantv.az\/?p=573847","title":{"rendered":"Bak\u0131da t\u0259hsil oca\u011f\u0131nda d\u0259rs zaman\u0131 t\u0259mir i\u015fl\u0259ri gedir &#8211; V\u0130DEO"},"content":{"rendered":"<article class=\"news\">\n<div class=\"news-inner\">\n<p>\u201cHaz\u0131rda Emal S\u0259nayesi \u00fczr\u0259 Bak\u0131 D\u00f6vl\u0259t Pe\u015f\u0259 T\u0259hsil M\u0259rk\u0259zind\u0259 t\u0259mir-b\u0259rpa i\u015fl\u0259ri gedir. D\u0259rs vaxt\u0131nda bu t\u0259mirin getm\u0259si, toz-torpaq, boya iyi, t\u0259hl\u00fck\u0259sizlik t\u0259dbirl\u0259rinin olmamas\u0131 v\u0259 s. kimi hallar orada oxuyan \u015fagirdl\u0259rin sa\u011flaml\u0131\u011f\u0131 \u00fc\u00e7\u00fcn ciddi t\u0259hl\u00fck\u0259 yarad\u0131r. Maraql\u0131d\u0131r ki, n\u0259y\u0259 g\u00f6r\u0259 bu t\u0259mir-b\u0259rpa i\u015fl\u0259ri yayda t\u0259til vaxt\u0131 deyil, d\u0259rs vaxt\u0131 apar\u0131l\u0131r?\u201d<\/p>\n<p>Bu \u015fikay\u0259tl\u0259 \u201cQafqazinfo\u201dya v\u0259t\u0259nda\u015f Asim \u018fliyev m\u00fcraci\u0259t edib.<\/p>\n<div class=\"AdviadNativeVideo\"><\/div>\n<p>Qohumunun burada t\u0259hsil ald\u0131\u011f\u0131n\u0131 dey\u0259n v\u0259t\u0259nda\u015f bildirib\u00a0ki, m\u0259s\u0259l\u0259 il\u0259 ba\u011fl\u0131 aidiyy\u0259ti qurumlara m\u00fcraci\u0259t d\u0259 edib:<\/p>\n<p>&#8220;Fevral\u0131n 28-d\u0259 elm v\u0259 t\u0259hsil naziri Emin \u018fmrullayev\u0259 v\u0259 Pe\u015f\u0259 t\u0259hsili \u00fczr\u0259 D\u00f6vl\u0259t Agentliyin\u0259 m\u00fcraci\u0259t \u00fcnvanlasam da, Emal S\u0259nayesi \u00fczr\u0259 Bak\u0131 D\u00f6vl\u0259t Pe\u015f\u0259 T\u0259hsil M\u0259rk\u0259zinin direktoru M\u0259tl\u0259b H\u00fcseynova \u201cg\u00f6z\u00fcn \u00fcst\u0259 qa\u015f\u0131n var\u201d dey\u0259n olmad\u0131. M\u0259nim \u015fikay\u0259timd\u0259n sonra Pe\u015f\u0259 t\u0259hsili \u00fczr\u0259 D\u00f6vl\u0259t Agentliyind\u0259n bir xan\u0131m yoxlamaya g\u0259ls\u0259 d\u0259, m\u0259rk\u0259zin direktoru M\u0259tl\u0259b H\u00fcseynov h\u0259min xan\u0131m\u0131 aldad\u0131b yola salma\u011f\u0131 bacard\u0131. T\u0259s\u0259vv\u00fcr edin koridorda, d\u0259rs otaqlar\u0131nda, m\u00fc\u0259lliml\u0259r ota\u011f\u0131nda q\u0131z\u011f\u0131n t\u0259mir i\u015fl\u0259ri gedir. N\u0259y\u0259 g\u00f6r\u0259 \u015fagirdl\u0259r h\u0259min toz-torpa\u011f\u0131n, boya qoxusunun i\u00e7\u0259risind\u0259 olmal\u0131d\u0131rlar? T\u0259mir vaxt\u0131 hans\u0131sa \u015fagird yaralansa, buna g\u00f6r\u0259 kim m\u0259suliyy\u0259t da\u015f\u0131yacaq?!\u201d<\/p>\n<p>M\u0259s\u0259l\u0259 il\u0259 ba\u011fl\u0131 Pe\u015f\u0259 T\u0259hsili \u00fczr\u0259 D\u00f6vl\u0259t Agentliyin\u0259 sor\u011fu \u00fcnvanlan\u0131b. Qurumun n\u00fcmay\u0259nd\u0259si N\u0259riman K\u0259rimli sor\u011fuya cavab olaraq bildirib ki, m\u00fc\u0259ssis\u0259d\u0259 t\u0259mir-b\u0259rpa i\u015fl\u0259ri Pe\u015f\u0259 T\u0259hsili \u00fczr\u0259 D\u00f6vl\u0259t Agentliyinin raz\u0131l\u0131\u011f\u0131 il\u0259 t\u0259s\u0259rr\u00fcfat hesabl\u0131 \u018fsasl\u0131 Tikinti v\u0259 T\u0259chizat \u0130dar\u0259si t\u0259r\u0259find\u0259n h\u0259yata ke\u00e7irilir:<\/p>\n<p>\u201cB\u0259rpa i\u015fl\u0259rinin t\u0259dris prosesin\u0259 mane\u0259 yaratmamas\u0131 \u00fc\u00e7\u00fcn m\u00fc\u0259ssis\u0259y\u0259 i\u015fl\u0259rin \u0259sas\u0259n d\u0259hlizd\u0259 deyil, otaqlar\u0131n daxilind\u0259 apar\u0131lmas\u0131 t\u0259limat\u0131 verilib. T\u0259mir prosesinin b\u00f6y\u00fck hiss\u0259si is\u0259 t\u0259til g\u00fcnl\u0259rind\u0259 h\u0259yata ke\u00e7iril\u0259c\u0259k\u201d.<\/p>\n<div><iframe loading=\"lazy\" src=\"https:\/\/baku.tv\/embed\/75447\" width=\"560\" height=\"315\" frameborder=\"0\" allowfullscreen=\"allowfullscreen\" data-mce-fragment=\"1\"><\/iframe><\/div>\n<\/div>\n<\/article>\n","protected":false},"excerpt":{"rendered":"<p>\u201cHaz\u0131rda Emal S\u0259nayesi \u00fczr\u0259 Bak\u0131 D\u00f6vl\u0259t Pe\u015f\u0259 T\u0259hsil M\u0259rk\u0259zind\u0259 t\u0259mir-b\u0259rpa i\u015fl\u0259ri gedir. D\u0259rs vaxt\u0131nda bu t\u0259mirin getm\u0259si, toz-torpaq, boya iyi, t\u0259hl\u00fck\u0259sizlik t\u0259dbirl\u0259rinin olmamas\u0131 v\u0259 s. kimi hallar orada oxuyan \u015fagirdl\u0259rin sa\u011flaml\u0131\u011f\u0131 \u00fc\u00e7\u00fcn ciddi t\u0259hl\u00fck\u0259 yarad\u0131r. Maraql\u0131d\u0131r ki, n\u0259y\u0259 g\u00f6r\u0259 bu t\u0259mir-b\u0259rpa i\u015fl\u0259ri yayda t\u0259til vaxt\u0131 deyil, d\u0259rs vaxt\u0131 apar\u0131l\u0131r?\u201d Bu \u015fikay\u0259tl\u0259 \u201cQafqazinfo\u201dya v\u0259t\u0259nda\u015f Asim \u018fliyev m\u00fcraci\u0259t edib. Qohumunun burada t\u0259hsil ald\u0131\u011f\u0131n\u0131 dey\u0259n v\u0259t\u0259nda\u015f bildirib\u00a0ki, m\u0259s\u0259l\u0259 il\u0259 ba\u011fl\u0131 aidiyy\u0259ti qurumlara m\u00fcraci\u0259t d\u0259 edib: &#8220;Fevral\u0131n 28-d\u0259 elm v\u0259 t\u0259hsil naziri Emin \u018fmrullayev\u0259 v\u0259 Pe\u015f\u0259 t\u0259hsili \u00fczr\u0259 D\u00f6vl\u0259t Agentliyin\u0259 m\u00fcraci\u0259t \u00fcnvanlasam da, Emal&hellip;<\/p>\n","protected":false},"author":2,"featured_media":573851,"comment_status":"closed","ping_status":"closed","sticky":false,"template":"","format":"standard","meta":{"om_disable_all_campaigns":false,"_monsterinsights_skip_tracking":false,"_monsterinsights_sitenote_active":false,"_monsterinsights_sitenote_note":"","_monsterinsights_sitenote_category":0},"categories":[1],"tags":[],"aioseo_notices":[],"gutentor_comment":0,"rttpg_featured_image_url":{"full":["https:\/\/arantv.az\/wp-content\/uploads\/2023\/03\/Screenshot_1.jpg",620,413,false],"landscape":["https:\/\/arantv.az\/wp-content\/uploads\/2023\/03\/Screenshot_1.jpg",620,413,false],"portraits":["https:\/\/arantv.az\/wp-content\/uploads\/2023\/03\/Screenshot_1.jpg",620,413,false],"thumbnail":["https:\/\/arantv.az\/wp-content\/uploads\/2023\/03\/Screenshot_1-500x280.jpg",500,280,true],"medium":["https:\/\/arantv.az\/wp-content\/uploads\/2023\/03\/Screenshot_1-548x365.jpg",548,365,true],"large":["https:\/\/arantv.az\/wp-content\/uploads\/2023\/03\/Screenshot_1.jpg",620,413,false],"1536x1536":["https:\/\/arantv.az\/wp-content\/uploads\/2023\/03\/Screenshot_1.jpg",620,413,false],"2048x2048":["https:\/\/arantv.az\/wp-content\/uploads\/2023\/03\/Screenshot_1.jpg",620,413,false],"post-thumbnail":["https:\/\/arantv.az\/wp-content\/uploads\/2023\/03\/Screenshot_1-240x172.jpg",240,172,true],"advps-thumb-one":["https:\/\/arantv.az\/wp-content\/uploads\/2023\/03\/Screenshot_1.jpg",620,413,false]},"rttpg_author":{"display_name":"V\u00fcsal Rafiqo\u011flu","author_link":"https:\/\/arantv.az\/?author=2"},"rttpg_comment":0,"rttpg_category":"<a href=\"https:\/\/arantv.az\/?cat=1\" rel=\"category\">C\u0259miyy\u0259t<\/a>","rttpg_excerpt":"\u201cHaz\u0131rda Emal S\u0259nayesi \u00fczr\u0259 Bak\u0131 D\u00f6vl\u0259t Pe\u015f\u0259 T\u0259hsil M\u0259rk\u0259zind\u0259 t\u0259mir-b\u0259rpa i\u015fl\u0259ri gedir. D\u0259rs vaxt\u0131nda bu t\u0259mirin getm\u0259si, toz-torpaq, boya iyi, t\u0259hl\u00fck\u0259sizlik t\u0259dbirl\u0259rinin olmamas\u0131 v\u0259 s. kimi hallar orada oxuyan \u015fagirdl\u0259rin sa\u011flaml\u0131\u011f\u0131 \u00fc\u00e7\u00fcn ciddi t\u0259hl\u00fck\u0259 yarad\u0131r. Maraql\u0131d\u0131r ki, n\u0259y\u0259 g\u00f6r\u0259 bu t\u0259mir-b\u0259rpa i\u015fl\u0259ri yayda t\u0259til vaxt\u0131 deyil, d\u0259rs vaxt\u0131 apar\u0131l\u0131r?\u201d Bu \u015fikay\u0259tl\u0259 \u201cQafqazinfo\u201dya v\u0259t\u0259nda\u015f Asim \u018fliyev&hellip;","_links":{"self":[{"href":"https:\/\/arantv.az\/index.php?rest_route=\/wp\/v2\/posts\/573847"}],"collection":[{"href":"https:\/\/arantv.az\/index.php?rest_route=\/wp\/v2\/posts"}],"about":[{"href":"https:\/\/arantv.az\/index.php?rest_route=\/wp\/v2\/types\/post"}],"author":[{"embeddable":true,"href":"https:\/\/arantv.az\/index.php?rest_route=\/wp\/v2\/users\/2"}],"replies":[{"embeddable":true,"href":"https:\/\/arantv.az\/index.php?rest_route=%2Fwp%2Fv2%2Fcomments&post=573847"}],"version-history":[{"count":0,"href":"https:\/\/arantv.az\/index.php?rest_route=\/wp\/v2\/posts\/573847\/revisions"}],"wp:featuredmedia":[{"embeddable":true,"href":"https:\/\/arantv.az\/index.php?rest_route=\/wp\/v2\/media\/573851"}],"wp:attachment":[{"href":"https:\/\/arantv.az\/index.php?rest_route=%2Fwp%2Fv2%2Fmedia&parent=573847"}],"wp:term":[{"taxonomy":"category","embeddable":true,"href":"https:\/\/arantv.az\/index.php?rest_route=%2Fwp%2Fv2%2Fcategories&post=573847"},{"taxonomy":"post_tag","embeddable":true,"href":"https:\/\/arantv.az\/index.php?rest_route=%2Fwp%2Fv2%2Ftags&post=573847"}],"curies":[{"name":"wp","href":"https:\/\/api.w.org\/{rel}","templated":true}]}}